{"id":184,"date":"2022-10-26T10:05:00","date_gmt":"2022-10-26T08:05:00","guid":{"rendered":"http:\/\/juzbado.es\/nuevaweb\/2022\/10\/26\/un-nuevo-totem-gigante-para-no-perderse\/"},"modified":"2022-10-26T10:05:00","modified_gmt":"2022-10-26T08:05:00","slug":"un-nuevo-totem-gigante-para-no-perderse","status":"publish","type":"post","link":"https:\/\/juzbado.es\/nuevaweb\/2022\/10\/26\/un-nuevo-totem-gigante-para-no-perderse\/","title":{"rendered":"UN NUEVO T\u00d3TEM GIGANTE PARA NO PERDERSE"},"content":{"rendered":"<p style=\"text-align: justify;\"><span style=\"font-family: arial;\"><span style=\"font-size: medium;\"><span dir=\"auto\">Nuestros<br \/>\n m\u00e1s peque\u00f1os han pintado este verano un mont\u00f3n de carteles con<br \/>\ndirecciones a diferentes puntos de Juzbado, de nuestra comarca y del<br \/>\nplaneta. Hoy los hemos colocado en un totem para el disfrute de todos.<br \/>\n\u00a1Enhorabuena a nuestros j\u00f3venes artistas por tanta imaginaci\u00f3n!<\/span><\/span><\/span><\/p>\n<p style=\"text-align: justify;\"><span style=\"font-family: arial;\"><span style=\"font-size: medium;\"><span dir=\"auto\"><\/span><\/span><\/span><\/p>\n<table align=\"center\" cellpadding=\"0\" cellspacing=\"0\" style=\"margin-left: auto; margin-right: auto;\">\n<tbody>\n<tr>\n<td style=\"text-align: center;\"><a href=\"https:\/\/blogger.googleusercontent.com\/img\/b\/R29vZ2xl\/AVvXsEjH1fWXZ6IyVeaUp6iEbLoEu_EOr2JRY59xGS5360oGxw5dYRYxVoTm-5d-qhTWTl-TlcW7xglDL5evj6YwfywaDNSvOdrjnY2Mp5BM2Ftw4cNHpw-RbiC1K4_9NpAqDTIROo-Tz-5YwizlAnXjTjoVcxaZ6JI9ky8JmEf1wO7spG_Gm4tq_Y0-_vVz\/s2016\/totem%20gigante%20arte%20en%20verano%202022%20juzbado%20(5).jpeg\" style=\"margin-left: auto; margin-right: auto;\"><img loading=\"lazy\" decoding=\"async\" alt=\"Juzbado, t\u00f3tem gigante, arte en verano 2022\" border=\"0\" data-original-height=\"908\" data-original-width=\"2016\" height=\"288\" src=\"https:\/\/blogger.googleusercontent.com\/img\/b\/R29vZ2xl\/AVvXsEjH1fWXZ6IyVeaUp6iEbLoEu_EOr2JRY59xGS5360oGxw5dYRYxVoTm-5d-qhTWTl-TlcW7xglDL5evj6YwfywaDNSvOdrjnY2Mp5BM2Ftw4cNHpw-RbiC1K4_9NpAqDTIROo-Tz-5YwizlAnXjTjoVcxaZ6JI9ky8JmEf1wO7spG_Gm4tq_Y0-_vVz\/w640-h288\/totem%20gigante%20arte%20en%20verano%202022%20juzbado%20(5).jpeg\" title=\"Juzbado, t\u00f3tem gigante, arte en verano 2022\" width=\"640\" \/><\/a><\/td>\n<\/tr>\n<tr>\n<td style=\"text-align: center;\"><\/td>\n<\/tr>\n<\/tbody>\n<\/table>\n<p><span style=\"font-family: arial;\"><span style=\"font-size: medium;\"><span><a name='more'><\/a><\/span><span dir=\"auto\"><br \/><\/span><\/span><\/span><\/p>\n<div style=\"clear: both; text-align: center;\"><span style=\"font-size: medium;\"><a href=\"https:\/\/blogger.googleusercontent.com\/img\/b\/R29vZ2xl\/AVvXsEjIBTTKd9QyxqhBF2h_psmTBiI9Vcxfkg59lynKHB5jkq-O_3B0BHsaTgqw1kQ0dx1BlhClOxC4RCZqU-TsvMOcPsXQFymS1QW78A_UpdN4GeGOrR5zxmr88dBVKI_-N4cghann3IUU-1DkTE-yXHLF2BTtcm6TkPaTzWflZkuEaZUKwKb2AzfE5Ss1\/s1796\/totem%20gigante%20arte%20en%20verano%202022%20juzbado%20(6).jpeg\" style=\"margin-left: 1em; margin-right: 1em;\"><img loading=\"lazy\" decoding=\"async\" alt=\"Juzbado, t\u00f3tem gigante, arte en verano 2022\" border=\"0\" data-original-height=\"809\" data-original-width=\"1796\" height=\"288\" src=\"https:\/\/blogger.googleusercontent.com\/img\/b\/R29vZ2xl\/AVvXsEjIBTTKd9QyxqhBF2h_psmTBiI9Vcxfkg59lynKHB5jkq-O_3B0BHsaTgqw1kQ0dx1BlhClOxC4RCZqU-TsvMOcPsXQFymS1QW78A_UpdN4GeGOrR5zxmr88dBVKI_-N4cghann3IUU-1DkTE-yXHLF2BTtcm6TkPaTzWflZkuEaZUKwKb2AzfE5Ss1\/w640-h288\/totem%20gigante%20arte%20en%20verano%202022%20juzbado%20(6).jpeg\" title=\"Juzbado, t\u00f3tem gigante, arte en verano 2022\" width=\"640\" \/><\/a><\/span><\/div>\n<p><span style=\"font-size: medium;\"><br \/>&nbsp;<\/span><\/p>\n","protected":false},"excerpt":{"rendered":"<p>Nuestros m\u00e1s peque\u00f1os han pintado este verano un mont\u00f3n de carteles con direcciones a diferentes puntos de Juzbado, de nuestra comarca y del planeta. Hoy los hemos colocado en un totem para el disfrute de todos. \u00a1Enhorabuena a nuestros j\u00f3venes artistas por tanta imaginaci\u00f3n! &nbsp;<\/p>\n","protected":false},"author":2,"featured_media":0,"comment_status":"open","ping_status":"open","sticky":false,"template":"","format":"standard","meta":{"saved_in_kubio":false,"footnotes":""},"categories":[453,428,113,319,484],"tags":[],"class_list":["post-184","post","type-post","status-publish","format-standard","hentry","category-453","category-arte-en-verano-2022","category-juzbado","category-otono","category-totem-gigante"],"_links":{"self":[{"href":"https:\/\/juzbado.es\/nuevaweb\/wp-json\/wp\/v2\/posts\/184","targetHints":{"allow":["GET"]}}],"collection":[{"href":"https:\/\/juzbado.es\/nuevaweb\/wp-json\/wp\/v2\/posts"}],"about":[{"href":"https:\/\/juzbado.es\/nuevaweb\/wp-json\/wp\/v2\/types\/post"}],"author":[{"embeddable":true,"href":"https:\/\/juzbado.es\/nuevaweb\/wp-json\/wp\/v2\/users\/2"}],"replies":[{"embeddable":true,"href":"https:\/\/juzbado.es\/nuevaweb\/wp-json\/wp\/v2\/comments?post=184"}],"version-history":[{"count":0,"href":"https:\/\/juzbado.es\/nuevaweb\/wp-json\/wp\/v2\/posts\/184\/revisions"}],"wp:attachment":[{"href":"https:\/\/juzbado.es\/nuevaweb\/wp-json\/wp\/v2\/media?parent=184"}],"wp:term":[{"taxonomy":"category","embeddable":true,"href":"https:\/\/juzbado.es\/nuevaweb\/wp-json\/wp\/v2\/categories?post=184"},{"taxonomy":"post_tag","embeddable":true,"href":"https:\/\/juzbado.es\/nuevaweb\/wp-json\/wp\/v2\/tags?post=184"}],"curies":[{"name":"wp","href":"https:\/\/api.w.org\/{rel}","templated":true}]}}