{"id":185,"date":"2022-10-26T09:42:00","date_gmt":"2022-10-26T07:42:00","guid":{"rendered":"http:\/\/juzbado.es\/nuevaweb\/2022\/10\/26\/oficios-laneros-de-portugal-en-juzbado\/"},"modified":"2022-10-26T09:42:00","modified_gmt":"2022-10-26T07:42:00","slug":"oficios-laneros-de-portugal-en-juzbado","status":"publish","type":"post","link":"https:\/\/juzbado.es\/nuevaweb\/2022\/10\/26\/oficios-laneros-de-portugal-en-juzbado\/","title":{"rendered":"OFICIOS LANEROS DE PORTUGAL EN JUZBADO"},"content":{"rendered":"<p style=\"text-align: justify;\"><span style=\"font-family: arial;\"><span style=\"font-size: medium;\">Si hace un mes recib\u00edamos en Juzbado a <a href=\"https:\/\/juzbado.blogspot.com\/2022\/06\/juzbado-es-una-de-las-sedes-del-dia-de.html\" target=\"_blank\">Elsa Ligeiro<\/a> para<br \/>\ncompartir momentos literarios en torno a la figura de Jos\u00e9 Saramago o <span>Lu\u00eds de Cam\u00f5es<\/span>, en esta ocasi\u00f3n hemos tenido el<br \/>\nprivilegio de contar en Juzbado con la presencia de Isabel S\u00e1.<span>&nbsp; <\/span>Isabel es una experta en asuntos de<br \/>\nlana.<span>&nbsp; <\/span>Lleg\u00f3 desde Portugal pero antes de<br \/>\nvisitar Juzbado ya hab\u00eda estado compartiendo sus saberes y tesoros lan\u00edferos en<br \/>\nla <a href=\"http:\/\/bibliotecas.jcyl.es\/web\/jcyl\/BibliotecaSalamanca\/es\/Plantilla100Detalle\/1284353878191\/_\/1284225879135\/DirectorioPadre\" target=\"_blank\">Biblioteca P\u00fablica de Villamayor<\/a>.&nbsp;<\/span><\/span><\/p>\n<p style=\"text-align: justify;\"><span style=\"font-size: medium;\"><a href=\"https:\/\/blogger.googleusercontent.com\/img\/b\/R29vZ2xl\/AVvXsEh5lBsSEYT7Vq1UWMniwGYjNyYNDNwJPtzpBEp6oKJW_MExg6TaCEcGEz9CfWq9LiZ-trbDiT4JO0b9DgPum7ONhemcRlZLbjSb3oFFpHIxAEF6yms1PXX9ROoybZ-dGPnKlV1RN2GUHLISznkWWoafQvc78dkOcN0F5qBBoq0-EyRxIS3Rf-tVfqwo\/s2048\/ISABEL%20S%C3%81%20LANA%20JUZBADO%20(8).jpeg\" style=\"margin-left: 1em; margin-right: 1em;\"><img loading=\"lazy\" decoding=\"async\" border=\"0\" data-original-height=\"1149\" data-original-width=\"2048\" height=\"360\" src=\"https:\/\/blogger.googleusercontent.com\/img\/b\/R29vZ2xl\/AVvXsEh5lBsSEYT7Vq1UWMniwGYjNyYNDNwJPtzpBEp6oKJW_MExg6TaCEcGEz9CfWq9LiZ-trbDiT4JO0b9DgPum7ONhemcRlZLbjSb3oFFpHIxAEF6yms1PXX9ROoybZ-dGPnKlV1RN2GUHLISznkWWoafQvc78dkOcN0F5qBBoq0-EyRxIS3Rf-tVfqwo\/w640-h360\/ISABEL%20S%C3%81%20LANA%20JUZBADO%20(8).jpeg\" width=\"640\" \/><\/a><\/span><span style=\"font-family: arial;\"><span style=\"font-size: medium;\"> <br \/><\/span><span><\/span><\/span><\/p>\n<p><a name='more'><\/a><\/p>\n<p style=\"text-align: justify;\"><span style=\"font-family: arial;\"><span style=\"font-size: medium;\">En Juzbado nos cont\u00f3 c\u00f3mo lleg\u00f3 al amplio mundo de la lana y<br \/>\nde las m\u00faltiples razas de ovejas a partir de sus trabajos cient\u00edficos y de campo en las<br \/>\nmonta\u00f1as de Montesinho y Estrela. Como habitante de los <i>planaltos<\/i> y <i>terras<br \/>\nfr\u00edas<\/i> del norte portugu\u00e9s, conoce muy bien las ovejas, las tradiciones<br \/>\nagropastoriles y, por su puesto, sus problem\u00e1ticas.<span>&nbsp; <\/span>De ello nos habl\u00f3 mientras hilamos, cardamos,<br \/>\npeinamos, \u00ababrimos\u00bb lana\u2026<span>&nbsp; <\/span>Pero adem\u00e1s, su<br \/>\nlabor de preparaci\u00f3n de la lana para el trabajo textil o para la creaci\u00f3n de asombrosas<br \/>\npiezas de enfieltrado (y de arte) con lanas aut\u00f3ctonas, tambi\u00e9n consiste en la recolecci\u00f3n<br \/>\nde plantas silvestres, utilizadas secularmente para te\u00f1ir una materia prima<br \/>\nrenovable cada vez m\u00e1s olvidada. Son todos ellos, unos<br \/>\nconocimientos que encajan perfectamente con el \u00e1nimo de nuestro <a href=\"http:\/\/www.centrobotanicodejuzbado.es\/\" target=\"_blank\">Centro Bot\u00e1nico<\/a> y que,<br \/>\nefectivamente, se demostr\u00f3 en su visita posterior para ver los libros y l\u00e1minas<br \/>\nde las manos a Ana y Augusto.<span>&nbsp; <\/span><\/span><\/span><\/p>\n<p><span style=\"font-family: arial;\"><span style=\"font-size: medium;\"><\/p>\n<p><\/span><\/span><\/p>\n<p style=\"text-align: justify;\"><span style=\"font-family: arial;\"><span style=\"font-size: medium;\">Su paso por Juzbado, junto a su madre Teresa, no nos deja indiferentes y<br \/>\nya estamos pensando en como volver a vernos para aprender m\u00e1s sobre la<br \/>\nlana.<span>&nbsp; <\/span>Agradecemos al <a href=\"http:\/\/www.jcyl.es\/web\/jcyl\/Portada\/es\/Plantilla100Directorio\/1248366924958\/0\/1241432366835\/DirectorioPadre\" target=\"_blank\">Gabinete de Iniciativas Transfronterizas de la Junta de Castilla y Le\u00f3n<\/a> las posibilidades que nos abre con<br \/>\nestas propuestas transfronterizas y que nos conectan directamente con Portugal.<span>&nbsp;<br \/>\n<\/span>Compartimos algunas fotograf\u00edas:<\/span><\/span><\/p>\n<p><span style=\"font-family: arial;\"><span style=\"font-size: medium;\"><\/span><\/span><\/p>\n<div style=\"clear: both; text-align: center;\"><span style=\"font-size: medium;\"><a href=\"https:\/\/blogger.googleusercontent.com\/img\/b\/R29vZ2xl\/AVvXsEg-E9J_y0QsOdcbcjCCm0qZka05GF4BRQ0wUOOsq1q9JftEgp8uMmGNe5fK1HfaYG_SDI0__1KxzQRgq901lzHkPo98cRG2cXdus2LGihptbJxl-Kr5b9Ymjar9Ev0ON7L2eiBDfgJnqUzIlrBC4Ysn2WxwysH0Wkch8IolkxnDlRTrAbnSDo5p7MWm\/s2016\/ISABEL%20S%C3%81%20LANA%20JUZBADO%20(2).jpeg\" style=\"margin-left: 1em; margin-right: 1em;\"><img loading=\"lazy\" decoding=\"async\" border=\"0\" data-original-height=\"908\" data-original-width=\"2016\" height=\"288\" src=\"https:\/\/blogger.googleusercontent.com\/img\/b\/R29vZ2xl\/AVvXsEg-E9J_y0QsOdcbcjCCm0qZka05GF4BRQ0wUOOsq1q9JftEgp8uMmGNe5fK1HfaYG_SDI0__1KxzQRgq901lzHkPo98cRG2cXdus2LGihptbJxl-Kr5b9Ymjar9Ev0ON7L2eiBDfgJnqUzIlrBC4Ysn2WxwysH0Wkch8IolkxnDlRTrAbnSDo5p7MWm\/w640-h288\/ISABEL%20S%C3%81%20LANA%20JUZBADO%20(2).jpeg\" width=\"640\" \/><\/a><\/span><\/div>\n<p><span style=\"font-size: medium;\"><\/p>\n<div style=\"clear: both; text-align: center;\"><a href=\"https:\/\/blogger.googleusercontent.com\/img\/b\/R29vZ2xl\/AVvXsEioWdlPMzVnHPpSEKd0wntxZLsfrc6Ko012luzUzRnKf-HLGh_10co9PJ4IWjgiYLNd8AUlv8cutBqLbHHGUsxu50fbW9yPakHU1-5wZtYPOnwqspgtbpWtR-Su4iDiEdf3fW8HXX2seC6ZvrmCLG6BquAj_D-OlN3LcFk5--LFbKQuXFBC1QBxQhtG\/s2016\/ISABEL%20S%C3%81%20LANA%20JUZBADO%20(6).jpeg\" style=\"margin-left: 1em; margin-right: 1em;\"><img loading=\"lazy\" decoding=\"async\" border=\"0\" data-original-height=\"908\" data-original-width=\"2016\" height=\"288\" src=\"https:\/\/blogger.googleusercontent.com\/img\/b\/R29vZ2xl\/AVvXsEioWdlPMzVnHPpSEKd0wntxZLsfrc6Ko012luzUzRnKf-HLGh_10co9PJ4IWjgiYLNd8AUlv8cutBqLbHHGUsxu50fbW9yPakHU1-5wZtYPOnwqspgtbpWtR-Su4iDiEdf3fW8HXX2seC6ZvrmCLG6BquAj_D-OlN3LcFk5--LFbKQuXFBC1QBxQhtG\/w640-h288\/ISABEL%20S%C3%81%20LANA%20JUZBADO%20(6).jpeg\" width=\"640\" \/><\/a><\/div>\n<p><\/p>\n<div style=\"clear: both; text-align: center;\"><a href=\"https:\/\/blogger.googleusercontent.com\/img\/b\/R29vZ2xl\/AVvXsEikO8hTN53M3_s8ekf9l2Vnftrf1NoWXb8QSnNm2gIImoPuSgzrPzKZxHijjq26-v3SeJIWvHNRBVZgGY_P-e5yuG5xmYUu5K7T_r7JtrTdL8L627-J0W4DGkHDy15u8wUvs5aR_jh0Csvyeewp8doHCHaGhWN0xQoefTLPQVX75IjpMnF9_huXV_3H\/s2016\/ISABEL%20S%C3%81%20LANA%20JUZBADO%20(7).jpeg\" style=\"margin-left: 1em; margin-right: 1em;\"><img loading=\"lazy\" decoding=\"async\" border=\"0\" data-original-height=\"908\" data-original-width=\"2016\" height=\"288\" src=\"https:\/\/blogger.googleusercontent.com\/img\/b\/R29vZ2xl\/AVvXsEikO8hTN53M3_s8ekf9l2Vnftrf1NoWXb8QSnNm2gIImoPuSgzrPzKZxHijjq26-v3SeJIWvHNRBVZgGY_P-e5yuG5xmYUu5K7T_r7JtrTdL8L627-J0W4DGkHDy15u8wUvs5aR_jh0Csvyeewp8doHCHaGhWN0xQoefTLPQVX75IjpMnF9_huXV_3H\/w640-h288\/ISABEL%20S%C3%81%20LANA%20JUZBADO%20(7).jpeg\" width=\"640\" \/><\/a><\/div>\n<div style=\"clear: both; text-align: center;\"><a href=\"https:\/\/blogger.googleusercontent.com\/img\/b\/R29vZ2xl\/AVvXsEiTEjrwWvgmPS44v6UJCVnIlq7QyM6Sf9x9Ld81h83zDPOaksGJmuAedbygPhGsajsW1XjKyXbO9qxwsfAn2fKO5ZDTVLAgIoucvyv-O0U5DgEgGVey9G2AnGElrRuTOpjPBQPHnM_6frFXCcQDOx3oRygZwLe2J7oZYJbUctUJ-OSV8P7RjSYNMHz8\/s2016\/ISABEL%20S%C3%81%20LANA%20JUZBADO%20(9).jpeg\" style=\"margin-left: 1em; margin-right: 1em;\"><img loading=\"lazy\" decoding=\"async\" border=\"0\" data-original-height=\"908\" data-original-width=\"2016\" height=\"288\" src=\"https:\/\/blogger.googleusercontent.com\/img\/b\/R29vZ2xl\/AVvXsEiTEjrwWvgmPS44v6UJCVnIlq7QyM6Sf9x9Ld81h83zDPOaksGJmuAedbygPhGsajsW1XjKyXbO9qxwsfAn2fKO5ZDTVLAgIoucvyv-O0U5DgEgGVey9G2AnGElrRuTOpjPBQPHnM_6frFXCcQDOx3oRygZwLe2J7oZYJbUctUJ-OSV8P7RjSYNMHz8\/w640-h288\/ISABEL%20S%C3%81%20LANA%20JUZBADO%20(9).jpeg\" width=\"640\" \/><\/a><\/div>\n<p><\/p>\n<div style=\"clear: both; text-align: center;\"><a href=\"https:\/\/blogger.googleusercontent.com\/img\/b\/R29vZ2xl\/AVvXsEgjsaf3gQbrSEpPGW9qqftF9TVqwZ9sAGiO7MCZdfecrrD5yyy-Rwcl6yqhHtcbY3Qsa-Pr-LgmodqO4cWjtLBZ36RU0xV3VvKrTvWB9JiYjlGrVN3BofR2OksV_VuZ256bdIFMDNApjtdATy54839lvkjprpkn0J0yqShShXzLEfpic9W6M0z2KZFh\/s2016\/ISABEL%20S%C3%81%20LANA%20JUZBADO%20(12).jpeg\" style=\"margin-left: 1em; margin-right: 1em;\"><img loading=\"lazy\" decoding=\"async\" border=\"0\" data-original-height=\"908\" data-original-width=\"2016\" height=\"288\" src=\"https:\/\/blogger.googleusercontent.com\/img\/b\/R29vZ2xl\/AVvXsEgjsaf3gQbrSEpPGW9qqftF9TVqwZ9sAGiO7MCZdfecrrD5yyy-Rwcl6yqhHtcbY3Qsa-Pr-LgmodqO4cWjtLBZ36RU0xV3VvKrTvWB9JiYjlGrVN3BofR2OksV_VuZ256bdIFMDNApjtdATy54839lvkjprpkn0J0yqShShXzLEfpic9W6M0z2KZFh\/w640-h288\/ISABEL%20S%C3%81%20LANA%20JUZBADO%20(12).jpeg\" width=\"640\" \/><\/a><\/div>\n<p><\/p>\n<div style=\"clear: both; text-align: center;\"><a href=\"https:\/\/blogger.googleusercontent.com\/img\/b\/R29vZ2xl\/AVvXsEgVVUmgu9_sJi2wwJAjkp78iXYFVJO6Y_K-s_Q0BohMVgsyc_IuErfEDQJf8I5ZiV3rJj0qNZeAfFKQuOtZC6rRZHUdMr7_z21M_dyYoyZwE0DyNSHuUU6_PAQg85QbmfEI9TqfXtg3BSqqDkwAChkrXa5BzguqxQ03ahvUHF7Qta_EWMv59yhLovZl\/s2016\/ISABEL%20S%C3%81%20LANA%20JUZBADO%20(13).jpeg\" style=\"margin-left: 1em; margin-right: 1em;\"><img loading=\"lazy\" decoding=\"async\" border=\"0\" data-original-height=\"908\" data-original-width=\"2016\" height=\"288\" src=\"https:\/\/blogger.googleusercontent.com\/img\/b\/R29vZ2xl\/AVvXsEgVVUmgu9_sJi2wwJAjkp78iXYFVJO6Y_K-s_Q0BohMVgsyc_IuErfEDQJf8I5ZiV3rJj0qNZeAfFKQuOtZC6rRZHUdMr7_z21M_dyYoyZwE0DyNSHuUU6_PAQg85QbmfEI9TqfXtg3BSqqDkwAChkrXa5BzguqxQ03ahvUHF7Qta_EWMv59yhLovZl\/w640-h288\/ISABEL%20S%C3%81%20LANA%20JUZBADO%20(13).jpeg\" width=\"640\" \/><\/a><\/div>\n<p>&nbsp;<\/span><\/p>\n<p><span style=\"font-family: arial;\"><span style=\"font-size: medium;\">&nbsp;<\/span><\/span><\/p><\/p>\n","protected":false},"excerpt":{"rendered":"<p>Si hace un mes recib\u00edamos en Juzbado a Elsa Ligeiro para compartir momentos literarios en torno a la figura de Jos\u00e9 Saramago o Lu\u00eds de Cam\u00f5es, en esta ocasi\u00f3n hemos tenido el privilegio de contar en Juzbado con la presencia de Isabel S\u00e1.&nbsp; Isabel es una experta en asuntos de lana.&nbsp; Lleg\u00f3 desde Portugal pero [&hellip;]<\/p>\n","protected":false},"author":2,"featured_media":0,"comment_status":"open","ping_status":"open","sticky":false,"template":"","format":"standard","meta":{"saved_in_kubio":false,"footnotes":""},"categories":[453,81,485,488,487,486,104,319,84,489,315],"tags":[],"class_list":["post-185","post","type-post","status-publish","format-standard","hentry","category-453","category-centro-botanico","category-gabinete-de-iniciativas-transfronterizas","category-isabel-sa","category-lana","category-lobaria-pulmonaria","category-octubre","category-otono","category-otono-cultural","category-ovejas","category-portugal"],"_links":{"self":[{"href":"https:\/\/juzbado.es\/nuevaweb\/wp-json\/wp\/v2\/posts\/185","targetHints":{"allow":["GET"]}}],"collection":[{"href":"https:\/\/juzbado.es\/nuevaweb\/wp-json\/wp\/v2\/posts"}],"about":[{"href":"https:\/\/juzbado.es\/nuevaweb\/wp-json\/wp\/v2\/types\/post"}],"author":[{"embeddable":true,"href":"https:\/\/juzbado.es\/nuevaweb\/wp-json\/wp\/v2\/users\/2"}],"replies":[{"embeddable":true,"href":"https:\/\/juzbado.es\/nuevaweb\/wp-json\/wp\/v2\/comments?post=185"}],"version-history":[{"count":0,"href":"https:\/\/juzbado.es\/nuevaweb\/wp-json\/wp\/v2\/posts\/185\/revisions"}],"wp:attachment":[{"href":"https:\/\/juzbado.es\/nuevaweb\/wp-json\/wp\/v2\/media?parent=185"}],"wp:term":[{"taxonomy":"category","embeddable":true,"href":"https:\/\/juzbado.es\/nuevaweb\/wp-json\/wp\/v2\/categories?post=185"},{"taxonomy":"post_tag","embeddable":true,"href":"https:\/\/juzbado.es\/nuevaweb\/wp-json\/wp\/v2\/tags?post=185"}],"curies":[{"name":"wp","href":"https:\/\/api.w.org\/{rel}","templated":true}]}}