{"id":187,"date":"2022-10-05T22:25:00","date_gmt":"2022-10-05T20:25:00","guid":{"rendered":"http:\/\/juzbado.es\/nuevaweb\/2022\/10\/05\/las-plantas-en-otono-jornada-botanica\/"},"modified":"2022-10-05T22:25:00","modified_gmt":"2022-10-05T20:25:00","slug":"las-plantas-en-otono-jornada-botanica","status":"publish","type":"post","link":"https:\/\/juzbado.es\/nuevaweb\/2022\/10\/05\/las-plantas-en-otono-jornada-botanica\/","title":{"rendered":"LAS PLANTAS EN OTO\u00d1O: JORNADA BOT\u00c1NICA"},"content":{"rendered":"<p style=\"line-height: normal; text-align: justify;\"><span style=\"font-size: medium;\"><span style=\"font-family: arial;\"><span>Os<br \/>\nanunciamos la jornada bot\u00e1nica de este oto\u00f1o. Ser\u00e1 el s\u00e1bado 22 de octubre y la<br \/>\nhemos titulado \u00abPlantas de oto\u00f1o\u00bb. Visitaremos el <a href=\"http:\/\/www.centrobotanicodejuzbado.es\/\" target=\"_blank\">Centro bot\u00e1nico<\/a><br \/>\n(hay novedades) y luego pasearemos juntos para comprobar c\u00f3mo avanza la oto\u00f1ada<br \/>\neste a\u00f1o. Por la tarde nos adentraremos en las refinadas t\u00e9cnicas de alquimia<br \/>\npara elaborar un cerato y una tintura. Os esperamos.<\/span><\/span><\/span><\/p>\n<div style=\"text-align: justify;\"><span style=\"font-size: medium;\"><span style=\"font-family: arial;\"><\/p>\n<p><\/span><\/span><\/div>\n<p style=\"line-height: normal; margin-bottom: 0.0001pt; text-align: justify;\"><span style=\"font-size: medium;\"><span style=\"font-family: arial;\"><span>NOTAS: En<br \/>\nJuzbado hay un bar-Restaurante. Si dese\u00e1is comer la misma jornada en Juzbado,<br \/>\nos recomendamos llamar y reservar con antelaci\u00f3n. (<a href=\"https:\/\/www.facebook.com\/profile.php?id=100063403334429\" target=\"_blank\">Bar el Toral<\/a>: 620 019 083).<br \/>\nPara participar ser\u00e1 necesario enviar un correo electr\u00f3nico a<br \/>\ncentrobotanicojuzbado@juzbado.es antes del d\u00eda 20 de octubre indicando nombre<br \/>\napellidos, lugar de procedencia y DNI o dirigirse a la <a href=\"https:\/\/juzbado.blogspot.com\/p\/contacto_28.html\" target=\"_blank\">Oficina de Desarrollo Local<\/a> (juzbadolibroabierto@juzbado.es). La contribuci\u00f3n a las jornadas es de 10<br \/>\n\u20ac por persona (a partir de 14 a\u00f1os). La participaci\u00f3n de los vecinos<br \/>\nempadronados es gratuita.<\/span><\/span><\/span><\/p>\n<p style=\"line-height: normal; margin-bottom: 0.0001pt; text-align: justify;\"><span style=\"font-size: medium;\"><span style=\"font-family: arial;\"><span><\/span><\/span><\/span><\/p>\n<div style=\"clear: both; text-align: center;\"><a href=\"https:\/\/blogger.googleusercontent.com\/img\/b\/R29vZ2xl\/AVvXsEgv1aZV842Dv5RbAZf96ZgKU5ZTnX2YqHBuItA4NkCwtX5LQwIwUG9nQjrARkT4vrbj8r8YExg8EccMN6AssTRDnL-KTbfTSeIW1-LnGEju0C3iKkEbPbP0Ykm7Km0-iXSrv_MXY01PzOxQpGIfXh1ZfJo_J0Tutu_8AqSnD6k6VtbXaOvMwU_XtSLk\/s3508\/cartel%20jornadas%202022%20oto%C3%B1o%20instagram.jpg\" style=\"margin-left: 1em; margin-right: 1em;\"><img loading=\"lazy\" decoding=\"async\" border=\"0\" data-original-height=\"3508\" data-original-width=\"3508\" height=\"400\" src=\"https:\/\/blogger.googleusercontent.com\/img\/b\/R29vZ2xl\/AVvXsEgv1aZV842Dv5RbAZf96ZgKU5ZTnX2YqHBuItA4NkCwtX5LQwIwUG9nQjrARkT4vrbj8r8YExg8EccMN6AssTRDnL-KTbfTSeIW1-LnGEju0C3iKkEbPbP0Ykm7Km0-iXSrv_MXY01PzOxQpGIfXh1ZfJo_J0Tutu_8AqSnD6k6VtbXaOvMwU_XtSLk\/w400-h400\/cartel%20jornadas%202022%20oto%C3%B1o%20instagram.jpg\" width=\"400\" \/><\/a><\/div>\n<p>&nbsp;<\/p>\n","protected":false},"excerpt":{"rendered":"<p>Os anunciamos la jornada bot\u00e1nica de este oto\u00f1o. Ser\u00e1 el s\u00e1bado 22 de octubre y la hemos titulado \u00abPlantas de oto\u00f1o\u00bb. Visitaremos el Centro bot\u00e1nico (hay novedades) y luego pasearemos juntos para comprobar c\u00f3mo avanza la oto\u00f1ada este a\u00f1o. Por la tarde nos adentraremos en las refinadas t\u00e9cnicas de alquimia para elaborar un cerato y [&hellip;]<\/p>\n","protected":false},"author":2,"featured_media":0,"comment_status":"open","ping_status":"open","sticky":false,"template":"","format":"standard","meta":{"saved_in_kubio":false,"footnotes":""},"categories":[453,401,81,104,319,84],"tags":[],"class_list":["post-187","post","type-post","status-publish","format-standard","hentry","category-453","category-ana-gonzalez-garzo-y-augusto-krause","category-centro-botanico","category-octubre","category-otono","category-otono-cultural"],"_links":{"self":[{"href":"https:\/\/juzbado.es\/nuevaweb\/wp-json\/wp\/v2\/posts\/187","targetHints":{"allow":["GET"]}}],"collection":[{"href":"https:\/\/juzbado.es\/nuevaweb\/wp-json\/wp\/v2\/posts"}],"about":[{"href":"https:\/\/juzbado.es\/nuevaweb\/wp-json\/wp\/v2\/types\/post"}],"author":[{"embeddable":true,"href":"https:\/\/juzbado.es\/nuevaweb\/wp-json\/wp\/v2\/users\/2"}],"replies":[{"embeddable":true,"href":"https:\/\/juzbado.es\/nuevaweb\/wp-json\/wp\/v2\/comments?post=187"}],"version-history":[{"count":0,"href":"https:\/\/juzbado.es\/nuevaweb\/wp-json\/wp\/v2\/posts\/187\/revisions"}],"wp:attachment":[{"href":"https:\/\/juzbado.es\/nuevaweb\/wp-json\/wp\/v2\/media?parent=187"}],"wp:term":[{"taxonomy":"category","embeddable":true,"href":"https:\/\/juzbado.es\/nuevaweb\/wp-json\/wp\/v2\/categories?post=187"},{"taxonomy":"post_tag","embeddable":true,"href":"https:\/\/juzbado.es\/nuevaweb\/wp-json\/wp\/v2\/tags?post=187"}],"curies":[{"name":"wp","href":"https:\/\/api.w.org\/{rel}","templated":true}]}}