{"id":1888,"date":"2025-09-11T13:03:06","date_gmt":"2025-09-11T11:03:06","guid":{"rendered":"https:\/\/juzbado.es\/nuevaweb\/?p=1888"},"modified":"2025-09-11T13:06:06","modified_gmt":"2025-09-11T11:06:06","slug":"fiestas-de-los-mayores","status":"publish","type":"post","link":"https:\/\/juzbado.es\/nuevaweb\/2025\/09\/11\/fiestas-de-los-mayores\/","title":{"rendered":"FIESTAS DE LOS MAYORES"},"content":{"rendered":"\n<p>Un a\u00f1o m\u00e1s llegan las fiestas de nuestra tercera edad, que tendr\u00e1n lugar durante los d\u00edas 20 y 21 de septiembre. Os dejamos el cartel de fiestas para que os deleit\u00e9is con lo que sin duda ser\u00e1 un maravilloso fin de semana, organizado con mimo por nuestra Asociaci\u00f3n de Mayores.<\/p>\n\n\n\n<figure class=\"wp-block-image size-large\"><img loading=\"lazy\" decoding=\"async\" width=\"724\" height=\"1024\" src=\"https:\/\/juzbado.es\/nuevaweb\/wp-content\/uploads\/2025\/09\/WhatsApp-Image-2025-09-09-at-13.07.29-724x1024.jpeg\" alt=\"\" class=\"wp-image-1889\" srcset=\"https:\/\/juzbado.es\/nuevaweb\/wp-content\/uploads\/2025\/09\/WhatsApp-Image-2025-09-09-at-13.07.29-724x1024.jpeg 724w, https:\/\/juzbado.es\/nuevaweb\/wp-content\/uploads\/2025\/09\/WhatsApp-Image-2025-09-09-at-13.07.29-212x300.jpeg 212w, https:\/\/juzbado.es\/nuevaweb\/wp-content\/uploads\/2025\/09\/WhatsApp-Image-2025-09-09-at-13.07.29-768x1086.jpeg 768w, https:\/\/juzbado.es\/nuevaweb\/wp-content\/uploads\/2025\/09\/WhatsApp-Image-2025-09-09-at-13.07.29-1086x1536.jpeg 1086w, https:\/\/juzbado.es\/nuevaweb\/wp-content\/uploads\/2025\/09\/WhatsApp-Image-2025-09-09-at-13.07.29-763x1080.jpeg 763w, https:\/\/juzbado.es\/nuevaweb\/wp-content\/uploads\/2025\/09\/WhatsApp-Image-2025-09-09-at-13.07.29.jpeg 1131w\" sizes=\"(max-width: 724px) 100vw, 724px\" \/><\/figure>\n","protected":false},"excerpt":{"rendered":"<p>Un a\u00f1o m\u00e1s llegan las fiestas de nuestra tercera edad, que tendr\u00e1n lugar durante los d\u00edas 20 y 21 de septiembre. Os dejamos el cartel de fiestas para que os deleit\u00e9is con lo que sin duda ser\u00e1 un maravilloso fin de semana, organizado con mimo por nuestra Asociaci\u00f3n de Mayores.<\/p>\n","protected":false},"author":1,"featured_media":1889,"comment_status":"open","ping_status":"open","sticky":false,"template":"","format":"standard","meta":{"saved_in_kubio":true,"footnotes":""},"categories":[22],"tags":[685,696],"class_list":["post-1888","post","type-post","status-publish","format-standard","has-post-thumbnail","hentry","category-22","tag-asociacion-de-mayores","tag-fiestas"],"_links":{"self":[{"href":"https:\/\/juzbado.es\/nuevaweb\/wp-json\/wp\/v2\/posts\/1888","targetHints":{"allow":["GET"]}}],"collection":[{"href":"https:\/\/juzbado.es\/nuevaweb\/wp-json\/wp\/v2\/posts"}],"about":[{"href":"https:\/\/juzbado.es\/nuevaweb\/wp-json\/wp\/v2\/types\/post"}],"author":[{"embeddable":true,"href":"https:\/\/juzbado.es\/nuevaweb\/wp-json\/wp\/v2\/users\/1"}],"replies":[{"embeddable":true,"href":"https:\/\/juzbado.es\/nuevaweb\/wp-json\/wp\/v2\/comments?post=1888"}],"version-history":[{"count":3,"href":"https:\/\/juzbado.es\/nuevaweb\/wp-json\/wp\/v2\/posts\/1888\/revisions"}],"predecessor-version":[{"id":1892,"href":"https:\/\/juzbado.es\/nuevaweb\/wp-json\/wp\/v2\/posts\/1888\/revisions\/1892"}],"wp:featuredmedia":[{"embeddable":true,"href":"https:\/\/juzbado.es\/nuevaweb\/wp-json\/wp\/v2\/media\/1889"}],"wp:attachment":[{"href":"https:\/\/juzbado.es\/nuevaweb\/wp-json\/wp\/v2\/media?parent=1888"}],"wp:term":[{"taxonomy":"category","embeddable":true,"href":"https:\/\/juzbado.es\/nuevaweb\/wp-json\/wp\/v2\/categories?post=1888"},{"taxonomy":"post_tag","embeddable":true,"href":"https:\/\/juzbado.es\/nuevaweb\/wp-json\/wp\/v2\/tags?post=1888"}],"curies":[{"name":"wp","href":"https:\/\/api.w.org\/{rel}","templated":true}]}}