{"id":192,"date":"2022-09-25T12:03:00","date_gmt":"2022-09-25T10:03:00","guid":{"rendered":"http:\/\/juzbado.es\/nuevaweb\/2022\/09\/25\/sesion-de-compostaje-domestico-y-comunitario\/"},"modified":"2022-09-25T12:03:00","modified_gmt":"2022-09-25T10:03:00","slug":"sesion-de-compostaje-domestico-y-comunitario","status":"publish","type":"post","link":"https:\/\/juzbado.es\/nuevaweb\/2022\/09\/25\/sesion-de-compostaje-domestico-y-comunitario\/","title":{"rendered":"SESI\u00d3N DE COMPOSTAJE DOM\u00c9STICO Y COMUNITARIO"},"content":{"rendered":"<p style=\"text-align: justify;\"><span style=\"font-size: medium;\"><span style=\"font-family: arial;\"><span dir=\"auto\">Estimados<br \/>\n vecinos, el martes 27 celebraremos el segundo encuentro en torno a<br \/>\n<a href=\"https:\/\/juzbado.blogspot.com\/p\/compostaje-comunitario.html\" target=\"_blank\">nuestro programa de compostaje comunitario<\/a>.  Ser\u00e1 a las 18:00 h de la<br \/>\ntarde y podremos ver de foma pr\u00e1ctica el proceso de compostaje de los<br \/>\ncomposteros comunitarios, preguntar cuestiones y solucionar dudas.  Nos<br \/>\nos lo perd\u00e1is, tanto como si ya ten\u00e9is compostero en casa o a\u00fan no lo<br \/>\nten\u00e9is. Adem\u00e1s, para toda aquella persona interesada, a las 5 de la tarde tendremos un acto previo en los huertos comuntiarios abajo en la ribera del r\u00edo para conocer mejor c\u00f3mo tratar los residuos de huerta.&nbsp; Es una buena \u00e9poca para tratar este asunto \u00bfverdad?<br \/><\/span><\/span><\/span><\/p>\n<p style=\"text-align: justify;\"><span style=\"font-size: medium;\"><span style=\"font-family: arial;\"><span dir=\"auto\">Por cierto, tambi\u00e9n se repartir\u00e1n nuevos Kits de compostaje (compostador, aireador y gu\u00eda de compostaje) a<br \/>\naquellas personas que quer\u00e1is comenzar a compostar en Juzbado.  <span><\/span>Terminaremos la sesi\u00f3n con un piscolabis en la plaza para todos los participantes.<br \/><\/span><\/span><\/span><\/p>\n<p style=\"text-align: justify;\"><span style=\"font-size: medium;\"><span style=\"font-family: arial;\"><span dir=\"auto\"><\/span><\/span><\/span><\/p>\n<div style=\"clear: both; text-align: center;\"><span style=\"font-size: medium;\"><a href=\"https:\/\/blogger.googleusercontent.com\/img\/b\/R29vZ2xl\/AVvXsEhjxnVvqK8FSlx8qx5qEmPiZCNJIBOaxUUsLklD6zTQwbrIH24JlCyvn5WMEiSSXoRuCAvJR_iCnzmSwJ-_PTfIawyctd0eonq7KqwF3w1SF5RbLIWH3mm-QR3vvhNbL3laI49LYgPwqBJQAXld2TGIObNtbt7jhvaL6iXG2Yf4vdU29IjrVUsHGK61\/s1241\/CARTEL%20compostaje%20juzbado-v2.jpg\" style=\"margin-left: 1em; margin-right: 1em;\"><img loading=\"lazy\" decoding=\"async\" border=\"0\" data-original-height=\"1241\" data-original-width=\"866\" height=\"640\" src=\"https:\/\/blogger.googleusercontent.com\/img\/b\/R29vZ2xl\/AVvXsEhjxnVvqK8FSlx8qx5qEmPiZCNJIBOaxUUsLklD6zTQwbrIH24JlCyvn5WMEiSSXoRuCAvJR_iCnzmSwJ-_PTfIawyctd0eonq7KqwF3w1SF5RbLIWH3mm-QR3vvhNbL3laI49LYgPwqBJQAXld2TGIObNtbt7jhvaL6iXG2Yf4vdU29IjrVUsHGK61\/w446-h640\/CARTEL%20compostaje%20juzbado-v2.jpg\" width=\"446\" \/><\/a><\/span><\/div>\n<p><span style=\"font-size: medium;\"><br \/>&nbsp;<\/span><\/p>\n","protected":false},"excerpt":{"rendered":"<p>Estimados vecinos, el martes 27 celebraremos el segundo encuentro en torno a nuestro programa de compostaje comunitario. Ser\u00e1 a las 18:00 h de la tarde y podremos ver de foma pr\u00e1ctica el proceso de compostaje de los composteros comunitarios, preguntar cuestiones y solucionar dudas. Nos os lo perd\u00e1is, tanto como si ya ten\u00e9is compostero en [&hellip;]<\/p>\n","protected":false},"author":2,"featured_media":0,"comment_status":"open","ping_status":"open","sticky":false,"template":"","format":"standard","meta":{"saved_in_kubio":false,"footnotes":""},"categories":[453,353,496,351,364,113,348,108],"tags":[],"class_list":["post-192","post","type-post","status-publish","format-standard","hentry","category-453","category-compost","category-compostaje","category-compostaje-comunitario","category-huertos","category-juzbado","category-juzbado-organico","category-septiembre"],"_links":{"self":[{"href":"https:\/\/juzbado.es\/nuevaweb\/wp-json\/wp\/v2\/posts\/192","targetHints":{"allow":["GET"]}}],"collection":[{"href":"https:\/\/juzbado.es\/nuevaweb\/wp-json\/wp\/v2\/posts"}],"about":[{"href":"https:\/\/juzbado.es\/nuevaweb\/wp-json\/wp\/v2\/types\/post"}],"author":[{"embeddable":true,"href":"https:\/\/juzbado.es\/nuevaweb\/wp-json\/wp\/v2\/users\/2"}],"replies":[{"embeddable":true,"href":"https:\/\/juzbado.es\/nuevaweb\/wp-json\/wp\/v2\/comments?post=192"}],"version-history":[{"count":0,"href":"https:\/\/juzbado.es\/nuevaweb\/wp-json\/wp\/v2\/posts\/192\/revisions"}],"wp:attachment":[{"href":"https:\/\/juzbado.es\/nuevaweb\/wp-json\/wp\/v2\/media?parent=192"}],"wp:term":[{"taxonomy":"category","embeddable":true,"href":"https:\/\/juzbado.es\/nuevaweb\/wp-json\/wp\/v2\/categories?post=192"},{"taxonomy":"post_tag","embeddable":true,"href":"https:\/\/juzbado.es\/nuevaweb\/wp-json\/wp\/v2\/tags?post=192"}],"curies":[{"name":"wp","href":"https:\/\/api.w.org\/{rel}","templated":true}]}}