{"id":195,"date":"2022-09-19T17:19:00","date_gmt":"2022-09-19T15:19:00","guid":{"rendered":"http:\/\/juzbado.es\/nuevaweb\/2022\/09\/19\/nueva-seccion-de-la-agenda-urbana-en-la-web\/"},"modified":"2022-09-19T17:19:00","modified_gmt":"2022-09-19T15:19:00","slug":"nueva-seccion-de-la-agenda-urbana-en-la-web","status":"publish","type":"post","link":"https:\/\/juzbado.es\/nuevaweb\/2022\/09\/19\/nueva-seccion-de-la-agenda-urbana-en-la-web\/","title":{"rendered":"NUEVA SECCI\u00d3N DE LA AGENDA URBANA EN LA WEB"},"content":{"rendered":"<p style=\"text-align: left;\"><span style=\"font-size: small;\"><span style=\"font-family: arial;\">Os presentamos la <a href=\"https:\/\/juzbado.blogspot.com\/p\/agenda-urbana-de-juzbado.html\" target=\"_blank\">nueva secci\u00f3n<\/a> dentro de este espacio web<br \/>\nmunicipal que dedicamos a la Agenda Urbana de Juzbado.<span>&nbsp; <\/span>Como sab\u00e9is, la Agenda Urbana de Juzbado es<br \/>\nun plan de acci\u00f3n en relaci\u00f3n a c\u00f3mo queremos que sea nuestro pueblo en el<br \/>\nfuturo teniendo en cuenta los 10 objetivos estrat\u00e9gicos en los que est\u00e1<br \/>\nenmarcada la Agenda Urbana Espa\u00f1ola.<span>&nbsp;&nbsp;<\/span><\/span><\/span><\/p>\n<p style=\"text-align: left;\"><span style=\"font-size: small;\"><span style=\"font-family: arial;\"><span>&nbsp;<\/span>En<br \/>\n2021 el municipio de Juzbado fue seleccionado entre 120 municipios espa\u00f1oles<br \/>\npara desarrollar las primeras agendas urbanas de nustro pa\u00eds.<span>&nbsp; <\/span>Desde<br \/>\nhace 12 meses venimos trabajando en la elaboraci\u00f3n del plan de acci\u00f3n a partir<br \/>\nde una serie de datos e indicadores as\u00ed como del an\u00e1lisis en el que han<br \/>\nparticipado muchos agentes. Desde la Universidad de Salamanca hasta nuestros propios<br \/>\nvecinos, pasando por asociaciones o Fundaciones, todos ellos han sido agentes clave<br \/>\nen el diagn\u00f3stico, reflexi\u00f3n y pormenorizaci\u00f3n de las medidas y acciones que podemos llevar a cabo<br \/>\nconjuntamente en el futuro.<\/p>\n<p><\/span><\/span><\/p>\n<p><a href=\"https:\/\/juzbado.blogspot.com\/p\/agenda-urbana-de-juzbado.html\" target=\"_blank\"><span style=\"font-size: small;\"><span style=\"font-family: arial;\">En este nuevo espacio os mantendremos al <span>&nbsp;<\/span>d\u00eda de todo lo que acontece en torno a la agenda<br \/>\nurbana.<\/span><\/span><\/a><\/p>\n<p><span style=\"font-size: small;\"><span style=\"font-family: arial;\"><\/span><\/span><\/p>\n<table align=\"center\" cellpadding=\"0\" cellspacing=\"0\" style=\"margin-left: auto; margin-right: auto;\">\n<tbody>\n<tr>\n<td style=\"text-align: center;\"><a href=\"https:\/\/blogger.googleusercontent.com\/img\/b\/R29vZ2xl\/AVvXsEigvtDhYmd-m2d-b3G1v1Y19c_YP6JbDHF6QRcYSg6M8gkCRAyCAKa8lMplXAt8oacmMp5W3q_W-UvVfWhMtUnX--P2gpum7_1lwdtFFryVMvETRN47PFex79sTg_zSZ4UtC0wFreaTKqBLUQOh9DJ6rG-icrHOLv0uYLgf9k8HCz4hVLJ1DJ2_gx80\/s1086\/WhatsApp%20Image%202022-09-07%20at%2017.27.11.jpeg\" style=\"margin-left: auto; margin-right: auto;\"><img loading=\"lazy\" decoding=\"async\" border=\"0\" data-original-height=\"622\" data-original-width=\"1086\" height=\"366\" src=\"https:\/\/blogger.googleusercontent.com\/img\/b\/R29vZ2xl\/AVvXsEigvtDhYmd-m2d-b3G1v1Y19c_YP6JbDHF6QRcYSg6M8gkCRAyCAKa8lMplXAt8oacmMp5W3q_W-UvVfWhMtUnX--P2gpum7_1lwdtFFryVMvETRN47PFex79sTg_zSZ4UtC0wFreaTKqBLUQOh9DJ6rG-icrHOLv0uYLgf9k8HCz4hVLJ1DJ2_gx80\/w640-h366\/WhatsApp%20Image%202022-09-07%20at%2017.27.11.jpeg\" width=\"640\" \/><\/a><\/td>\n<\/tr>\n<tr>\n<td style=\"text-align: center;\">Fernando Rubio charla con la ministra de Transportes, Movilidad y Agenda Urbana, Raquel S\u00e1nchez y con el secretario general de Agenda Urbana y Vivienda, David Lucas durante la firma de los protocolos de la Agenda Urbana el pasado 7 de septiembre de 2022.<\/td>\n<td style=\"text-align: center;\"><\/td>\n<\/tr>\n<\/tbody>\n<\/table>\n<p><\/p>\n","protected":false},"excerpt":{"rendered":"<p>Os presentamos la nueva secci\u00f3n dentro de este espacio web municipal que dedicamos a la Agenda Urbana de Juzbado.&nbsp; Como sab\u00e9is, la Agenda Urbana de Juzbado es un plan de acci\u00f3n en relaci\u00f3n a c\u00f3mo queremos que sea nuestro pueblo en el futuro teniendo en cuenta los 10 objetivos estrat\u00e9gicos en los que est\u00e1 enmarcada [&hellip;]<\/p>\n","protected":false},"author":2,"featured_media":0,"comment_status":"open","ping_status":"open","sticky":false,"template":"","format":"standard","meta":{"saved_in_kubio":false,"footnotes":""},"categories":[453,504,505,117,502,506,507,108,503,197],"tags":[],"class_list":["post-195","post","type-post","status-publish","format-standard","hentry","category-453","category-agenda-urbana-aue","category-agenda-urbana-de-juzbado","category-colectivo-khora","category-fundacion-tormes","category-ministerio-de-transportes","category-movilidad-y-agenda-urbana","category-septiembre","category-stig","category-universidad-de-salamanca"],"_links":{"self":[{"href":"https:\/\/juzbado.es\/nuevaweb\/wp-json\/wp\/v2\/posts\/195","targetHints":{"allow":["GET"]}}],"collection":[{"href":"https:\/\/juzbado.es\/nuevaweb\/wp-json\/wp\/v2\/posts"}],"about":[{"href":"https:\/\/juzbado.es\/nuevaweb\/wp-json\/wp\/v2\/types\/post"}],"author":[{"embeddable":true,"href":"https:\/\/juzbado.es\/nuevaweb\/wp-json\/wp\/v2\/users\/2"}],"replies":[{"embeddable":true,"href":"https:\/\/juzbado.es\/nuevaweb\/wp-json\/wp\/v2\/comments?post=195"}],"version-history":[{"count":0,"href":"https:\/\/juzbado.es\/nuevaweb\/wp-json\/wp\/v2\/posts\/195\/revisions"}],"wp:attachment":[{"href":"https:\/\/juzbado.es\/nuevaweb\/wp-json\/wp\/v2\/media?parent=195"}],"wp:term":[{"taxonomy":"category","embeddable":true,"href":"https:\/\/juzbado.es\/nuevaweb\/wp-json\/wp\/v2\/categories?post=195"},{"taxonomy":"post_tag","embeddable":true,"href":"https:\/\/juzbado.es\/nuevaweb\/wp-json\/wp\/v2\/tags?post=195"}],"curies":[{"name":"wp","href":"https:\/\/api.w.org\/{rel}","templated":true}]}}