{"id":196,"date":"2022-09-14T12:45:00","date_gmt":"2022-09-14T10:45:00","guid":{"rendered":"http:\/\/juzbado.es\/nuevaweb\/2022\/09\/14\/fiestas-de-los-mayores-2022\/"},"modified":"2022-09-14T12:45:00","modified_gmt":"2022-09-14T10:45:00","slug":"fiestas-de-los-mayores-2022","status":"publish","type":"post","link":"https:\/\/juzbado.es\/nuevaweb\/2022\/09\/14\/fiestas-de-los-mayores-2022\/","title":{"rendered":"FIESTAS DE LOS MAYORES 2022"},"content":{"rendered":"<p style=\"line-height: normal; margin-bottom: 0.0001pt; text-align: justify;\"><span style=\"font-size: medium;\"><span style=\"font-family: arial;\">Un a\u00f1o m\u00e1s la <a href=\"https:\/\/juzbado.blogspot.com\/p\/asociaciones.html\" target=\"_blank\">Asociaci\u00f3n de Mayores<\/a> nos propone ser part\u00edcipes de sus<br \/>\nfiestas que, como sab\u00e9is, son la antesala de las Fiestas de San Miguel.<span>&nbsp; <\/span>La decana asociaci\u00f3n juzbadina de<br \/>\nmayores no solo contin\u00faa proponiendo encuentros y acciones, sino que tambi\u00e9n<br \/>\naumenta de socios.<span>&nbsp; <\/span>Seg\u00fan su presidente,<br \/>\nreelegido durante la \u00faltima asamblea de socios celebrada en tiempos recientes,<br \/>\nFaustino Iglesias, \u00abes fundamental que sigamos haciendo cosas en el pueblo y por el pueblo\u00bb. Se trata de una gesti\u00f3n de la asociaci\u00f3n que, adem\u00e1s de contar con m\u00faltiples convocatorias a lo largo del a\u00f1o, ha conseguido aumentar el n\u00famero de socios y socias.<span> <\/span>&nbsp;&nbsp; Este a\u00f1o el programa de las fiesta vuelve a ser completo y, \u00absalvo que no hay candidaturas para celebrar los 50 a\u00f1os de casados, lo dem\u00e1s se mantiene\u00bb, afirma Iglesias. La organizaci\u00f3n de las fiestas recae sobre la asociaci\u00f3n y el apoyo econ\u00f3mico y log\u00edstico del Ayuntamiento de Juzbado.<br \/><\/span><\/span><\/p>\n<p style=\"line-height: normal; margin-bottom: 0.0001pt; text-align: justify;\"><span style=\"font-size: medium;\"><span style=\"font-family: arial;\">Tras un conjunto de eventos celebrados en el pueblo de Juzbado durante<br \/>\neste verano, como por ejemplo <a href=\"https:\/\/juzbado.blogspot.com\/2022\/05\/gran-cocido-organizado-por-los-mayores.html\" target=\"_blank\">el gran cocido<\/a> o el <a href=\"https:\/\/juzbado.blogspot.com\/2022\/07\/el-primer-dia-de-los-abuelos-tras-la.html\" target=\"_blank\">D\u00eda de los abuelos<\/a>, la asociaci\u00f3n nos presenta en<br \/>\nesta ocasi\u00f3n el programa de fiestas de 2022, que sigue as\u00ed:<\/span><\/span><\/p>\n<div style=\"text-align: justify;\"><span style=\"font-size: medium;\"><span style=\"font-family: arial;\"><\/p>\n<p><\/span><\/span><\/div>\n<p style=\"line-height: normal; margin-bottom: 0.0001pt; text-align: justify;\"><span style=\"font-size: medium;\"><span style=\"font-family: arial;\"><b>DOMINGO 18: <\/b><br \/><\/span><\/span><\/p>\n<div style=\"text-align: justify;\"><span style=\"font-size: medium;\"><span style=\"font-family: arial;\"><\/p>\n<p><\/span><\/span><\/div>\n<p style=\"line-height: normal; margin-bottom: 0.0001pt; text-align: justify;\"><span style=\"font-size: medium;\"><span style=\"font-family: arial;\">13:00 h. Misa por los difuntos de la Asociaci\u00f3n de Mayores.<\/span><\/span><\/p>\n<div style=\"text-align: justify;\"><span style=\"font-size: medium;\"><span style=\"font-family: arial;\"><\/p>\n<p><\/span><\/span><\/div>\n<p style=\"line-height: normal; margin-bottom: 0.0001pt; text-align: justify;\"><b><span style=\"font-size: medium;\"><span style=\"font-family: arial;\">S\u00c1BADO 24:<\/span><\/span><\/b><\/p>\n<div style=\"text-align: justify;\"><span style=\"font-size: medium;\"><span style=\"font-family: arial;\"><\/p>\n<p><\/span><\/span><\/div>\n<p style=\"line-height: normal; margin-bottom: 0.0001pt; text-align: justify;\"><span style=\"font-size: medium;\"><span style=\"font-family: arial;\">18:00 h.<span>&nbsp; <\/span>Chocolatada con<br \/>\nbizcochos para todos los vecinos, especialmente para los ni\u00f1os.<span>&nbsp; <\/span>A continuaci\u00f3n, se celebrar\u00e1 un bingo en el<br \/>\nsal\u00f3n de Actos con regalos para todos los asistentes.<\/span><\/span><\/p>\n<div style=\"text-align: justify;\"><span style=\"font-size: medium;\"><span style=\"font-family: arial;\"><\/p>\n<p><\/span><\/span><\/div>\n<p style=\"line-height: normal; margin-bottom: 0.0001pt; text-align: justify;\"><b><span style=\"font-size: medium;\"><span style=\"font-family: arial;\">DOMINGO 25:<\/span><\/span><\/b><\/p>\n<div style=\"text-align: justify;\"><span style=\"font-size: medium;\"><span style=\"font-family: arial;\"><\/p>\n<p><\/span><\/span><\/div>\n<p style=\"line-height: normal; margin-bottom: 0.0001pt; text-align: justify;\"><span style=\"font-size: medium;\"><span style=\"font-family: arial;\">12:00 h. Floreada musical por todo el pueblo amenizada por el Charro<br \/>\nMariano D\u00edaz.<\/span><\/span><\/p>\n<div style=\"text-align: justify;\"><span style=\"font-size: medium;\"><span style=\"font-family: arial;\"><\/p>\n<p><\/span><\/span><\/div>\n<p style=\"line-height: normal; margin-bottom: 0.0001pt; text-align: justify;\"><span style=\"font-size: medium;\"><span style=\"font-family: arial;\">13:00 h. Misa solemne de los mayores en compa\u00f1\u00eda de hijos y<br \/>\nnietos.<span>&nbsp; <\/span>A continuaci\u00f3n, Vino de Honor en<br \/>\nel sal\u00f3n de actos y baile amenizado por el Charro Mariano D\u00edaz.<\/span><\/span><\/p>\n<div style=\"text-align: justify;\"><span style=\"font-size: medium;\"><span style=\"font-family: arial;\"><\/p>\n<p><\/span><\/span><\/div>\n<p style=\"line-height: normal; margin-bottom: 0.0001pt; text-align: justify;\"><span style=\"font-size: medium;\"><span style=\"font-family: arial;\">19:00 h. Sesi\u00f3n de teatro del grupo de Teatro del Centro de Mayores de<br \/>\nMar\u00eda Auxiliadora, con la obra: EL CASADO CASA QUIERE (Alfonso Paso)<\/span><\/span><\/p>\n<p style=\"line-height: normal; margin-bottom: 0cm;\">\n<div style=\"clear: both; text-align: center;\"><a href=\"https:\/\/blogger.googleusercontent.com\/img\/b\/R29vZ2xl\/AVvXsEj4K86ZC1MFwoCG2e-WMym-lJljsmkpxcD8_YxveUyu20i1rDeHrYKGLKOh_hTh7TpVnmymWZrfQUcAGj8gfin1dtj4sWFXzXKpjkPEMmPs63KZ4Wxl7dUk84Sh2gaRWcVkD9mR-iVfweuLYhDluxB31OmQBp0H8wpvZkMiG7follO3D17KFiZjcoeT\/s3508\/cartel%20fiestas%20mayores%202022.jpg\" style=\"margin-left: 1em; margin-right: 1em;\"><img loading=\"lazy\" decoding=\"async\" alt=\"Juzbado, Fiestas de los mayores 2022\" border=\"0\" data-original-height=\"3508\" data-original-width=\"2480\" height=\"640\" src=\"https:\/\/blogger.googleusercontent.com\/img\/b\/R29vZ2xl\/AVvXsEj4K86ZC1MFwoCG2e-WMym-lJljsmkpxcD8_YxveUyu20i1rDeHrYKGLKOh_hTh7TpVnmymWZrfQUcAGj8gfin1dtj4sWFXzXKpjkPEMmPs63KZ4Wxl7dUk84Sh2gaRWcVkD9mR-iVfweuLYhDluxB31OmQBp0H8wpvZkMiG7follO3D17KFiZjcoeT\/w453-h640\/cartel%20fiestas%20mayores%202022.jpg\" title=\"Juzbado, Fiestas de los mayores 2022\" width=\"453\" \/><\/a><\/div>\n<p>&nbsp;<\/p>\n<p style=\"line-height: normal; margin-bottom: 0cm;\">&nbsp;<\/p>\n","protected":false},"excerpt":{"rendered":"<p>Un a\u00f1o m\u00e1s la Asociaci\u00f3n de Mayores nos propone ser part\u00edcipes de sus fiestas que, como sab\u00e9is, son la antesala de las Fiestas de San Miguel.&nbsp; La decana asociaci\u00f3n juzbadina de mayores no solo contin\u00faa proponiendo encuentros y acciones, sino que tambi\u00e9n aumenta de socios.&nbsp; Seg\u00fan su presidente, reelegido durante la \u00faltima asamblea de socios [&hellip;]<\/p>\n","protected":false},"author":2,"featured_media":0,"comment_status":"open","ping_status":"open","sticky":false,"template":"","format":"standard","meta":{"saved_in_kubio":false,"footnotes":""},"categories":[453,511,6,158,114,109,500,510,509,508,254,323,108],"tags":[],"class_list":["post-196","post","type-post","status-publish","format-standard","hentry","category-453","category-alfonso-paso","category-asociacion-de-mayores","category-fiestas","category-fiestas-de-mayores","category-fiestas-de-san-miguel","category-fiestas-mayores","category-hogar-de-mayores","category-maria-auxiliadora","category-mariano-diez","category-mayores","category-san-miguel","category-septiembre"],"_links":{"self":[{"href":"https:\/\/juzbado.es\/nuevaweb\/wp-json\/wp\/v2\/posts\/196","targetHints":{"allow":["GET"]}}],"collection":[{"href":"https:\/\/juzbado.es\/nuevaweb\/wp-json\/wp\/v2\/posts"}],"about":[{"href":"https:\/\/juzbado.es\/nuevaweb\/wp-json\/wp\/v2\/types\/post"}],"author":[{"embeddable":true,"href":"https:\/\/juzbado.es\/nuevaweb\/wp-json\/wp\/v2\/users\/2"}],"replies":[{"embeddable":true,"href":"https:\/\/juzbado.es\/nuevaweb\/wp-json\/wp\/v2\/comments?post=196"}],"version-history":[{"count":0,"href":"https:\/\/juzbado.es\/nuevaweb\/wp-json\/wp\/v2\/posts\/196\/revisions"}],"wp:attachment":[{"href":"https:\/\/juzbado.es\/nuevaweb\/wp-json\/wp\/v2\/media?parent=196"}],"wp:term":[{"taxonomy":"category","embeddable":true,"href":"https:\/\/juzbado.es\/nuevaweb\/wp-json\/wp\/v2\/categories?post=196"},{"taxonomy":"post_tag","embeddable":true,"href":"https:\/\/juzbado.es\/nuevaweb\/wp-json\/wp\/v2\/tags?post=196"}],"curies":[{"name":"wp","href":"https:\/\/api.w.org\/{rel}","templated":true}]}}