{"id":197,"date":"2022-08-11T16:24:00","date_gmt":"2022-08-11T14:24:00","guid":{"rendered":"http:\/\/juzbado.es\/nuevaweb\/2022\/08\/11\/agosto-cultural\/"},"modified":"2022-08-11T16:24:00","modified_gmt":"2022-08-11T14:24:00","slug":"agosto-cultural","status":"publish","type":"post","link":"https:\/\/juzbado.es\/nuevaweb\/2022\/08\/11\/agosto-cultural\/","title":{"rendered":"AGOSTO CULTURAL"},"content":{"rendered":"<p><span style=\"font-size: medium;\"><span style=\"font-family: arial;\">Os presentamos la programaci\u00f3n cultural de agosto.&nbsp; Os invitamos a participar.<\/span><\/span><\/p>\n<p><span style=\"font-size: medium;\"><span style=\"font-family: arial;\"><span style=\"font-size: medium;\"><span style=\"font-family: arial;\"><a href=\"https:\/\/blogger.googleusercontent.com\/img\/b\/R29vZ2xl\/AVvXsEi9ASIQm_7blIl6SvEafFsqZamv4FCdJenqZKk5_DQfgH_cJyRNLDqK8xwvk6ENPKWh9_tQOBIDbeK1gXq0RbwnmDoyGEutWxqLxwmD6pkd98ryGyWzw1OrmQAt_izbHQ51FBsjWEScn9a09INrPNL612-uP302cUZHcM9ah1qgm3xK7gzN8dEwWvHZ\/s3508\/verano%20cartel%20agosto%202022%20instagram.jpg\" style=\"margin-left: 1em; margin-right: 1em;\"><img loading=\"lazy\" decoding=\"async\" alt=\"Juzbado, agosto cultural 2022\" border=\"0\" data-original-height=\"3508\" data-original-width=\"3508\" height=\"640\" src=\"https:\/\/blogger.googleusercontent.com\/img\/b\/R29vZ2xl\/AVvXsEi9ASIQm_7blIl6SvEafFsqZamv4FCdJenqZKk5_DQfgH_cJyRNLDqK8xwvk6ENPKWh9_tQOBIDbeK1gXq0RbwnmDoyGEutWxqLxwmD6pkd98ryGyWzw1OrmQAt_izbHQ51FBsjWEScn9a09INrPNL612-uP302cUZHcM9ah1qgm3xK7gzN8dEwWvHZ\/w640-h640\/verano%20cartel%20agosto%202022%20instagram.jpg\" title=\"Juzbado, agosto cultural 2022\" width=\"640\" \/><\/a><\/span><\/span> <br \/><\/span><\/span><\/p>\n<p><span style=\"font-size: medium;\"><span style=\"font-family: arial;\"><b>Lunes 8 de agosto:<\/b> Desayuno de trabajo en torno a Agenda Urbana. A partir de las 10:30 h. en el sal\u00f3n de actos. <br \/><\/span><\/span><\/p>\n<p><span style=\"font-size: medium;\"><span style=\"font-family: arial;\"><b>Mi\u00e9rcoles 17: RAYA. <\/b>En la plaza de la iglesia a las 22:00 h.<br \/><\/span><\/span><\/p>\n<p><span style=\"font-size: medium;\"><span style=\"font-family: arial;\"><b>S\u00e1bado 20: Cata Recital de m\u00fasica tradicional a cargo de Patricia y Ra\u00fal.<\/b>&nbsp; En la terraza de las piscinas municipalesa partir de las 20:30 h.<br \/><\/span><\/span><\/p>\n<p><span style=\"font-size: medium;\"><span style=\"font-family: arial;\"><b>Mi\u00e9rcoles 24: A todo tren.<\/b> En la plaza de la iglesia a las 22:00 h.<br \/><\/span><\/span><\/p>\n<p><span style=\"font-size: medium;\"><span style=\"font-family: arial;\"><b>S\u00e1bado 27: Jungle Cruise.<\/b>&nbsp; <\/span><\/span><span style=\"font-size: medium;\"><span style=\"font-family: arial;\">En la plaza de la iglesia a las 22:00 h.<\/span><\/span><\/p>\n<p><span style=\"font-size: medium;\"><span style=\"font-family: arial;\"><b>Arte en verano:<\/b> todos los mi\u00e9rcoles y viernes de agosto entre las 10:30 y las 12:00 h.<\/span><\/span><\/p>\n<p><span style=\"font-size: medium;\"><span style=\"font-family: arial;\"><b>Nataci\u00f3n infantil:<\/b> <\/span><\/span><span style=\"font-size: medium;\"><span style=\"font-family: arial;\"><span style=\"font-size: medium;\"><span style=\"font-family: arial;\">9,11, 23 y 25 (martes y jueves)<\/span><\/span><\/span><\/span><\/p>\n<p><span style=\"font-size: medium;\"><span style=\"font-family: arial;\"><b>Gimnasia acu\u00e1tica: <\/b><\/span><\/span><span style=\"font-size: medium;\"><span style=\"font-family: arial;\"><span style=\"font-size: medium;\"><span style=\"font-family: arial;\">10, 12, 24 y 26 de agosto (mi\u00e9rcoles y viernes) <\/span><\/span> <\/span><\/span><\/p>\n<p><span style=\"font-size: medium;\"><span style=\"font-family: arial;\"><b>Radio infantil:<\/b> lunes 8 y martes 16 de agosto a partir de las 10:30 h. en el sal\u00f3n del hogar.&nbsp;<\/span><\/span><\/p>\n<p><span style=\"font-size: medium;\"><span style=\"font-family: arial;\"><b>Biblioma\u00f1anas:<\/b> lunes 8 y 22, s\u00e1bados 27 de agosto y 3 de septiembre. En la biblioteca municipal.<\/span><\/span><span style=\"font-size: medium;\"><span style=\"font-family: arial;\"><\/span><\/span><\/p>\n<p><span style=\"font-size: medium;\"><span style=\"font-family: arial;\"><br \/>&nbsp;<\/span><\/span><\/p>\n","protected":false},"excerpt":{"rendered":"<p>Os presentamos la programaci\u00f3n cultural de agosto.&nbsp; Os invitamos a participar. Lunes 8 de agosto: Desayuno de trabajo en torno a Agenda Urbana. A partir de las 10:30 h. en el sal\u00f3n de actos. Mi\u00e9rcoles 17: RAYA. En la plaza de la iglesia a las 22:00 h. S\u00e1bado 20: Cata Recital de m\u00fasica tradicional a [&hellip;]<\/p>\n","protected":false},"author":2,"featured_media":0,"comment_status":"open","ping_status":"open","sticky":false,"template":"","format":"standard","meta":{"saved_in_kubio":false,"footnotes":""},"categories":[453,342,160,357,372,129,369],"tags":[],"class_list":["post-197","post","type-post","status-publish","format-standard","hentry","category-453","category-agosto","category-arte-en-verano","category-arte-rural","category-cultura","category-cultura-en-verano","category-verano-en-juzbado"],"_links":{"self":[{"href":"https:\/\/juzbado.es\/nuevaweb\/wp-json\/wp\/v2\/posts\/197","targetHints":{"allow":["GET"]}}],"collection":[{"href":"https:\/\/juzbado.es\/nuevaweb\/wp-json\/wp\/v2\/posts"}],"about":[{"href":"https:\/\/juzbado.es\/nuevaweb\/wp-json\/wp\/v2\/types\/post"}],"author":[{"embeddable":true,"href":"https:\/\/juzbado.es\/nuevaweb\/wp-json\/wp\/v2\/users\/2"}],"replies":[{"embeddable":true,"href":"https:\/\/juzbado.es\/nuevaweb\/wp-json\/wp\/v2\/comments?post=197"}],"version-history":[{"count":0,"href":"https:\/\/juzbado.es\/nuevaweb\/wp-json\/wp\/v2\/posts\/197\/revisions"}],"wp:attachment":[{"href":"https:\/\/juzbado.es\/nuevaweb\/wp-json\/wp\/v2\/media?parent=197"}],"wp:term":[{"taxonomy":"category","embeddable":true,"href":"https:\/\/juzbado.es\/nuevaweb\/wp-json\/wp\/v2\/categories?post=197"},{"taxonomy":"post_tag","embeddable":true,"href":"https:\/\/juzbado.es\/nuevaweb\/wp-json\/wp\/v2\/tags?post=197"}],"curies":[{"name":"wp","href":"https:\/\/api.w.org\/{rel}","templated":true}]}}