{"id":20,"date":"2024-11-29T13:29:00","date_gmt":"2024-11-29T12:29:00","guid":{"rendered":"http:\/\/juzbado.es\/nuevaweb\/2024\/11\/29\/buen-ambiente-con-el-depende-de-ti-2024\/"},"modified":"2025-01-17T13:30:38","modified_gmt":"2025-01-17T12:30:38","slug":"buen-ambiente-con-el-depende-de-ti-2024","status":"publish","type":"post","link":"https:\/\/juzbado.es\/nuevaweb\/2024\/11\/29\/buen-ambiente-con-el-depende-de-ti-2024\/","title":{"rendered":"BUEN AMBIENTE CON EL DEPENDE DE TI 2024"},"content":{"rendered":"<p style=\"text-align: justify;\"><span style=\"font-family: arial; font-size: medium;\">El programa Depende de ti finaliza tras varios meses de<br \/>\nactividades dirigidas a nuestros mayores.<span>&nbsp;<br \/>\n<\/span>El programa gratuito de promoci\u00f3n de h\u00e1bitos saludables que se<br \/>\ndesarrolla en Juzbado desde abril de 2024, ha promovido a lo largo de dos<br \/>\nsesiones semanales la implicaci\u00f3n y actividad f\u00edsica de una buena parte de los<br \/>\nvecinos veteranos. As\u00ed, se han desarrollado tanto sesiones de gimnasia y<br \/>\nentretenimiento psicomotriz como momentos para la realizaci\u00f3n de talleres de memoria,<br \/>\ninteligencia emocional o salud mental.<span>&nbsp;<br \/>\n<\/span>Todo ello ha sido posible gracias a la presencia en Juzbado de \u00c1ngela<br \/>\nGarc\u00eda Gonz\u00e1lez, t\u00e9cnico deportivo que ha coordinado las actividades con los<br \/>\nvecinos y respondiendo con creces a sus expectativas.<\/span><\/p>\n<p style=\"text-align: justify;\"><span style=\"font-family: arial; font-size: medium;\"><\/p>\n<table align=\"center\" cellpadding=\"0\" cellspacing=\"0\" style=\"margin-left: auto; margin-right: auto;\">\n<tbody>\n<tr>\n<td style=\"text-align: center;\"><a href=\"http:\/\/juzbado.es\/nuevaweb\/wp-content\/uploads\/2024\/11\/WhatsApp-20Image-202024-11-29-20at-2010.51.16.jpeg\" style=\"margin-left: auto; margin-right: auto;\"><img loading=\"lazy\" decoding=\"async\" alt=\"Juzbado, depende de ti, 2024, Asociaci\u00f3n de mayores de juzbado\" border=\"0\" data-original-height=\"924\" data-original-width=\"1643\" height=\"360\" src=\"http:\/\/juzbado.es\/nuevaweb\/wp-content\/uploads\/2024\/11\/WhatsApp-20Image-202024-11-29-20at-2010.51.16-300x169.jpeg\" title=\"Juzbado, depende de ti, 2024, Asociaci\u00f3n de mayores de juzbado\" width=\"640\" \/><\/a><\/td>\n<\/tr>\n<tr>\n<td style=\"text-align: center;\">Participantes en la pen\u00faltima sesi\u00f3n del programa Depende de ti de Juzbado 2024.<\/td>\n<\/tr>\n<\/tbody>\n<\/table>\n<p>&nbsp;<\/span><\/p>\n<p style=\"text-align: justify;\"><span style=\"font-family: arial; font-size: medium;\">Desde aqu\u00ed queremos agradecer el apoyo de la <a href=\"http:\/\/www.lasalina.es\/\" target=\"_blank\">Diputaci\u00f3n deSalamanca<\/a>, la implicaci\u00f3n directa de la <a href=\"http:\/\/juzbado.es\/nuevaweb\/p\/asociaciones.html\" target=\"_blank\">Asociaci\u00f3n de Mayores de Juzbado<\/a> y, por<br \/>\nsu puesto, a los vecinos de Juzbado que semana tras semana han participado en<br \/>\neste programa.<\/span><\/p>\n","protected":false},"excerpt":{"rendered":"<p>El programa Depende de ti finaliza tras varios meses de actividades dirigidas a nuestros mayores.&nbsp; El programa gratuito de promoci\u00f3n de h\u00e1bitos saludables que se desarrolla en Juzbado desde abril de 2024, ha promovido a lo largo de dos sesiones semanales la implicaci\u00f3n y actividad f\u00edsica de una buena parte de los vecinos veteranos. As\u00ed, [&hellip;]<\/p>\n","protected":false},"author":2,"featured_media":871,"comment_status":"open","ping_status":"open","sticky":false,"template":"","format":"standard","meta":{"saved_in_kubio":false,"footnotes":""},"categories":[43,58,6,59,55,56,52,53,16,54,57],"tags":[],"class_list":["post-20","post","type-post","status-publish","format-standard","has-post-thumbnail","hentry","category-43","category-angela-garcia-gonzalez","category-asociacion-de-mayores","category-depende-de-ti","category-diputacion-de-salamanca","category-enriqueta-recio","category-filo-recio","category-isabel-hernandez","category-jesus-gonzalez-bautista","category-maruja-recio","category-pilar-recio"],"_links":{"self":[{"href":"https:\/\/juzbado.es\/nuevaweb\/wp-json\/wp\/v2\/posts\/20","targetHints":{"allow":["GET"]}}],"collection":[{"href":"https:\/\/juzbado.es\/nuevaweb\/wp-json\/wp\/v2\/posts"}],"about":[{"href":"https:\/\/juzbado.es\/nuevaweb\/wp-json\/wp\/v2\/types\/post"}],"author":[{"embeddable":true,"href":"https:\/\/juzbado.es\/nuevaweb\/wp-json\/wp\/v2\/users\/2"}],"replies":[{"embeddable":true,"href":"https:\/\/juzbado.es\/nuevaweb\/wp-json\/wp\/v2\/comments?post=20"}],"version-history":[{"count":3,"href":"https:\/\/juzbado.es\/nuevaweb\/wp-json\/wp\/v2\/posts\/20\/revisions"}],"predecessor-version":[{"id":948,"href":"https:\/\/juzbado.es\/nuevaweb\/wp-json\/wp\/v2\/posts\/20\/revisions\/948"}],"wp:featuredmedia":[{"embeddable":true,"href":"https:\/\/juzbado.es\/nuevaweb\/wp-json\/wp\/v2\/media\/871"}],"wp:attachment":[{"href":"https:\/\/juzbado.es\/nuevaweb\/wp-json\/wp\/v2\/media?parent=20"}],"wp:term":[{"taxonomy":"category","embeddable":true,"href":"https:\/\/juzbado.es\/nuevaweb\/wp-json\/wp\/v2\/categories?post=20"},{"taxonomy":"post_tag","embeddable":true,"href":"https:\/\/juzbado.es\/nuevaweb\/wp-json\/wp\/v2\/tags?post=20"}],"curies":[{"name":"wp","href":"https:\/\/api.w.org\/{rel}","templated":true}]}}