{"id":200,"date":"2022-08-07T16:38:00","date_gmt":"2022-08-07T14:38:00","guid":{"rendered":"http:\/\/juzbado.es\/nuevaweb\/2022\/08\/07\/nuestros-mayores-visitan-valverdon\/"},"modified":"2022-08-07T16:38:00","modified_gmt":"2022-08-07T14:38:00","slug":"nuestros-mayores-visitan-valverdon","status":"publish","type":"post","link":"https:\/\/juzbado.es\/nuevaweb\/2022\/08\/07\/nuestros-mayores-visitan-valverdon\/","title":{"rendered":"NUESTROS MAYORES VISITAN VALVERD\u00d3N"},"content":{"rendered":"<p style=\"text-align: justify;\"><span style=\"font-size: medium;\"><span style=\"font-family: arial;\"><span dir=\"auto\">Nuestros<br \/>\n mayores se reunen en la vecina localidad de Valverd\u00f3n para celebrar un a\u00f1o m\u00e1s el verano  y la juventud (tambi\u00e9n va por dentro) junto a otros<br \/>\nvecinos de la comarca. Y aqu\u00ed tenemos algunas fotos:<\/span><\/span><\/span><\/p>\n<p style=\"text-align: justify;\"><span style=\"font-size: medium;\"><span style=\"font-family: arial;\"><span dir=\"auto\"><\/p>\n<table align=\"center\" cellpadding=\"0\" cellspacing=\"0\" style=\"margin-left: auto; margin-right: auto;\">\n<tbody>\n<tr>\n<td style=\"text-align: center;\"><img loading=\"lazy\" decoding=\"async\" alt=\"Juzbado, mayores, verano 2022\" border=\"0\" data-original-height=\"1600\" data-original-width=\"1196\" height=\"640\" src=\"https:\/\/blogger.googleusercontent.com\/img\/b\/R29vZ2xl\/AVvXsEi830sFBNck5rQosZH6N-yml53xCEaXo0xixvHqxVriExvvqDoLYnzP44-A2C5bwUtUIFlUh2szAZ74B8BXIrk8vSt4d-lHJm3jreRS0VmdedTY1vz-6KOIyEVLQNhnqqqjEtnkyiAb15J83aQkAXkzgcdL3FbeydHh1ZZw7eaSAayto2s42jd2ITV3\/w478-h640\/WhatsApp%20Image%202022-08-05%20at%203.58.03%20PM(1).jpeg\" style=\"margin-left: auto; margin-right: auto;\" title=\"Juzbado, mayores, verano 2022\" width=\"478\" \/><\/td>\n<\/tr>\n<tr>\n<td style=\"text-align: center;\"><span style=\"font-size: medium;\"><span style=\"font-family: arial;\"><span dir=\"auto\"> (foto cortes\u00eda de<br \/>\nA.F.)<\/span><\/span><\/span><\/td>\n<\/tr>\n<\/tbody>\n<\/table>\n<p><\/span><\/span><\/span><\/p>\n<div style=\"clear: both; text-align: center;\"><span style=\"font-size: medium;\"><a href=\"https:\/\/blogger.googleusercontent.com\/img\/b\/R29vZ2xl\/AVvXsEi830sFBNck5rQosZH6N-yml53xCEaXo0xixvHqxVriExvvqDoLYnzP44-A2C5bwUtUIFlUh2szAZ74B8BXIrk8vSt4d-lHJm3jreRS0VmdedTY1vz-6KOIyEVLQNhnqqqjEtnkyiAb15J83aQkAXkzgcdL3FbeydHh1ZZw7eaSAayto2s42jd2ITV3\/s1600\/WhatsApp%20Image%202022-08-05%20at%203.58.03%20PM(1).jpeg\" style=\"margin-left: 1em; margin-right: 1em;\">&nbsp;<\/a><\/span><\/div>\n<div style=\"clear: both; text-align: center;\"><span style=\"font-size: medium;\"><span><a name='more'><\/a><\/span>&nbsp;<\/span><\/div>\n<p><span style=\"font-size: medium;\"><\/p>\n<table align=\"center\" cellpadding=\"0\" cellspacing=\"0\" style=\"margin-left: auto; margin-right: auto;\">\n<tbody>\n<tr>\n<td style=\"text-align: center;\"><a href=\"https:\/\/blogger.googleusercontent.com\/img\/b\/R29vZ2xl\/AVvXsEiCKX2sjnDclCRsk7Ycz7fBqajTi68XtPMpGMAFtMhgRglNApuiDwDqPVAmT2nXQL-8G4DGqHiOdBxmIbM3v8CB5IhrGPz_hyeP8CX3lWiwm5WvRUuZ3j8O_Y68ZHcgROWRrAe8CbnbDRGA7dN9YTTl9P3RTnCGaq-9vXOXPuzmuULrDN57-XXOPOKH\/s2000\/WhatsApp%20Image%202022-08-05%20at%203.58.03%20PM.jpeg\" style=\"margin-left: auto; margin-right: auto;\"><img loading=\"lazy\" decoding=\"async\" alt=\"Juzbado, mayores, verano 2022\" border=\"0\" data-original-height=\"2000\" data-original-width=\"1496\" height=\"640\" src=\"https:\/\/blogger.googleusercontent.com\/img\/b\/R29vZ2xl\/AVvXsEiCKX2sjnDclCRsk7Ycz7fBqajTi68XtPMpGMAFtMhgRglNApuiDwDqPVAmT2nXQL-8G4DGqHiOdBxmIbM3v8CB5IhrGPz_hyeP8CX3lWiwm5WvRUuZ3j8O_Y68ZHcgROWRrAe8CbnbDRGA7dN9YTTl9P3RTnCGaq-9vXOXPuzmuULrDN57-XXOPOKH\/w478-h640\/WhatsApp%20Image%202022-08-05%20at%203.58.03%20PM.jpeg\" title=\"Juzbado, mayores, verano 2022\" width=\"478\" \/><\/a><\/td>\n<\/tr>\n<tr>\n<td style=\"text-align: center;\"><span style=\"font-size: medium;\"><span style=\"font-family: arial;\"><span dir=\"auto\"> (foto cortes\u00eda de<br \/>\nA.F.)<\/span><\/span><\/span><\/td>\n<\/tr>\n<\/tbody>\n<\/table>\n<p><\/p>\n<table align=\"center\" cellpadding=\"0\" cellspacing=\"0\" style=\"margin-left: auto; margin-right: auto;\">\n<tbody>\n<tr>\n<td style=\"text-align: center;\"><a href=\"https:\/\/blogger.googleusercontent.com\/img\/b\/R29vZ2xl\/AVvXsEhFvaWT_DnVBVTOHlLZZ5eQZuaE77DY5k5D7MBfhs0W19WT655oOypm_tL0ShBcgVwpO3_ZgCkQgMUAqLyCIJ06iJRTN0Sh9-Um__dq27mJ-PIt3NLOoVvkyI9il1jD3ic08dA6rZ6e4ipXf48xyRfLd6Yl2urqeM8H05EFPfeZz-QgeyF0cmu0Y0cS\/s1600\/WhatsApp%20Image%202022-08-05%20at%203.58.04%20PM.jpeg\" style=\"margin-left: auto; margin-right: auto;\"><img loading=\"lazy\" decoding=\"async\" alt=\"Juzbado, mayores, verano 2022\" border=\"0\" data-original-height=\"1600\" data-original-width=\"1196\" height=\"640\" src=\"https:\/\/blogger.googleusercontent.com\/img\/b\/R29vZ2xl\/AVvXsEhFvaWT_DnVBVTOHlLZZ5eQZuaE77DY5k5D7MBfhs0W19WT655oOypm_tL0ShBcgVwpO3_ZgCkQgMUAqLyCIJ06iJRTN0Sh9-Um__dq27mJ-PIt3NLOoVvkyI9il1jD3ic08dA6rZ6e4ipXf48xyRfLd6Yl2urqeM8H05EFPfeZz-QgeyF0cmu0Y0cS\/w478-h640\/WhatsApp%20Image%202022-08-05%20at%203.58.04%20PM.jpeg\" title=\"Juzbado, mayores, verano 2022\" width=\"478\" \/><\/a><\/td>\n<\/tr>\n<tr>\n<td style=\"text-align: center;\"><span style=\"font-size: medium;\"><span style=\"font-family: arial;\"><span dir=\"auto\"> (foto cortes\u00eda de<br \/>\nA.F.)<\/span><\/span><\/span><\/td>\n<\/tr>\n<\/tbody>\n<\/table>\n<p><\/p>\n<table align=\"center\" cellpadding=\"0\" cellspacing=\"0\" style=\"margin-left: auto; margin-right: auto;\">\n<tbody>\n<tr>\n<td style=\"text-align: center;\"><a href=\"https:\/\/blogger.googleusercontent.com\/img\/b\/R29vZ2xl\/AVvXsEiMU6Ats1JSEKK9NoJ5L_TMpISFkJdNaTTckwL0ASCjegXIdPXdSapKIOpWtQAG5dQtF3C6lkYyRl24wE3lmMmF299jnz54kjFY2f-wQ-o9z98NoAN7IIHcPGdf-3VIe4AOuQZ5FKGsLDPJv0VatiguRJL_58vG3-K9xJTGqHVC6ZYR_QIHx0R8q6RE\/s1600\/WhatsApp%20Image%202022-08-05%20at%203.58.06%20PM.jpeg\" style=\"margin-left: auto; margin-right: auto;\"><img loading=\"lazy\" decoding=\"async\" alt=\"Juzbado, mayores, verano 2022\" border=\"0\" data-original-height=\"1600\" data-original-width=\"1196\" height=\"640\" src=\"https:\/\/blogger.googleusercontent.com\/img\/b\/R29vZ2xl\/AVvXsEiMU6Ats1JSEKK9NoJ5L_TMpISFkJdNaTTckwL0ASCjegXIdPXdSapKIOpWtQAG5dQtF3C6lkYyRl24wE3lmMmF299jnz54kjFY2f-wQ-o9z98NoAN7IIHcPGdf-3VIe4AOuQZ5FKGsLDPJv0VatiguRJL_58vG3-K9xJTGqHVC6ZYR_QIHx0R8q6RE\/w478-h640\/WhatsApp%20Image%202022-08-05%20at%203.58.06%20PM.jpeg\" title=\"Juzbado, mayores, verano 2022\" width=\"478\" \/><\/a><\/td>\n<\/tr>\n<tr>\n<td style=\"text-align: center;\"><span style=\"font-size: medium;\"><span style=\"font-family: arial;\"><span dir=\"auto\"> (foto cortes\u00eda de<br \/>\nA.F.)<\/span><\/span><\/span><\/td>\n<\/tr>\n<\/tbody>\n<\/table>\n<p>&nbsp;<\/span><\/p>\n","protected":false},"excerpt":{"rendered":"<p>Nuestros mayores se reunen en la vecina localidad de Valverd\u00f3n para celebrar un a\u00f1o m\u00e1s el verano y la juventud (tambi\u00e9n va por dentro) junto a otros vecinos de la comarca. Y aqu\u00ed tenemos algunas fotos: (foto cortes\u00eda de A.F.) &nbsp; &nbsp; (foto cortes\u00eda de A.F.) (foto cortes\u00eda de A.F.) (foto cortes\u00eda de A.F.) &nbsp;<\/p>\n","protected":false},"author":2,"featured_media":0,"comment_status":"open","ping_status":"open","sticky":false,"template":"","format":"standard","meta":{"saved_in_kubio":false,"footnotes":""},"categories":[453,342,514,6,344,369],"tags":[],"class_list":["post-200","post","type-post","status-publish","format-standard","hentry","category-453","category-agosto","category-andres-fagundez","category-asociacion-de-mayores","category-valverdon","category-verano-en-juzbado"],"_links":{"self":[{"href":"https:\/\/juzbado.es\/nuevaweb\/wp-json\/wp\/v2\/posts\/200","targetHints":{"allow":["GET"]}}],"collection":[{"href":"https:\/\/juzbado.es\/nuevaweb\/wp-json\/wp\/v2\/posts"}],"about":[{"href":"https:\/\/juzbado.es\/nuevaweb\/wp-json\/wp\/v2\/types\/post"}],"author":[{"embeddable":true,"href":"https:\/\/juzbado.es\/nuevaweb\/wp-json\/wp\/v2\/users\/2"}],"replies":[{"embeddable":true,"href":"https:\/\/juzbado.es\/nuevaweb\/wp-json\/wp\/v2\/comments?post=200"}],"version-history":[{"count":0,"href":"https:\/\/juzbado.es\/nuevaweb\/wp-json\/wp\/v2\/posts\/200\/revisions"}],"wp:attachment":[{"href":"https:\/\/juzbado.es\/nuevaweb\/wp-json\/wp\/v2\/media?parent=200"}],"wp:term":[{"taxonomy":"category","embeddable":true,"href":"https:\/\/juzbado.es\/nuevaweb\/wp-json\/wp\/v2\/categories?post=200"},{"taxonomy":"post_tag","embeddable":true,"href":"https:\/\/juzbado.es\/nuevaweb\/wp-json\/wp\/v2\/tags?post=200"}],"curies":[{"name":"wp","href":"https:\/\/api.w.org\/{rel}","templated":true}]}}