{"id":204,"date":"2022-07-19T09:27:00","date_gmt":"2022-07-19T07:27:00","guid":{"rendered":"http:\/\/juzbado.es\/nuevaweb\/2022\/07\/19\/la-asociacion-de-mujeres-recorre-el-tormes\/"},"modified":"2022-07-19T09:27:00","modified_gmt":"2022-07-19T07:27:00","slug":"la-asociacion-de-mujeres-recorre-el-tormes","status":"publish","type":"post","link":"https:\/\/juzbado.es\/nuevaweb\/2022\/07\/19\/la-asociacion-de-mujeres-recorre-el-tormes\/","title":{"rendered":"LA ASOCIACI\u00d3N DE MUJERES RECORRE EL TORMES"},"content":{"rendered":"<p style=\"text-align: justify;\"><span style=\"font-family: arial;\">El s\u00e1bado 16 de julio un nutrido grupo de juzbadinas recorri\u00f3 a pie el <a href=\"https:\/\/juzbado.blogspot.com\/2018\/11\/una-ventana-abierta-al-tormes.html\" target=\"_blank\">Camino Viejo de los Ba\u00f1os<\/a>.&nbsp; La marcha por este camino hist\u00f3rico que une nuestro pueblo con el vecino <a href=\"https:\/\/balnearioledesma.com\/\" target=\"_blank\">Balneario de Los Ba\u00f1os de Ledesma<\/a>, se realiz\u00f3 a primer\u00edsima hora de la ma\u00f1ana para evitar los calores de estos d\u00edas.&nbsp; A medio camino Tino y Tito montaron un avituallamiento con sand\u00edas y melones para refrescar a todas las participantes.&nbsp; Tenemos algunas im\u00e1genes:<\/span><\/p>\n<table align=\"center\" cellpadding=\"0\" cellspacing=\"0\" style=\"margin-left: auto; margin-right: auto;\">\n<tbody>\n<tr>\n<td style=\"text-align: center;\"><a href=\"https:\/\/blogger.googleusercontent.com\/img\/b\/R29vZ2xl\/AVvXsEjZTyzRzPktS1kx_nasxHxXWsywECgfFdaMIT7fY2Sk70ul6lthN_8WqbEc08PIX13TgsP3mOX9IULjjYMpq4m3ZhX8X1TrJkNBvFs4feQTzJs5t3zvQG65NUYMTWCwOigE6oepJmGKcK-YELK6aSZVG7aNOwYiZsO9oe-jsEC6xW1CWhqNYk4pHRTo\/s1600\/WhatsApp%20Image%202022-07-16%20at%209.24.51%20AM.jpeg\" style=\"margin-left: auto; margin-right: auto;\"><img loading=\"lazy\" decoding=\"async\" alt=\"Juzbado, Camino Veijo de los Ba\u00f1os, julio 2022, Asociaci\u00f3n de mujeres\" border=\"0\" data-original-height=\"899\" data-original-width=\"1600\" height=\"360\" src=\"https:\/\/blogger.googleusercontent.com\/img\/b\/R29vZ2xl\/AVvXsEjZTyzRzPktS1kx_nasxHxXWsywECgfFdaMIT7fY2Sk70ul6lthN_8WqbEc08PIX13TgsP3mOX9IULjjYMpq4m3ZhX8X1TrJkNBvFs4feQTzJs5t3zvQG65NUYMTWCwOigE6oepJmGKcK-YELK6aSZVG7aNOwYiZsO9oe-jsEC6xW1CWhqNYk4pHRTo\/w640-h360\/WhatsApp%20Image%202022-07-16%20at%209.24.51%20AM.jpeg\" title=\"Juzbado, Camino Veijo de los Ba\u00f1os, julio 2022, Asociaci\u00f3n de mujeres\" width=\"640\" \/><\/a><\/td>\n<\/tr>\n<tr>\n<td style=\"text-align: center;\">Grupo senderista posando en la pe\u00f1a Zorrera con el Tormes detr\u00e1s. (Foto: M.C.P.P.)<\/td>\n<\/tr>\n<\/tbody>\n<\/table>\n<p style=\"text-align: justify;\"><span style=\"font-family: arial;\"><span style=\"font-family: arial;\"><\/span> <br \/><span><\/span><\/span><\/p>\n<p><a name='more'><\/a><\/p>\n<table align=\"center\" cellpadding=\"0\" cellspacing=\"0\" style=\"margin-left: auto; margin-right: auto;\">\n<tbody>\n<tr>\n<td style=\"text-align: center;\"><a href=\"https:\/\/blogger.googleusercontent.com\/img\/b\/R29vZ2xl\/AVvXsEgzigcbJhcvCpQoB7E_9AEHWGVu3F2xaVVaOalVQz9E1jjRJZ9wpa9qoVg2HWD2SO_gNPT6_3eWEch-NukHPcCi73TY7i2dI6_wWmTHCwAKUFwcZflQbQOApaUpv5hnuwHHy6xbRD5TxE-Kx5niCPoUCottGf7VXJe3cLK44BmrL3KUB9tQ2b9ap90r\/s1600\/WhatsApp%20Image%202022-07-16%20at%209.48.55%20AM(1).jpeg\" style=\"margin-left: auto; margin-right: auto;\"><img loading=\"lazy\" decoding=\"async\" alt=\"Juzbado, Camino Veijo de los Ba\u00f1os, julio 2022, Asociaci\u00f3n de mujeres\" border=\"0\" data-original-height=\"899\" data-original-width=\"1600\" height=\"360\" src=\"https:\/\/blogger.googleusercontent.com\/img\/b\/R29vZ2xl\/AVvXsEgzigcbJhcvCpQoB7E_9AEHWGVu3F2xaVVaOalVQz9E1jjRJZ9wpa9qoVg2HWD2SO_gNPT6_3eWEch-NukHPcCi73TY7i2dI6_wWmTHCwAKUFwcZflQbQOApaUpv5hnuwHHy6xbRD5TxE-Kx5niCPoUCottGf7VXJe3cLK44BmrL3KUB9tQ2b9ap90r\/w640-h360\/WhatsApp%20Image%202022-07-16%20at%209.48.55%20AM(1).jpeg\" title=\"Juzbado, Camino Veijo de los Ba\u00f1os, julio 2022, Asociaci\u00f3n de mujeres\" width=\"640\" \/><\/a><\/td>\n<\/tr>\n<tr>\n<td style=\"text-align: center;\">Avituallamiento organizado por Tino y Tito. (Foto: M.C.P.P.)<\/td>\n<\/tr>\n<\/tbody>\n<\/table>\n<p><\/p>\n<table align=\"center\" cellpadding=\"0\" cellspacing=\"0\" style=\"margin-left: auto; margin-right: auto;\">\n<tbody>\n<tr>\n<td style=\"text-align: center;\"><a href=\"https:\/\/blogger.googleusercontent.com\/img\/b\/R29vZ2xl\/AVvXsEhftb1SlMHCS7LiWDZ70eixudSbDuQeWq749uA05JgbJ6r2rS5vMelYUVxobO2z_2Zp1a_0-lhCDzFBIyHQLlv41I4I8E2JuGRGzfnu16hysdd8GMVd8sdXumt9Zolma-58tizeYlfzq1SyG22jqlCbm4u6N316t4_eerGYhQ--SsKeX9e0UyR35-1j\/s1600\/WhatsApp%20Image%202022-07-16%20at%209.48.54%20AM.jpeg\" style=\"margin-left: auto; margin-right: auto;\"><img loading=\"lazy\" decoding=\"async\" alt=\"Juzbado, Camino Veijo de los Ba\u00f1os, julio 2022, Asociaci\u00f3n de mujeres\" border=\"0\" data-original-height=\"899\" data-original-width=\"1600\" height=\"360\" src=\"https:\/\/blogger.googleusercontent.com\/img\/b\/R29vZ2xl\/AVvXsEhftb1SlMHCS7LiWDZ70eixudSbDuQeWq749uA05JgbJ6r2rS5vMelYUVxobO2z_2Zp1a_0-lhCDzFBIyHQLlv41I4I8E2JuGRGzfnu16hysdd8GMVd8sdXumt9Zolma-58tizeYlfzq1SyG22jqlCbm4u6N316t4_eerGYhQ--SsKeX9e0UyR35-1j\/w640-h360\/WhatsApp%20Image%202022-07-16%20at%209.48.54%20AM.jpeg\" title=\"Juzbado, Camino Veijo de los Ba\u00f1os, julio 2022, Asociaci\u00f3n de mujeres\" width=\"640\" \/><\/a><\/td>\n<\/tr>\n<tr>\n<td style=\"text-align: center;\">Sandias y melones hicieron las delicias de las participantes en la marcha.  (Foto: M.C.P.P.)<\/td>\n<\/tr>\n<\/tbody>\n<\/table>\n<p><\/p>\n","protected":false},"excerpt":{"rendered":"<p>El s\u00e1bado 16 de julio un nutrido grupo de juzbadinas recorri\u00f3 a pie el Camino Viejo de los Ba\u00f1os.&nbsp; La marcha por este camino hist\u00f3rico que une nuestro pueblo con el vecino Balneario de Los Ba\u00f1os de Ledesma, se realiz\u00f3 a primer\u00edsima hora de la ma\u00f1ana para evitar los calores de estos d\u00edas.&nbsp; A medio [&hellip;]<\/p>\n","protected":false},"author":2,"featured_media":0,"comment_status":"open","ping_status":"open","sticky":false,"template":"","format":"standard","meta":{"saved_in_kubio":false,"footnotes":""},"categories":[453,42,131,390,144,369],"tags":[],"class_list":["post-204","post","type-post","status-publish","format-standard","hentry","category-453","category-asociacion-de-mujeres","category-balneario-banos-de-ledesma","category-camino-viejo-de-los-banos","category-julio","category-verano-en-juzbado"],"_links":{"self":[{"href":"https:\/\/juzbado.es\/nuevaweb\/wp-json\/wp\/v2\/posts\/204","targetHints":{"allow":["GET"]}}],"collection":[{"href":"https:\/\/juzbado.es\/nuevaweb\/wp-json\/wp\/v2\/posts"}],"about":[{"href":"https:\/\/juzbado.es\/nuevaweb\/wp-json\/wp\/v2\/types\/post"}],"author":[{"embeddable":true,"href":"https:\/\/juzbado.es\/nuevaweb\/wp-json\/wp\/v2\/users\/2"}],"replies":[{"embeddable":true,"href":"https:\/\/juzbado.es\/nuevaweb\/wp-json\/wp\/v2\/comments?post=204"}],"version-history":[{"count":0,"href":"https:\/\/juzbado.es\/nuevaweb\/wp-json\/wp\/v2\/posts\/204\/revisions"}],"wp:attachment":[{"href":"https:\/\/juzbado.es\/nuevaweb\/wp-json\/wp\/v2\/media?parent=204"}],"wp:term":[{"taxonomy":"category","embeddable":true,"href":"https:\/\/juzbado.es\/nuevaweb\/wp-json\/wp\/v2\/categories?post=204"},{"taxonomy":"post_tag","embeddable":true,"href":"https:\/\/juzbado.es\/nuevaweb\/wp-json\/wp\/v2\/tags?post=204"}],"curies":[{"name":"wp","href":"https:\/\/api.w.org\/{rel}","templated":true}]}}