{"id":207,"date":"2022-07-11T13:28:00","date_gmt":"2022-07-11T11:28:00","guid":{"rendered":"http:\/\/juzbado.es\/nuevaweb\/2022\/07\/11\/programacion-radiofonica-especial-desde-las-piscinas\/"},"modified":"2022-07-11T13:28:00","modified_gmt":"2022-07-11T11:28:00","slug":"programacion-radiofonica-especial-desde-las-piscinas","status":"publish","type":"post","link":"https:\/\/juzbado.es\/nuevaweb\/2022\/07\/11\/programacion-radiofonica-especial-desde-las-piscinas\/","title":{"rendered":"PROGRAMACI\u00d3N RADIOF\u00d3NICA ESPECIAL DESDE LAS PISCINAS"},"content":{"rendered":"<p style=\"text-align: justify;\"><span style=\"font-size: medium;\"><span style=\"font-family: arial;\">Como viene siendo ya habitual queremos invitaros una vez m\u00e1s a participar en el programa especial de radio que grabamos todos los a\u00f1os en las piscinas. Tras la cancelaci\u00f3n del pasado jueves 14 de julio por el entierro de nuestro querido vecino Isidoro Medina, estamos pendientes de recoloar la convocatoria.&nbsp; Ser\u00e1, en cualqueir caso, a las 17:30 h. de la tarde en el Bar-Restaurante de David y Karen.&nbsp; No os lo perd\u00e1is. (que luego da mucho gusto escucharos)<\/span><\/span><\/p>\n<\/p>\n<div style=\"clear: both; text-align: center;\"><a href=\"https:\/\/blogger.googleusercontent.com\/img\/b\/R29vZ2xl\/AVvXsEhLjFJlBoDC-Fq-cvW46Rwh1rHAdix-3Yc_By6zEiuihJJhTSaj-hBiX8BzTvcQ9R8rGzwvxLQJqzPLlMXQ5NMUn3gZDnpWGCz6Dc73TvA6kxS_8VBUqp32WhPRTxHfTrZ-ZmxSuZqX9fEo3jWm48YpD6BP_dkKji3wWzXMYRYf3Vt3BrmYncuhdbEg\/s1600\/WhatsApp%20Image%202022-07-11%20at%202.04.20%20PM.jpeg\" style=\"margin-left: 1em; margin-right: 1em;\"><img loading=\"lazy\" decoding=\"async\" alt=\"Juzbado, radio comunitaria, Khora, 2022\" border=\"0\" data-original-height=\"1600\" data-original-width=\"1131\" height=\"400\" src=\"https:\/\/blogger.googleusercontent.com\/img\/b\/R29vZ2xl\/AVvXsEhLjFJlBoDC-Fq-cvW46Rwh1rHAdix-3Yc_By6zEiuihJJhTSaj-hBiX8BzTvcQ9R8rGzwvxLQJqzPLlMXQ5NMUn3gZDnpWGCz6Dc73TvA6kxS_8VBUqp32WhPRTxHfTrZ-ZmxSuZqX9fEo3jWm48YpD6BP_dkKji3wWzXMYRYf3Vt3BrmYncuhdbEg\/w283-h400\/WhatsApp%20Image%202022-07-11%20at%202.04.20%20PM.jpeg\" title=\"Juzbado, radio comunitaria, Khora, 2022\" width=\"283\" \/><\/a><\/div>\n<p>&nbsp;<\/p>\n","protected":false},"excerpt":{"rendered":"<p>Como viene siendo ya habitual queremos invitaros una vez m\u00e1s a participar en el programa especial de radio que grabamos todos los a\u00f1os en las piscinas. Tras la cancelaci\u00f3n del pasado jueves 14 de julio por el entierro de nuestro querido vecino Isidoro Medina, estamos pendientes de recoloar la convocatoria.&nbsp; Ser\u00e1, en cualqueir caso, a [&hellip;]<\/p>\n","protected":false},"author":2,"featured_media":0,"comment_status":"open","ping_status":"open","sticky":false,"template":"","format":"standard","meta":{"saved_in_kubio":false,"footnotes":""},"categories":[453,120,129,144,122,178,118,121,369],"tags":[],"class_list":["post-207","post","type-post","status-publish","format-standard","hentry","category-453","category-bar-restaurante-piscinas-municipales","category-cultura-en-verano","category-julio","category-khora","category-piscinas-municipales","category-radio","category-radio-comunitaria","category-verano-en-juzbado"],"_links":{"self":[{"href":"https:\/\/juzbado.es\/nuevaweb\/wp-json\/wp\/v2\/posts\/207","targetHints":{"allow":["GET"]}}],"collection":[{"href":"https:\/\/juzbado.es\/nuevaweb\/wp-json\/wp\/v2\/posts"}],"about":[{"href":"https:\/\/juzbado.es\/nuevaweb\/wp-json\/wp\/v2\/types\/post"}],"author":[{"embeddable":true,"href":"https:\/\/juzbado.es\/nuevaweb\/wp-json\/wp\/v2\/users\/2"}],"replies":[{"embeddable":true,"href":"https:\/\/juzbado.es\/nuevaweb\/wp-json\/wp\/v2\/comments?post=207"}],"version-history":[{"count":0,"href":"https:\/\/juzbado.es\/nuevaweb\/wp-json\/wp\/v2\/posts\/207\/revisions"}],"wp:attachment":[{"href":"https:\/\/juzbado.es\/nuevaweb\/wp-json\/wp\/v2\/media?parent=207"}],"wp:term":[{"taxonomy":"category","embeddable":true,"href":"https:\/\/juzbado.es\/nuevaweb\/wp-json\/wp\/v2\/categories?post=207"},{"taxonomy":"post_tag","embeddable":true,"href":"https:\/\/juzbado.es\/nuevaweb\/wp-json\/wp\/v2\/tags?post=207"}],"curies":[{"name":"wp","href":"https:\/\/api.w.org\/{rel}","templated":true}]}}