{"id":213,"date":"2022-06-16T09:45:00","date_gmt":"2022-06-16T07:45:00","guid":{"rendered":"http:\/\/juzbado.es\/nuevaweb\/2022\/06\/16\/juzbado-celebra-portugal-en-castilla-y-leon\/"},"modified":"2022-06-16T09:45:00","modified_gmt":"2022-06-16T07:45:00","slug":"juzbado-celebra-portugal-en-castilla-y-leon","status":"publish","type":"post","link":"https:\/\/juzbado.es\/nuevaweb\/2022\/06\/16\/juzbado-celebra-portugal-en-castilla-y-leon\/","title":{"rendered":"JUZBADO CELEBRA PORTUGAL EN CASTILLA Y LE\u00d3N"},"content":{"rendered":"<p style=\"text-align: justify;\"><span style=\"font-family: arial;\"><span style=\"font-size: medium;\">El D\u00eda de Portugal, de Cam\u00f5es y de las Comunidades Portuguesas conmemora el 10 de junio de 1580, fecha del fallecimiento del escritor Lu\u00eds de Cam\u00f5es.&nbsp; Castilla y Le\u00f3n celebra en 2022 el <a href=\"https:\/\/www.espaciofronteira.eu\/10-de-junio-celebrando-portugal-en-castilla-y-leon-2\/\" target=\"_blank\">D\u00eda de Portugal, de Cam\u00f5es y de las Comunidades Portuguesas<\/a> con una serie de actividades que tendr\u00e1n lugar desde el 10 de junio y hasta final de mes, en formatos virtual y presencial. Organizado por la Junta de Castilla y Le\u00f3n, con el apoyo del <a href=\"https:\/\/www.espaciofronteira.eu\/\" target=\"_blank\">programa Interreg Espa\u00f1a-Portugal<\/a>.<\/span><\/span><\/p>\n<p style=\"text-align: justify;\"><span style=\"font-family: arial;\"><span style=\"font-size: medium;\">En esta edici\u00f3n el pueblo de Juzbado ser\u00e1 la sede de una de las propuestas en torno a esta celebraci\u00f3n. La editora portuguesa Elsa Ligeiro estar\u00e1 en Juzbado el mi\u00e9rcoles 22 de junio para invitarnos a hablar de Jos\u00e9 Saramago. &nbsp; Entre octubre de 1979 y julio de 1980, Jos\u00e9 Saramago recorri\u00f3 el pa\u00eds de una lado a otro. \u00abViagem a Portugal\u00bb es un libro decisivo para Jos\u00e9 Saramago. Dice el autor tras ese viaje, lleno de cr\u00f3nica, narrativa y recuerdos, que \u00abo fim de uma viagem \u00e9 apenas o come\u00e7o de outra. \u00c9 preciso ver o que n\u00e3o foi visto, ver outra vez o que se viu j\u00e1, ver na primavera o que se vira no ver\u00e3o, ver de dia o que se viu de noite&#8230; \u00c9 preciso voltar aos passos que foram dados, para os repetir, e para tra\u00e7ar caminhos novos\u00bb.<\/span><\/span><\/p>\n<p style=\"text-align: justify;\"><span style=\"font-family: arial;\"><span style=\"font-size: medium;\">Os invitamos a acompa\u00f1ar a Elsa en el sal\u00f3n de actos a partir de las 18:30 h. del mi\u00e9rcoles 22 de Junio para celebrar juntos nuestros v\u00ednculos con Portugal a trav\u00e9s de la literatura.<\/span><\/span><\/p>\n<p style=\"text-align: justify;\"><span style=\"font-family: arial;\"><span style=\"font-size: medium;\"><\/span><\/span><\/p>\n<div style=\"clear: both; text-align: center;\"><span style=\"font-size: medium;\"><a href=\"https:\/\/blogger.googleusercontent.com\/img\/b\/R29vZ2xl\/AVvXsEhvDR7lFmRqeN6I3jOvrJMHV7KcozZIozqAVpEeGCDekTHJO-nQFd507zhxpeBX78Ygen_4zGvHPggE7_hgONbHOgExxTYh6-fuQboLUBSwDlTC2_2IN_q-satNlPqzjym15OajhiZt-XJYxu4M2S2X9iHNDg4uojqH8-5SgitifrJ2lH9Isg_qNYa1\/s3508\/cartel%20elsa%20ligeiro%202022.jpg\" style=\"margin-left: 1em; margin-right: 1em;\"><img loading=\"lazy\" decoding=\"async\" alt=\"juzbado, portugal, Elsa Ligeiro, Jos\u00e9 Saramago, Lu\u00eds Camoes\" border=\"0\" data-original-height=\"3508\" data-original-width=\"3508\" height=\"640\" src=\"https:\/\/blogger.googleusercontent.com\/img\/b\/R29vZ2xl\/AVvXsEhvDR7lFmRqeN6I3jOvrJMHV7KcozZIozqAVpEeGCDekTHJO-nQFd507zhxpeBX78Ygen_4zGvHPggE7_hgONbHOgExxTYh6-fuQboLUBSwDlTC2_2IN_q-satNlPqzjym15OajhiZt-XJYxu4M2S2X9iHNDg4uojqH8-5SgitifrJ2lH9Isg_qNYa1\/w640-h640\/cartel%20elsa%20ligeiro%202022.jpg\" title=\"juzbado, portugal, Elsa Ligeiro, Jos\u00e9 Saramago, Lu\u00eds Camoes\" width=\"640\" \/><\/a><\/span><\/div>\n<p><span style=\"font-size: medium;\"><br \/>&nbsp;<\/span><\/p>\n","protected":false},"excerpt":{"rendered":"<p>El D\u00eda de Portugal, de Cam\u00f5es y de las Comunidades Portuguesas conmemora el 10 de junio de 1580, fecha del fallecimiento del escritor Lu\u00eds de Cam\u00f5es.&nbsp; Castilla y Le\u00f3n celebra en 2022 el D\u00eda de Portugal, de Cam\u00f5es y de las Comunidades Portuguesas con una serie de actividades que tendr\u00e1n lugar desde el 10 de [&hellip;]<\/p>\n","protected":false},"author":2,"featured_media":0,"comment_status":"open","ping_status":"open","sticky":false,"template":"","format":"standard","meta":{"saved_in_kubio":false,"footnotes":""},"categories":[526,529,528,530,527,315],"tags":[],"class_list":["post-213","post","type-post","status-publish","format-standard","hentry","category-castilla-y-leon","category-dia-de-portugal","category-elsa-ligeiro","category-jose-saramago","category-luis-camoes","category-portugal"],"_links":{"self":[{"href":"https:\/\/juzbado.es\/nuevaweb\/wp-json\/wp\/v2\/posts\/213","targetHints":{"allow":["GET"]}}],"collection":[{"href":"https:\/\/juzbado.es\/nuevaweb\/wp-json\/wp\/v2\/posts"}],"about":[{"href":"https:\/\/juzbado.es\/nuevaweb\/wp-json\/wp\/v2\/types\/post"}],"author":[{"embeddable":true,"href":"https:\/\/juzbado.es\/nuevaweb\/wp-json\/wp\/v2\/users\/2"}],"replies":[{"embeddable":true,"href":"https:\/\/juzbado.es\/nuevaweb\/wp-json\/wp\/v2\/comments?post=213"}],"version-history":[{"count":0,"href":"https:\/\/juzbado.es\/nuevaweb\/wp-json\/wp\/v2\/posts\/213\/revisions"}],"wp:attachment":[{"href":"https:\/\/juzbado.es\/nuevaweb\/wp-json\/wp\/v2\/media?parent=213"}],"wp:term":[{"taxonomy":"category","embeddable":true,"href":"https:\/\/juzbado.es\/nuevaweb\/wp-json\/wp\/v2\/categories?post=213"},{"taxonomy":"post_tag","embeddable":true,"href":"https:\/\/juzbado.es\/nuevaweb\/wp-json\/wp\/v2\/tags?post=213"}],"curies":[{"name":"wp","href":"https:\/\/api.w.org\/{rel}","templated":true}]}}