{"id":2143,"date":"2025-12-02T11:45:02","date_gmt":"2025-12-02T10:45:02","guid":{"rendered":"https:\/\/juzbado.es\/nuevaweb\/?p=2143"},"modified":"2025-12-02T11:51:14","modified_gmt":"2025-12-02T10:51:14","slug":"silvia-sanjuan-entusiama-con-sus-mensajes-de-igualdad","status":"publish","type":"post","link":"https:\/\/juzbado.es\/nuevaweb\/2025\/12\/02\/silvia-sanjuan-entusiama-con-sus-mensajes-de-igualdad\/","title":{"rendered":"SILVIA SANJUAN ENTUSIAMA CON SUS MENSAJES\u00a0DE\u00a0IGUALDAD"},"content":{"rendered":"\n<figure class=\"wp-block-image size-large\"><img loading=\"lazy\" decoding=\"async\" width=\"1024\" height=\"473\" src=\"https:\/\/juzbado.es\/nuevaweb\/wp-content\/uploads\/2025\/12\/Imagen-de-WhatsApp-2025-12-02-a-las-11.37.46_77cd9895-1024x473.jpg\" alt=\"\" class=\"wp-image-2146\" srcset=\"https:\/\/juzbado.es\/nuevaweb\/wp-content\/uploads\/2025\/12\/Imagen-de-WhatsApp-2025-12-02-a-las-11.37.46_77cd9895-1024x473.jpg 1024w, https:\/\/juzbado.es\/nuevaweb\/wp-content\/uploads\/2025\/12\/Imagen-de-WhatsApp-2025-12-02-a-las-11.37.46_77cd9895-300x139.jpg 300w, https:\/\/juzbado.es\/nuevaweb\/wp-content\/uploads\/2025\/12\/Imagen-de-WhatsApp-2025-12-02-a-las-11.37.46_77cd9895-768x355.jpg 768w, https:\/\/juzbado.es\/nuevaweb\/wp-content\/uploads\/2025\/12\/Imagen-de-WhatsApp-2025-12-02-a-las-11.37.46_77cd9895-1536x710.jpg 1536w, https:\/\/juzbado.es\/nuevaweb\/wp-content\/uploads\/2025\/12\/Imagen-de-WhatsApp-2025-12-02-a-las-11.37.46_77cd9895-1920x887.jpg 1920w, https:\/\/juzbado.es\/nuevaweb\/wp-content\/uploads\/2025\/12\/Imagen-de-WhatsApp-2025-12-02-a-las-11.37.46_77cd9895.jpg 2000w\" sizes=\"(max-width: 1024px) 100vw, 1024px\" \/><\/figure>\n\n\n\n<p>El pasado domingo, el sal\u00f3n de actos de Juzbado acogi\u00f3 el emotivo concierto de Silvia Sanju\u00e1n con motivo de la conmemoraci\u00f3n del 25 de noviembre, una cita que reuni\u00f3 m\u00fasica, memoria y reflexi\u00f3n. La cantautora ofreci\u00f3 un recital \u00edntimo titulado No solo musas, en el que interpret\u00f3 piezas compuestas por mujeres. As\u00ed, los vecinos que acompa\u00f1aron a la artista segoviana, pudieron disfrutar de las letras y canciones de Eva Amaral, Julieta Venegas, Rozal\u00e9n o Chavela Vargas, haciendo las delicias de grandes y peque\u00f1os. El trabajo de Sanjuan combina pop, folk y canci\u00f3n de autor con una sensibilidad profundamente personal y una voz privilegiada. Desde los primeros acordes, su voz \u2014c\u00e1lida y cercana\u2014 cre\u00f3 un ambiente de cercan\u00eda que invit\u00f3 al p\u00fablico a conectar con las historias de mujeres que narraban sus canciones. En un momento del espect\u00e1culo, fueron los m\u00e1s peque\u00f1os los que la acompa\u00f1aron en el escenario para cantar juntas. El concierto finaliz\u00f3 con un popurr\u00ed de canciones con todos los asistentes en pie y cantando y bailando frente al escenario. Desde el ayuntamiento queremos reconocer el talento de una joven promesa y el entusiasmo de todos los vecinos que acompa\u00f1asteis no solo a la artista, sino tambi\u00e9n a la Asociaci\u00f3n de Mujeres de Juzbado que present\u00f3 el acto.<br>Esta activa asociaci\u00f3n nos record\u00f3 en su manifiesto que \u201cEn las sociedades rurales, donde a menudo las redes de apoyo son m\u00e1s limitadas y la violencia puede quedar m\u00e1s silenciada, la conmemoraci\u00f3n de este d\u00eda adquiere una importancia a\u00fan mayor\u201d. Todo ha sido posible gracias a la colaboraci\u00f3n del Ayuntamiento de Juzbado y la Diputaci\u00f3n de Salamanca a trav\u00e9s del CEAS&nbsp;de&nbsp;Ledesma.<\/p>\n\n\n\n<figure class=\"wp-block-image size-large is-resized\"><img loading=\"lazy\" decoding=\"async\" width=\"1024\" height=\"473\" src=\"https:\/\/juzbado.es\/nuevaweb\/wp-content\/uploads\/2025\/12\/Imagen-de-WhatsApp-2025-12-02-a-las-11.37.47_f81eaf58-1024x473.jpg\" alt=\"\" class=\"wp-image-2145\" style=\"width:676px;height:auto\" srcset=\"https:\/\/juzbado.es\/nuevaweb\/wp-content\/uploads\/2025\/12\/Imagen-de-WhatsApp-2025-12-02-a-las-11.37.47_f81eaf58-1024x473.jpg 1024w, https:\/\/juzbado.es\/nuevaweb\/wp-content\/uploads\/2025\/12\/Imagen-de-WhatsApp-2025-12-02-a-las-11.37.47_f81eaf58-300x139.jpg 300w, https:\/\/juzbado.es\/nuevaweb\/wp-content\/uploads\/2025\/12\/Imagen-de-WhatsApp-2025-12-02-a-las-11.37.47_f81eaf58-768x355.jpg 768w, https:\/\/juzbado.es\/nuevaweb\/wp-content\/uploads\/2025\/12\/Imagen-de-WhatsApp-2025-12-02-a-las-11.37.47_f81eaf58-1536x710.jpg 1536w, https:\/\/juzbado.es\/nuevaweb\/wp-content\/uploads\/2025\/12\/Imagen-de-WhatsApp-2025-12-02-a-las-11.37.47_f81eaf58-1920x887.jpg 1920w, https:\/\/juzbado.es\/nuevaweb\/wp-content\/uploads\/2025\/12\/Imagen-de-WhatsApp-2025-12-02-a-las-11.37.47_f81eaf58.jpg 2000w\" sizes=\"(max-width: 1024px) 100vw, 1024px\" \/><\/figure>\n\n\n\n<figure class=\"wp-block-image size-large is-resized\"><img loading=\"lazy\" decoding=\"async\" width=\"1024\" height=\"576\" src=\"https:\/\/juzbado.es\/nuevaweb\/wp-content\/uploads\/2025\/12\/Imagen-de-WhatsApp-2025-12-02-a-las-11.37.46_ad3a7845-1024x576.jpg\" alt=\"\" class=\"wp-image-2144\" style=\"width:677px;height:auto\" srcset=\"https:\/\/juzbado.es\/nuevaweb\/wp-content\/uploads\/2025\/12\/Imagen-de-WhatsApp-2025-12-02-a-las-11.37.46_ad3a7845-1024x576.jpg 1024w, https:\/\/juzbado.es\/nuevaweb\/wp-content\/uploads\/2025\/12\/Imagen-de-WhatsApp-2025-12-02-a-las-11.37.46_ad3a7845-300x169.jpg 300w, https:\/\/juzbado.es\/nuevaweb\/wp-content\/uploads\/2025\/12\/Imagen-de-WhatsApp-2025-12-02-a-las-11.37.46_ad3a7845-768x432.jpg 768w, https:\/\/juzbado.es\/nuevaweb\/wp-content\/uploads\/2025\/12\/Imagen-de-WhatsApp-2025-12-02-a-las-11.37.46_ad3a7845-1536x864.jpg 1536w, https:\/\/juzbado.es\/nuevaweb\/wp-content\/uploads\/2025\/12\/Imagen-de-WhatsApp-2025-12-02-a-las-11.37.46_ad3a7845.jpg 1643w\" sizes=\"(max-width: 1024px) 100vw, 1024px\" \/><\/figure>\n","protected":false},"excerpt":{"rendered":"<p>El pasado domingo, el sal\u00f3n de actos de Juzbado acogi\u00f3 el emotivo concierto de Silvia Sanju\u00e1n con motivo de la conmemoraci\u00f3n del 25 de noviembre, una cita que reuni\u00f3 m\u00fasica, memoria y reflexi\u00f3n. La cantautora ofreci\u00f3 un recital \u00edntimo titulado No solo musas, en el que interpret\u00f3 piezas compuestas por mujeres. As\u00ed, los vecinos que [&hellip;]<\/p>\n","protected":false},"author":1,"featured_media":2153,"comment_status":"open","ping_status":"open","sticky":false,"template":"","format":"standard","meta":{"saved_in_kubio":true,"footnotes":""},"categories":[22],"tags":[798,794,799,800],"class_list":["post-2143","post","type-post","status-publish","format-standard","has-post-thumbnail","hentry","category-22","tag-igualdad","tag-mujeres","tag-musica","tag-sensibilidad"],"_links":{"self":[{"href":"https:\/\/juzbado.es\/nuevaweb\/wp-json\/wp\/v2\/posts\/2143","targetHints":{"allow":["GET"]}}],"collection":[{"href":"https:\/\/juzbado.es\/nuevaweb\/wp-json\/wp\/v2\/posts"}],"about":[{"href":"https:\/\/juzbado.es\/nuevaweb\/wp-json\/wp\/v2\/types\/post"}],"author":[{"embeddable":true,"href":"https:\/\/juzbado.es\/nuevaweb\/wp-json\/wp\/v2\/users\/1"}],"replies":[{"embeddable":true,"href":"https:\/\/juzbado.es\/nuevaweb\/wp-json\/wp\/v2\/comments?post=2143"}],"version-history":[{"count":3,"href":"https:\/\/juzbado.es\/nuevaweb\/wp-json\/wp\/v2\/posts\/2143\/revisions"}],"predecessor-version":[{"id":2154,"href":"https:\/\/juzbado.es\/nuevaweb\/wp-json\/wp\/v2\/posts\/2143\/revisions\/2154"}],"wp:featuredmedia":[{"embeddable":true,"href":"https:\/\/juzbado.es\/nuevaweb\/wp-json\/wp\/v2\/media\/2153"}],"wp:attachment":[{"href":"https:\/\/juzbado.es\/nuevaweb\/wp-json\/wp\/v2\/media?parent=2143"}],"wp:term":[{"taxonomy":"category","embeddable":true,"href":"https:\/\/juzbado.es\/nuevaweb\/wp-json\/wp\/v2\/categories?post=2143"},{"taxonomy":"post_tag","embeddable":true,"href":"https:\/\/juzbado.es\/nuevaweb\/wp-json\/wp\/v2\/tags?post=2143"}],"curies":[{"name":"wp","href":"https:\/\/api.w.org\/{rel}","templated":true}]}}