{"id":2163,"date":"2025-12-03T10:48:19","date_gmt":"2025-12-03T09:48:19","guid":{"rendered":"https:\/\/juzbado.es\/nuevaweb\/?p=2163"},"modified":"2025-12-03T10:49:56","modified_gmt":"2025-12-03T09:49:56","slug":"texturas-infames-llega-a-juzbado-una-exposicion-que-transforma-basura-en-conciencia","status":"publish","type":"post","link":"https:\/\/juzbado.es\/nuevaweb\/2025\/12\/03\/texturas-infames-llega-a-juzbado-una-exposicion-que-transforma-basura-en-conciencia\/","title":{"rendered":"TEXTURAS INFAMES llega a Juzbado: una exposici\u00f3n que transforma basura en conciencia."},"content":{"rendered":"\n<p>El proyecto art\u00edstico y educativo del artista Emilio Pascual M\u00e9ndez, \u201cTexturas Infames\u201d, llega a Juzbado para poner en evidencia uno de los problemas m\u00e1s urgentes de nuestro tiempo: la contaminaci\u00f3n por pl\u00e1stico. Cada obra que forma parte de esta exposici\u00f3n nace de restos pl\u00e1sticos recogidos en entornos naturales de diferentes partes del mundo y est\u00e1n ensamblados sobre soportes reutilizados mediante la t\u00e9cnica del collage. Lo que alguna vez fue ef\u00edmero y desechado se convierte ahora en un objeto perdurable y significativo, invitando al p\u00fablico a reflexionar sobre la relaci\u00f3n entre consumo, residuos y naturaleza.<br>El Centro Bot\u00e1nico de Juzbado recibe el pr\u00f3ximo viernes 5 de diciembre al creador y pintor Emilio Pascual para inaugurar esta inusual exposici\u00f3n. Seg\u00fan el artista, \u201cel pl\u00e1stico se ha convertido en un invasor silencioso de nuestros ecosistemas, su impacto sobre la vida marina, la fauna terrestre y el equilibrio ambiental es devastador, y refleja un modelo de consumo insostenible.\u201d Y es que solo el 15% del pl\u00e1stico producido en el mundo se recicla; el resto termina incinerado, enterrado o flotando en oc\u00e9anos y r\u00edos. Con esta exposici\u00f3n que estar\u00e1 disponible durante el \u00faltimo mes de este a\u00f1o, su creador busca evidenciar y generar una reflexi\u00f3n cr\u00edtica en los visitantes. Por eso, el d\u00eda 13 de diciembre (s\u00e1bado) se celebrar\u00e1 un taller titulado DesplastificARTE dirigido a p\u00fablico familiar y sujeto a inscripci\u00f3n previa a trav\u00e9s del correo: <\/p>\n\n\n\n<p>juzbadolibroabierto@juzbado.es<\/p>\n\n\n\n<figure class=\"wp-block-image size-large\"><img loading=\"lazy\" decoding=\"async\" width=\"724\" height=\"1024\" src=\"https:\/\/juzbado.es\/nuevaweb\/wp-content\/uploads\/2025\/12\/WhatsApp-Image-2025-12-02-at-14.33.46-724x1024.jpeg\" alt=\"\" class=\"wp-image-2164\" srcset=\"https:\/\/juzbado.es\/nuevaweb\/wp-content\/uploads\/2025\/12\/WhatsApp-Image-2025-12-02-at-14.33.46-724x1024.jpeg 724w, https:\/\/juzbado.es\/nuevaweb\/wp-content\/uploads\/2025\/12\/WhatsApp-Image-2025-12-02-at-14.33.46-212x300.jpeg 212w, https:\/\/juzbado.es\/nuevaweb\/wp-content\/uploads\/2025\/12\/WhatsApp-Image-2025-12-02-at-14.33.46-768x1086.jpeg 768w, https:\/\/juzbado.es\/nuevaweb\/wp-content\/uploads\/2025\/12\/WhatsApp-Image-2025-12-02-at-14.33.46-1086x1536.jpeg 1086w, https:\/\/juzbado.es\/nuevaweb\/wp-content\/uploads\/2025\/12\/WhatsApp-Image-2025-12-02-at-14.33.46-763x1080.jpeg 763w, https:\/\/juzbado.es\/nuevaweb\/wp-content\/uploads\/2025\/12\/WhatsApp-Image-2025-12-02-at-14.33.46.jpeg 1131w\" sizes=\"(max-width: 724px) 100vw, 724px\" \/><\/figure>\n\n\n\n<p><br>A primera vista, se presenta como una composici\u00f3n atractiva y colorida; al acercarse, el espectador descubre que est\u00e1 formada por fragmentos contaminantes, objetos cotidianos que fueron desechados y recuperados. Esta contradicci\u00f3n interpela y obliga a cuestionar tanto nuestros h\u00e1bitos como el sistema de consumo que los sostiene. Pascual a\u00f1ade \u201clas tradicionales tres R \u2014Reciclar, Reutilizar y Reducir\u2014 se convierten aqu\u00ed en Reflexi\u00f3n, Rabia y Rebeld\u00eda, impulsando a la acci\u00f3n y reclamando soluciones reales, como la prohibici\u00f3n de pl\u00e1sticos de un solo uso y la responsabilidad de quienes los producen.\u201d<\/p>\n\n\n\n<p><br>\u201cTexturas Infames\u201d tiene los siguientes horarios de visita: S\u00e1bados y domingos de 11:00 h. a 14:00 h. Para visitas fuera del horario o grupos, ponerse en contacto a trav\u00e9s de correo electr\u00f3nico.<\/p>\n","protected":false},"excerpt":{"rendered":"<p>El proyecto art\u00edstico y educativo del artista Emilio Pascual M\u00e9ndez, \u201cTexturas Infames\u201d, llega a Juzbado para poner en evidencia uno de los problemas m\u00e1s urgentes de nuestro tiempo: la contaminaci\u00f3n por pl\u00e1stico. Cada obra que forma parte de esta exposici\u00f3n nace de restos pl\u00e1sticos recogidos en entornos naturales de diferentes partes del mundo y est\u00e1n [&hellip;]<\/p>\n","protected":false},"author":1,"featured_media":2164,"comment_status":"open","ping_status":"open","sticky":false,"template":"","format":"standard","meta":{"saved_in_kubio":true,"footnotes":""},"categories":[22],"tags":[672,807],"class_list":["post-2163","post","type-post","status-publish","format-standard","has-post-thumbnail","hentry","category-22","tag-centro-botanico","tag-exposicion"],"_links":{"self":[{"href":"https:\/\/juzbado.es\/nuevaweb\/wp-json\/wp\/v2\/posts\/2163","targetHints":{"allow":["GET"]}}],"collection":[{"href":"https:\/\/juzbado.es\/nuevaweb\/wp-json\/wp\/v2\/posts"}],"about":[{"href":"https:\/\/juzbado.es\/nuevaweb\/wp-json\/wp\/v2\/types\/post"}],"author":[{"embeddable":true,"href":"https:\/\/juzbado.es\/nuevaweb\/wp-json\/wp\/v2\/users\/1"}],"replies":[{"embeddable":true,"href":"https:\/\/juzbado.es\/nuevaweb\/wp-json\/wp\/v2\/comments?post=2163"}],"version-history":[{"count":1,"href":"https:\/\/juzbado.es\/nuevaweb\/wp-json\/wp\/v2\/posts\/2163\/revisions"}],"predecessor-version":[{"id":2165,"href":"https:\/\/juzbado.es\/nuevaweb\/wp-json\/wp\/v2\/posts\/2163\/revisions\/2165"}],"wp:featuredmedia":[{"embeddable":true,"href":"https:\/\/juzbado.es\/nuevaweb\/wp-json\/wp\/v2\/media\/2164"}],"wp:attachment":[{"href":"https:\/\/juzbado.es\/nuevaweb\/wp-json\/wp\/v2\/media?parent=2163"}],"wp:term":[{"taxonomy":"category","embeddable":true,"href":"https:\/\/juzbado.es\/nuevaweb\/wp-json\/wp\/v2\/categories?post=2163"},{"taxonomy":"post_tag","embeddable":true,"href":"https:\/\/juzbado.es\/nuevaweb\/wp-json\/wp\/v2\/tags?post=2163"}],"curies":[{"name":"wp","href":"https:\/\/api.w.org\/{rel}","templated":true}]}}