{"id":217,"date":"2022-05-24T11:42:00","date_gmt":"2022-05-24T09:42:00","guid":{"rendered":"http:\/\/juzbado.es\/nuevaweb\/2022\/05\/24\/cine-realizado-por-mujeres-en-juzbado\/"},"modified":"2022-05-24T11:42:00","modified_gmt":"2022-05-24T09:42:00","slug":"cine-realizado-por-mujeres-en-juzbado","status":"publish","type":"post","link":"https:\/\/juzbado.es\/nuevaweb\/2022\/05\/24\/cine-realizado-por-mujeres-en-juzbado\/","title":{"rendered":"CINE REALIZADO POR MUJERES EN JUZBADO"},"content":{"rendered":"<p style=\"text-align: justify;\"><span style=\"font-family: arial;\">\u201cCine realizado por mujeres\u201d.<span style=\"mso-spacerun: yes;\">&nbsp; <\/span>As\u00ed se llama la propuesta que nos trae a Juzbado<br \/>\nla profesora de la <a href=\"https:\/\/bbaa.usal.es\/\" target=\"_blank\">Facultad<span style=\"mso-spacerun: yes;\">&nbsp; <\/span>de Bellas<br \/>\nArtes<\/a> de la USAL, Laura G\u00f3mez Vaquero.<span style=\"mso-spacerun: yes;\">&nbsp;<br \/>\n<\/span>Se trata de una iniciativa demandada por nuestro municipio con la<br \/>\nparticipaci\u00f3n de la activa Asociaci\u00f3n de Mujeres de Juzbado.<span style=\"mso-spacerun: yes;\">&nbsp; <\/span>La charla abordar\u00e1 el cine realizado por<br \/>\nmujeres a trav\u00e9s de tem\u00e1ticas y formatos audiovisuales cortos que las<br \/>\npersonas asistentes podr\u00e1n ver proyectados a modo de ejemplos.<span style=\"mso-spacerun: yes;\">&nbsp; <\/span>Habr\u00e1 tiempo tambi\u00e9n para hablar de cine<br \/>\nfundamentalmente experiemental hecho es nuestro pa\u00eds y, en concreto, los asistentes podr\u00e1n disfrutar de, al<br \/>\nmenos, dos cortometrajes realizados por mujeres, para luego abrir un debate. <\/span><\/p>\n<div style=\"text-align: justify;\"><span style=\"font-family: arial;\"><\/p>\n<p><\/span><\/div>\n<p style=\"text-align: justify;\"><span style=\"font-family: arial;\">Ser\u00e1 el s\u00e1bado 28 de mayo a partir de las 18:00 h. en el<br \/>\nsal\u00f3n de actos del Ayuntamiento de Juzbado.<span style=\"mso-spacerun: yes;\">&nbsp;<br \/>\n<\/span>La duraci\u00f3n estimada es de una hora y media y est\u00e1 dirigida a todos los p\u00fablicos.<\/span><\/p>\n<div style=\"text-align: justify;\"><span style=\"font-family: arial;\"><\/p>\n<p><\/span><\/div>\n<p style=\"text-align: justify;\"><span style=\"font-family: arial;\">Esta propuesta cultural se enmarca dentro del programa Provincia<br \/>\nUniversitaria de la Diputaci\u00f3n de Salamanca y la Universidad de salamanca.<\/span><\/p>\n<p style=\"text-align: justify;\"><span style=\"font-family: arial;\"><\/span><\/p>\n<div style=\"clear: both; text-align: center;\"><a href=\"https:\/\/blogger.googleusercontent.com\/img\/b\/R29vZ2xl\/AVvXsEjdDAYAfYQm76Y6l70PWSJOxi_O7LbSMAMF6R-ERI2sw9dURhGVeStx8C_vElowUAL98u5urPd5X5hPUnkvZa4T1pyh8mdJyUWCxXwZIkmjIi5ry5kg3OTE1Tf5gdCP5M0BoOxqlb2msTFZpKKPXgqmf7MpzW1UL_BOUqbj27Gg4Tc-iJrcQRs0JSsy\/s2480\/cartel%20CINE%20DE%20MUJERE%20INSTAGRAM.jpg\" style=\"margin-left: 1em; margin-right: 1em;\"><img loading=\"lazy\" decoding=\"async\" border=\"0\" data-original-height=\"2480\" data-original-width=\"2480\" height=\"640\" src=\"https:\/\/blogger.googleusercontent.com\/img\/b\/R29vZ2xl\/AVvXsEjdDAYAfYQm76Y6l70PWSJOxi_O7LbSMAMF6R-ERI2sw9dURhGVeStx8C_vElowUAL98u5urPd5X5hPUnkvZa4T1pyh8mdJyUWCxXwZIkmjIi5ry5kg3OTE1Tf5gdCP5M0BoOxqlb2msTFZpKKPXgqmf7MpzW1UL_BOUqbj27Gg4Tc-iJrcQRs0JSsy\/w640-h640\/cartel%20CINE%20DE%20MUJERE%20INSTAGRAM.jpg\" width=\"640\" \/><\/a><\/div>\n<p><span style=\"font-size: medium;\"><span style=\"font-family: arial;\">&nbsp;Ver fotos del evento:<\/span><\/span><\/p>\n<p><span style=\"font-size: medium;\"><span style=\"font-family: arial;\"><span><\/span><\/span><\/span><\/p>\n<p><a name='more'><\/a><\/p>\n<div style=\"clear: both; text-align: center;\"><span style=\"font-size: medium;\"><a href=\"https:\/\/blogger.googleusercontent.com\/img\/b\/R29vZ2xl\/AVvXsEjX4VzCkqk3sxvai_aQtCO0Wm5qBzbVpIbZujZylg7zPJKqmWAeY5RMBeCf_aK-Dm1ROx8WfNOjmTXnR14wGHiCQDOwktBvWUutj1YEVYWw5dQSihvvUNgbNtkjt0VEYPti5rNB0bx7tTp1sUPK9X1_EO0VXWarfL0n1Dltz5pN4ekz2JlJK9q2ElSh\/s4032\/20220528_182550-01.jpeg\" style=\"margin-left: 1em; margin-right: 1em;\"><img loading=\"lazy\" decoding=\"async\" alt=\"Juzbado, cine realizado por mujeres, Asociaci\u00f3n de Mujeres\" border=\"0\" data-original-height=\"1816\" data-original-width=\"4032\" height=\"288\" src=\"https:\/\/blogger.googleusercontent.com\/img\/b\/R29vZ2xl\/AVvXsEjX4VzCkqk3sxvai_aQtCO0Wm5qBzbVpIbZujZylg7zPJKqmWAeY5RMBeCf_aK-Dm1ROx8WfNOjmTXnR14wGHiCQDOwktBvWUutj1YEVYWw5dQSihvvUNgbNtkjt0VEYPti5rNB0bx7tTp1sUPK9X1_EO0VXWarfL0n1Dltz5pN4ekz2JlJK9q2ElSh\/w640-h288\/20220528_182550-01.jpeg\" title=\"Juzbado, cine realizado por mujeres, Asociaci\u00f3n de Mujeres\" width=\"640\" \/><\/a><\/span><\/div>\n<p><span style=\"font-size: medium;\"><\/p>\n<div style=\"clear: both; text-align: center;\"><a href=\"https:\/\/blogger.googleusercontent.com\/img\/b\/R29vZ2xl\/AVvXsEgI8yEcJ0VUCYOZ3cQ20DLi_hIGfyQnA_7oFpCm7FJE1IUnRo6Yi3S8D9gON7l5ncqhezRbEzSzWpORWVj1KuAVGAWb-NcA69j_PZSoSWiLoHFg1pR66BBs_-QMKsE2A8U6HRscRzxuEhd_SXweqzmOeB65CNkKPvxXiWSpuDzbvI4AzCzjwxvKJDue\/s4032\/20220528_183647-01.jpeg\" style=\"margin-left: 1em; margin-right: 1em;\"><img loading=\"lazy\" decoding=\"async\" alt=\"Juzbado, cine realizado por mujeres, Asociaci\u00f3n de Mujeres\" border=\"0\" data-original-height=\"1816\" data-original-width=\"4032\" height=\"288\" src=\"https:\/\/blogger.googleusercontent.com\/img\/b\/R29vZ2xl\/AVvXsEgI8yEcJ0VUCYOZ3cQ20DLi_hIGfyQnA_7oFpCm7FJE1IUnRo6Yi3S8D9gON7l5ncqhezRbEzSzWpORWVj1KuAVGAWb-NcA69j_PZSoSWiLoHFg1pR66BBs_-QMKsE2A8U6HRscRzxuEhd_SXweqzmOeB65CNkKPvxXiWSpuDzbvI4AzCzjwxvKJDue\/w640-h288\/20220528_183647-01.jpeg\" title=\"Juzbado, cine realizado por mujeres, Asociaci\u00f3n de Mujeres\" width=\"640\" \/><\/a><\/div>\n<p><\/p>\n<div style=\"clear: both; text-align: center;\"><a href=\"https:\/\/blogger.googleusercontent.com\/img\/b\/R29vZ2xl\/AVvXsEhVh2mJDpmgyFRXgvFm7zQifTR77cmFzoBJrRKE1RIfguMLDhA-IH0VDTKQ3_zAhqAY1ZjPEL8A7WFQwE4ss2n1Z0x79mvD3FqT0XpS99PTwdzgAh2myMixvjAPSNaANA_sf-83d0ib53bCrhEQYDb6tJLpwlmf_RJTry0yV8WFG_HomuGgih95eqjV\/s3228\/20220528_183653-02.jpeg\" style=\"margin-left: 1em; margin-right: 1em;\"><img loading=\"lazy\" decoding=\"async\" alt=\"Juzbado, cine realizado por mujeres, Asociaci\u00f3n de Mujeres\" border=\"0\" data-original-height=\"1812\" data-original-width=\"3228\" height=\"360\" src=\"https:\/\/blogger.googleusercontent.com\/img\/b\/R29vZ2xl\/AVvXsEhVh2mJDpmgyFRXgvFm7zQifTR77cmFzoBJrRKE1RIfguMLDhA-IH0VDTKQ3_zAhqAY1ZjPEL8A7WFQwE4ss2n1Z0x79mvD3FqT0XpS99PTwdzgAh2myMixvjAPSNaANA_sf-83d0ib53bCrhEQYDb6tJLpwlmf_RJTry0yV8WFG_HomuGgih95eqjV\/w640-h360\/20220528_183653-02.jpeg\" title=\"Juzbado, cine realizado por mujeres, Asociaci\u00f3n de Mujeres\" width=\"640\" \/><\/a><\/div>\n<p>&nbsp;<\/span><\/p>\n<\/p>\n<p><span><!--more--><\/span><\/p>\n","protected":false},"excerpt":{"rendered":"<p>\u201cCine realizado por mujeres\u201d.&nbsp; As\u00ed se llama la propuesta que nos trae a Juzbado la profesora de la Facultad&nbsp; de Bellas Artes de la USAL, Laura G\u00f3mez Vaquero.&nbsp; Se trata de una iniciativa demandada por nuestro municipio con la participaci\u00f3n de la activa Asociaci\u00f3n de Mujeres de Juzbado.&nbsp; La charla abordar\u00e1 el cine realizado por [&hellip;]<\/p>\n","protected":false},"author":2,"featured_media":0,"comment_status":"open","ping_status":"open","sticky":false,"template":"","format":"standard","meta":{"saved_in_kubio":false,"footnotes":""},"categories":[42,55,533,388,77],"tags":[],"class_list":["post-217","post","type-post","status-publish","format-standard","hentry","category-asociacion-de-mujeres","category-diputacion-de-salamanca","category-laura-gomez-vaquero","category-provincia-creativa","category-usal"],"_links":{"self":[{"href":"https:\/\/juzbado.es\/nuevaweb\/wp-json\/wp\/v2\/posts\/217","targetHints":{"allow":["GET"]}}],"collection":[{"href":"https:\/\/juzbado.es\/nuevaweb\/wp-json\/wp\/v2\/posts"}],"about":[{"href":"https:\/\/juzbado.es\/nuevaweb\/wp-json\/wp\/v2\/types\/post"}],"author":[{"embeddable":true,"href":"https:\/\/juzbado.es\/nuevaweb\/wp-json\/wp\/v2\/users\/2"}],"replies":[{"embeddable":true,"href":"https:\/\/juzbado.es\/nuevaweb\/wp-json\/wp\/v2\/comments?post=217"}],"version-history":[{"count":0,"href":"https:\/\/juzbado.es\/nuevaweb\/wp-json\/wp\/v2\/posts\/217\/revisions"}],"wp:attachment":[{"href":"https:\/\/juzbado.es\/nuevaweb\/wp-json\/wp\/v2\/media?parent=217"}],"wp:term":[{"taxonomy":"category","embeddable":true,"href":"https:\/\/juzbado.es\/nuevaweb\/wp-json\/wp\/v2\/categories?post=217"},{"taxonomy":"post_tag","embeddable":true,"href":"https:\/\/juzbado.es\/nuevaweb\/wp-json\/wp\/v2\/tags?post=217"}],"curies":[{"name":"wp","href":"https:\/\/api.w.org\/{rel}","templated":true}]}}