{"id":22,"date":"2024-11-25T11:34:00","date_gmt":"2024-11-25T10:34:00","guid":{"rendered":"http:\/\/juzbado.es\/nuevaweb\/2024\/11\/25\/juzbado-reivindica-la-eliminacion-de-la-violencia-contra-la-mujer\/"},"modified":"2025-01-17T13:30:38","modified_gmt":"2025-01-17T12:30:38","slug":"juzbado-reivindica-la-eliminacion-de-la-violencia-contra-la-mujer","status":"publish","type":"post","link":"https:\/\/juzbado.es\/nuevaweb\/2024\/11\/25\/juzbado-reivindica-la-eliminacion-de-la-violencia-contra-la-mujer\/","title":{"rendered":"JUZBADO REIVINDICA LA ELIMINACI\u00d3N DE LA VIOLENCIA CONTRA LA MUJER"},"content":{"rendered":"<p style=\"text-align: justify;\"><span style=\"font-size: medium;\"><span style=\"font-family: arial;\">El pueblo de Juzbado convoca a sus vecinos para la creaci\u00f3n<br \/>\nde un encuentro reivindicativo en torno al <a href=\"https:\/\/www.un.org\/es\/observances\/ending-violence-against-women-day\" target=\"_blank\"><u>D<\/u>\u00eda<br \/>\nInternacional de la eliminaci\u00f3n de la Violencia contra las Mujeres<\/a>.<span>&nbsp; <\/span>El acto consisti\u00f3 en la lectura de varios<br \/>\nescritos creados por los propios vecinos durante un taller de escritura<br \/>\ncelebrado el pasado 16 de noviembre con el apoyo de <a href=\"https:\/\/infosenara.org\/\" target=\"_blank\">Senara Aire<\/a>.<span>&nbsp; <\/span>A los expresivos textos se suman las flores<br \/>\nvioletas elaboradas durante otra sesi\u00f3n celebrada el s\u00e1bado 23 de noviembre en compa\u00f1\u00eda<br \/>\nde Mar\u00eda Tapirujo.<span>&nbsp; <\/span>&nbsp;<\/span><\/span><\/p>\n<p style=\"text-align: justify;\"><span style=\"font-size: medium;\"><span style=\"font-family: arial;\">&nbsp;<\/span><\/span><\/p>\n<table align=\"center\" cellpadding=\"0\" cellspacing=\"0\" style=\"margin-left: auto; margin-right: auto;\">\n<tbody>\n<tr>\n<td style=\"text-align: center;\"><a href=\"http:\/\/juzbado.es\/nuevaweb\/wp-content\/uploads\/2024\/11\/WhatsApp-20Image-202024-11-25-20at-2010.53.19.jpeg\" style=\"margin-left: auto; margin-right: auto;\"><img loading=\"lazy\" decoding=\"async\" alt=\"Juzbado, mujeres de Juzbado, Asociaci\u00f3n de mujeres de Juzbado, D\u00eda internacional de la elminaci\u00f3n de la violencia contra las mujeres, 2024\" border=\"0\" data-original-height=\"739\" data-original-width=\"1600\" height=\"296\" src=\"http:\/\/juzbado.es\/nuevaweb\/wp-content\/uploads\/2024\/11\/WhatsApp-20Image-202024-11-25-20at-2010.53.19-300x139.jpeg\" title=\"Juzbado, mujeres de Juzbado, Asociaci\u00f3n de mujeres de Juzbado, D\u00eda internacional de la elminaci\u00f3n de la violencia contra las mujeres, 2024\" width=\"640\" \/><\/a><\/td>\n<\/tr>\n<tr>\n<td style=\"text-align: center;\"><span style=\"font-family: arial;\">Participantes en el acto tras la lectura de las placas y el manifiesto.<\/span><\/td>\n<\/tr>\n<\/tbody>\n<\/table>\n<div style=\"clear: both; text-align: center;\"><span style=\"font-size: medium;\"><\/span><\/div>\n<p><\/p>\n<p style=\"text-align: justify;\"><span style=\"font-size: medium;\"><span style=\"font-family: arial;\"><\/span><\/span><\/p>\n<p style=\"text-align: center;\"><a href=\"https:\/\/www.instagram.com\/p\/DCu02CusJGI\/\" target=\"_blank\"><span style=\"font-size: medium;\"><span style=\"font-family: arial;\">&nbsp;<\/span><\/span><span style=\"font-size: medium;\"><span style=\"font-family: arial;\"><b>ACCESO al Video del TALLER DE ESCRITURA en INSTAGRAM<\/b><\/span><\/span><\/a><\/p>\n<p style=\"text-align: center;\"><a href=\"https:\/\/www.instagram.com\/p\/DCwFrHNsGeQ\/\" target=\"_blank\"><span style=\"font-size: medium;\"><span style=\"font-family: arial;\"><b>ACCESO al Video del acto del 25 de noviembre en INSTAGRAM&nbsp;<\/b><\/span><\/span><span style=\"font-size: medium;\"><span style=\"font-family: arial;\"> <br \/><\/span><\/span><\/a><\/p>\n<p style=\"text-align: justify;\"><span style=\"font-size: medium;\"><span style=\"font-family: arial;\">Todo ello se present\u00f3<br \/>\nel pasado domingo 24 de noviembre durante la ma\u00f1ana en el Jard\u00edn Violeta de la<br \/>\nlocalidad. Un jard\u00edn que cuenta desde el 2019 con una placa en recuerdo de las<br \/>\nmujeres v\u00edctimas de violencia de g\u00e9nero y en torno a la cual se congregaron m\u00e1s<br \/>\nde una veintena de vecinos de todas las edades para la lectura de los escritos<br \/>\nimpresos en soportes r\u00edgidos y aderezados por las flores clavados en estacas. Tras<br \/>\nla lectura de cada uno y unos sentidos aplausos, Elena Melero, secretaria de la<br \/>\n<a href=\"http:\/\/juzbado.es\/nuevaweb\/p\/asociaciones.html\">Asociaci\u00f3n de Mujeres de Juzbado<\/a>, ley\u00f3 un manifiesto acompa\u00f1ada por la nueva directiva de la asociaci\u00f3n.&nbsp;<\/span><\/span><\/p>\n<p style=\"text-align: justify;\"><span style=\"font-size: medium;\"><span style=\"font-family: arial;\"><\/span><\/span><\/p>\n<table align=\"center\" cellpadding=\"0\" cellspacing=\"0\" style=\"margin-left: auto; margin-right: auto;\">\n<tbody>\n<tr>\n<td style=\"text-align: center;\"><a href=\"http:\/\/juzbado.es\/nuevaweb\/wp-content\/uploads\/2024\/11\/WhatsApp-20Image-202024-11-25-20at-2010.54.24.jpeg\" style=\"margin-left: auto; margin-right: auto;\"><img loading=\"lazy\" decoding=\"async\" alt=\"Juzbado, mujeres de Juzbado, Asociaci\u00f3n de mujeres de Juzbado, D\u00eda internacional de la elminaci\u00f3n de la violencia contra las mujeres, 2024\" border=\"0\" data-original-height=\"739\" data-original-width=\"1600\" height=\"296\" src=\"http:\/\/juzbado.es\/nuevaweb\/wp-content\/uploads\/2024\/11\/WhatsApp-20Image-202024-11-25-20at-2010.54.24-300x139.jpeg\" title=\"Juzbado, mujeres de Juzbado, Asociaci\u00f3n de mujeres de Juzbado, D\u00eda internacional de la elminaci\u00f3n de la violencia contra las mujeres, 2024\" width=\"640\" \/><\/a><\/td>\n<\/tr>\n<tr>\n<td style=\"text-align: center;\"><span style=\"font-family: arial;\">Deli y Filo trasladan uno de los textos impresos en las placas al Jard\u00edn Violeta.<\/span><\/td>\n<\/tr>\n<\/tbody>\n<\/table>\n<div style=\"clear: both; text-align: center;\"><span style=\"font-size: medium;\"><\/span><\/div>\n<p><span style=\"font-size: medium;\">&nbsp;<\/span><\/p>\n<p style=\"text-align: justify;\"><span style=\"font-size: medium;\"><span style=\"font-family: arial;\">Esta propuesta est\u00e1 apoyada por la <a href=\"http:\/\/juzbado.es\/nuevaweb\/p\/asociaciones.html\" target=\"_blank\">Asociaci\u00f3n de Mujeres de Juzbado<\/a>, el Ayuntamiento de Juzbado y la <a href=\"http:\/\/www.lasalina.es\/\" target=\"_blank\">Diputaci\u00f3n deSalamanca<\/a> a trav\u00e9s del <a href=\"http:\/\/www.lasalina.es\/Aplicaciones\/GestorInter.jsp?prestacion=Cipublico&amp;funcion=MuestraInformacionCeas0&amp;codCeas=6\" target=\"_blank\">CEAS de Ledesma<\/a>.<\/span><\/span><\/p>\n<p style=\"text-align: justify;\"><span style=\"font-size: medium;\"><span style=\"font-family: arial;\">&nbsp;<\/p>\n<table align=\"center\" cellpadding=\"0\" cellspacing=\"0\" style=\"margin-left: auto; margin-right: auto;\">\n<tbody>\n<tr>\n<td style=\"text-align: center;\"><a href=\"http:\/\/juzbado.es\/nuevaweb\/wp-content\/uploads\/2024\/11\/WhatsApp-20Image-202024-11-25-20at-2010.54.03.jpeg\" style=\"margin-left: auto; margin-right: auto;\"><img loading=\"lazy\" decoding=\"async\" alt=\"Juzbado, mujeres de Juzbado, Asociaci\u00f3n de mujeres de Juzbado, D\u00eda internacional de la elminaci\u00f3n de la violencia contra las mujeres, 2024\" border=\"0\" data-original-height=\"739\" data-original-width=\"1600\" height=\"296\" src=\"http:\/\/juzbado.es\/nuevaweb\/wp-content\/uploads\/2024\/11\/WhatsApp-20Image-202024-11-25-20at-2010.54.03-300x139.jpeg\" title=\"Juzbado, mujeres de Juzbado, Asociaci\u00f3n de mujeres de Juzbado, D\u00eda internacional de la elminaci\u00f3n de la violencia contra las mujeres, 2024\" width=\"640\" \/><\/a><\/td>\n<\/tr>\n<tr>\n<td style=\"text-align: center;\">Placas conmemorativas con las flores y las estacas durante los instantes previos a su instalaci\u00f3n.<\/td>\n<\/tr>\n<\/tbody>\n<\/table>\n<p><\/span><\/span><\/p>\n<p style=\"text-align: justify;\"><span style=\"font-size: medium;\"><span style=\"font-family: arial;\">&nbsp;<\/span><\/span><\/p>\n","protected":false},"excerpt":{"rendered":"<p>El pueblo de Juzbado convoca a sus vecinos para la creaci\u00f3n de un encuentro reivindicativo en torno al D\u00eda Internacional de la eliminaci\u00f3n de la Violencia contra las Mujeres.&nbsp; El acto consisti\u00f3 en la lectura de varios escritos creados por los propios vecinos durante un taller de escritura celebrado el pasado 16 de noviembre con [&hellip;]<\/p>\n","protected":false},"author":2,"featured_media":879,"comment_status":"open","ping_status":"open","sticky":false,"template":"","format":"standard","meta":{"saved_in_kubio":false,"footnotes":""},"categories":[63,42,68,65,64,66,62,67],"tags":[],"class_list":["post-22","post","type-post","status-publish","format-standard","has-post-thumbnail","hentry","category-25n","category-asociacion-de-mujeres","category-dia-internacional-contra-la-violencia-de-genero","category-elena-melero","category-manifiesto","category-manifiesto-25n","category-maria-tapirujo","category-senara-aire"],"_links":{"self":[{"href":"https:\/\/juzbado.es\/nuevaweb\/wp-json\/wp\/v2\/posts\/22","targetHints":{"allow":["GET"]}}],"collection":[{"href":"https:\/\/juzbado.es\/nuevaweb\/wp-json\/wp\/v2\/posts"}],"about":[{"href":"https:\/\/juzbado.es\/nuevaweb\/wp-json\/wp\/v2\/types\/post"}],"author":[{"embeddable":true,"href":"https:\/\/juzbado.es\/nuevaweb\/wp-json\/wp\/v2\/users\/2"}],"replies":[{"embeddable":true,"href":"https:\/\/juzbado.es\/nuevaweb\/wp-json\/wp\/v2\/comments?post=22"}],"version-history":[{"count":3,"href":"https:\/\/juzbado.es\/nuevaweb\/wp-json\/wp\/v2\/posts\/22\/revisions"}],"predecessor-version":[{"id":949,"href":"https:\/\/juzbado.es\/nuevaweb\/wp-json\/wp\/v2\/posts\/22\/revisions\/949"}],"wp:featuredmedia":[{"embeddable":true,"href":"https:\/\/juzbado.es\/nuevaweb\/wp-json\/wp\/v2\/media\/879"}],"wp:attachment":[{"href":"https:\/\/juzbado.es\/nuevaweb\/wp-json\/wp\/v2\/media?parent=22"}],"wp:term":[{"taxonomy":"category","embeddable":true,"href":"https:\/\/juzbado.es\/nuevaweb\/wp-json\/wp\/v2\/categories?post=22"},{"taxonomy":"post_tag","embeddable":true,"href":"https:\/\/juzbado.es\/nuevaweb\/wp-json\/wp\/v2\/tags?post=22"}],"curies":[{"name":"wp","href":"https:\/\/api.w.org\/{rel}","templated":true}]}}