{"id":225,"date":"2022-05-04T09:09:00","date_gmt":"2022-05-04T07:09:00","guid":{"rendered":"http:\/\/juzbado.es\/nuevaweb\/2022\/05\/04\/la-evolucion-humana-en-nuestras-manos\/"},"modified":"2022-05-04T09:09:00","modified_gmt":"2022-05-04T07:09:00","slug":"la-evolucion-humana-en-nuestras-manos","status":"publish","type":"post","link":"https:\/\/juzbado.es\/nuevaweb\/2022\/05\/04\/la-evolucion-humana-en-nuestras-manos\/","title":{"rendered":"LA EVOLUCI\u00d3N HUMANA EN NUESTRAS MANOS"},"content":{"rendered":"<p style=\"text-align: justify;\"><span style=\"font-family: arial;\"><span style=\"font-size: medium;\"><span dir=\"auto\">El<br \/>\n viernes 6 de mayo os invitamos a disfrutar de un encuentro con<br \/>\nhom\u00ednidos gracias a las r\u00e9plicas impresas de <a href=\"https:\/\/twitter.com\/yagoparra\" target=\"_blank\">Santiago S\u00e1nchez de la Parra P\u00e9rez<\/a>,  profesor<br \/>\n del <a href=\"https:\/\/diarium.usal.es\/dptophaya\/\" target=\"_blank\">Departamento de Prehistoria, historia antigua y arqueolog\u00eda<\/a> de la <a href=\"https:\/\/fgh.usal.es\/\" target=\"_blank\">Facultad de Geograf\u00eda e Historia<\/a> de la <a href=\"https:\/\/usal.es\/\" target=\"_blank\">USAL<\/a>.  Es una propuesta dirigida a todos los p\u00fablicos que comenzar\u00e1<br \/>\n a las 18:00 h. en el sal\u00f3n de actos. Tendr\u00e1 una duraci\u00f3n aproximada de 90 minutos.<br \/><\/span><\/span><\/span><\/p>\n<p style=\"text-align: justify;\"><span style=\"font-family: arial;\"><span style=\"font-size: medium;\"><span dir=\"auto\"><\/span><\/span><\/span><\/p>\n<div style=\"clear: both; text-align: center;\"><span style=\"font-size: medium;\"><a href=\"https:\/\/blogger.googleusercontent.com\/img\/b\/R29vZ2xl\/AVvXsEhWUxKu-876E-UgYbRUxGcnoSanw73mr-ROkFX77LmP1-NsR6iYOo1gCOahICBmJ_dgWoXvdHrpb2LNAXYJpyiSqjC-i3Oe7ht1w1qHXGUukWme9yJFv6Tx9eDR2OJmrsDf6X3AxqANbl5mqHMOREwmYgxh9mdmOIpN-cD1IUJOaHZw2rJzD5L7c3Gg\/s2480\/cartel%20prehistoria%203D%20whatsapp.jpg\" style=\"margin-left: 1em; margin-right: 1em;\"><img loading=\"lazy\" decoding=\"async\" border=\"0\" data-original-height=\"2480\" data-original-width=\"2480\" height=\"320\" src=\"https:\/\/blogger.googleusercontent.com\/img\/b\/R29vZ2xl\/AVvXsEhWUxKu-876E-UgYbRUxGcnoSanw73mr-ROkFX77LmP1-NsR6iYOo1gCOahICBmJ_dgWoXvdHrpb2LNAXYJpyiSqjC-i3Oe7ht1w1qHXGUukWme9yJFv6Tx9eDR2OJmrsDf6X3AxqANbl5mqHMOREwmYgxh9mdmOIpN-cD1IUJOaHZw2rJzD5L7c3Gg\/s320\/cartel%20prehistoria%203D%20whatsapp.jpg\" width=\"320\" \/><\/a><\/span><\/div>\n<p><span style=\"font-size: medium;\"><br \/>&nbsp;<\/span><\/p>\n","protected":false},"excerpt":{"rendered":"<p>El viernes 6 de mayo os invitamos a disfrutar de un encuentro con hom\u00ednidos gracias a las r\u00e9plicas impresas de Santiago S\u00e1nchez de la Parra P\u00e9rez, profesor del Departamento de Prehistoria, historia antigua y arqueolog\u00eda de la Facultad de Geograf\u00eda e Historia de la USAL. Es una propuesta dirigida a todos los p\u00fablicos que comenzar\u00e1 [&hellip;]<\/p>\n","protected":false},"author":2,"featured_media":0,"comment_status":"open","ping_status":"open","sticky":false,"template":"","format":"standard","meta":{"saved_in_kubio":false,"footnotes":""},"categories":[453,184,196,77],"tags":[],"class_list":["post-225","post","type-post","status-publish","format-standard","hentry","category-453","category-mayo","category-provincia-universitaria","category-usal"],"_links":{"self":[{"href":"https:\/\/juzbado.es\/nuevaweb\/wp-json\/wp\/v2\/posts\/225","targetHints":{"allow":["GET"]}}],"collection":[{"href":"https:\/\/juzbado.es\/nuevaweb\/wp-json\/wp\/v2\/posts"}],"about":[{"href":"https:\/\/juzbado.es\/nuevaweb\/wp-json\/wp\/v2\/types\/post"}],"author":[{"embeddable":true,"href":"https:\/\/juzbado.es\/nuevaweb\/wp-json\/wp\/v2\/users\/2"}],"replies":[{"embeddable":true,"href":"https:\/\/juzbado.es\/nuevaweb\/wp-json\/wp\/v2\/comments?post=225"}],"version-history":[{"count":0,"href":"https:\/\/juzbado.es\/nuevaweb\/wp-json\/wp\/v2\/posts\/225\/revisions"}],"wp:attachment":[{"href":"https:\/\/juzbado.es\/nuevaweb\/wp-json\/wp\/v2\/media?parent=225"}],"wp:term":[{"taxonomy":"category","embeddable":true,"href":"https:\/\/juzbado.es\/nuevaweb\/wp-json\/wp\/v2\/categories?post=225"},{"taxonomy":"post_tag","embeddable":true,"href":"https:\/\/juzbado.es\/nuevaweb\/wp-json\/wp\/v2\/tags?post=225"}],"curies":[{"name":"wp","href":"https:\/\/api.w.org\/{rel}","templated":true}]}}