{"id":226,"date":"2022-04-27T09:16:00","date_gmt":"2022-04-27T07:16:00","guid":{"rendered":"http:\/\/juzbado.es\/nuevaweb\/2022\/04\/27\/ida-vitale-visito-juzbado-un-dia-como-hoy-hace-3-anos\/"},"modified":"2022-04-27T09:16:00","modified_gmt":"2022-04-27T07:16:00","slug":"ida-vitale-visito-juzbado-un-dia-como-hoy-hace-3-anos","status":"publish","type":"post","link":"https:\/\/juzbado.es\/nuevaweb\/2022\/04\/27\/ida-vitale-visito-juzbado-un-dia-como-hoy-hace-3-anos\/","title":{"rendered":"IDA VITALE VISIT\u00d3 JUZBADO UN D\u00cdA COMO HOY HACE 3 A\u00d1OS"},"content":{"rendered":"<p style=\"text-align: justify;\"><span style=\"font-size: medium;\"><span style=\"font-family: arial;\"><span><span style=\"line-height: 115%;\">Hoy hace 3 a\u00f1os nos visit\u00f3 Ida Vitale. Recib\u00eda el <a href=\"https:\/\/elpais.com\/cultura\/2019\/04\/23\/actualidad\/1556010411_023459.html\" target=\"_blank\">Premio Cervantes <\/a>unos d\u00edas antes en el Paraninfo de la Universidad<br \/>\nde Alcal\u00e1 de Henares.<span>&nbsp; <\/span>Vino a compartir<br \/>\nsu palabras luminosas con los vecinos y amigos de Juzbado. <span>&nbsp;<\/span>Ley\u00f3 Fortuna y Reuni\u00f3n en la Pe\u00f1a del Castillo<br \/>\ny nos dej\u00f3 tambi\u00e9n otro poema, Misterios, bajo el campanario.<span>&nbsp; <\/span>Fue una tarde c\u00e1lida y reposada, no pudimos<br \/>\nreunirnos todos en el sal\u00f3n y lo hicimos al aire libre. Ida Vitale disfrut\u00f3 y<br \/>\nnos hizo disfrutar.<span>&nbsp; <\/span>Dos a\u00f1os m\u00e1s tarde<br \/>\n<a href=\"https:\/\/juzbado.blogspot.com\/2021\/10\/ida-vitale-en-juzbado.html\" target=\"_blank\">volvi\u00f3<\/a>.<\/span><\/span><\/span><\/span><\/p>\n<p style=\"text-align: justify;\"><span style=\"font-size: medium;\"><span style=\"font-family: arial;\"><span><span style=\"line-height: 115%;\"><\/span><\/span><\/span><\/span><\/p>\n<table align=\"center\" cellpadding=\"0\" cellspacing=\"0\" style=\"margin-left: auto; margin-right: auto;\">\n<tbody>\n<tr>\n<td style=\"text-align: center;\"><a href=\"https:\/\/juzbado.blogspot.com\/2019\/04\/11-fotos-de-ida-vitale-en-juzbado.html\" style=\"margin-left: auto; margin-right: auto;\" target=\"_blank\"><img loading=\"lazy\" decoding=\"async\" border=\"0\" data-original-height=\"427\" data-original-width=\"640\" height=\"303\" src=\"https:\/\/blogger.googleusercontent.com\/img\/b\/R29vZ2xl\/AVvXsEjQNe2m9R1tOlS-nMTcCoG5N70KVD-LUpoWAVVJZFMd5vo2KLv_QomNI1wP6GDOfW_fOYYorZRc8lr3OCU_CHgk8ulQum3QP5i2gomsta9UlJWUslTBOqGYtRx5ISWj6lE8SMkRmkGA2LirTW4SKrNcBpWquttfi3fQf9aswB7bm9ttxkWd4e5NNSbv\/w453-h303\/ida%20vitale%20libro%20Juzbado%20abierto%202019%20(46).jpeg\" width=\"453\" \/><\/a><\/td>\n<\/tr>\n<tr>\n<td style=\"text-align: center;\"><a href=\"https:\/\/juzbado.blogspot.com\/2019\/04\/11-fotos-de-ida-vitale-en-juzbado.html\" target=\"_blank\">Si clicas en esta foto ver\u00e1s m\u00e1s instant\u00e1neas de la visita de Vitale<br \/><\/a><\/td>\n<\/tr>\n<\/tbody>\n<\/table>\n<p><span style=\"font-size: medium;\"><span style=\"font-family: arial;\"><span><span style=\"line-height: 115%;\"><br \/>&nbsp;<\/p>\n<table align=\"center\" cellpadding=\"0\" cellspacing=\"0\" style=\"margin-left: auto; margin-right: auto;\">\n<tbody>\n<tr>\n<td style=\"text-align: center;\"><a href=\"https:\/\/twitter.com\/rtvenoticias\/status\/1129081862897356800?s=24\" style=\"margin-left: auto; margin-right: auto;\" target=\"_blank\"><img loading=\"lazy\" decoding=\"async\" border=\"0\" data-original-height=\"504\" data-original-width=\"746\" height=\"308\" src=\"https:\/\/blogger.googleusercontent.com\/img\/b\/R29vZ2xl\/AVvXsEiCGzoz7w1DfyIGmSwjLFugVQuMlehTH0v-rxAclDlK2vgmkRSHwrMYOydYLpa0SsKI0Jjxi_Vko1HbY9Rz_dZOnceEPskb-hoBmCkl9Dc8NBCrGcrmbM4mDQoNLA84B1m2jUL0Q_JIbRz9-aOGH4Os1d4kbYaz1lNT-wMexUcd-AUXl3pMXB7Vj7Mu\/w457-h308\/Imagen1.png\" width=\"457\" \/><\/a><\/td>\n<\/tr>\n<tr>\n<td style=\"text-align: center;\"><a href=\"https:\/\/twitter.com\/rtvenoticias\/status\/1129081862897356800?s=24\" target=\"_blank\">Si clicas en este video ver\u00e1s a Ida Vitale hablando de Juzbado<br \/><\/a><\/td>\n<\/tr>\n<\/tbody>\n<\/table>\n<p><\/span><\/span><\/span><\/span><\/p>\n<p style=\"text-align: justify;\"><span style=\"font-size: medium;\"><span style=\"font-family: arial;\"><span><span style=\"line-height: 115%;\"><br \/><\/span><\/span><\/span><\/span><\/p>\n","protected":false},"excerpt":{"rendered":"<p>Hoy hace 3 a\u00f1os nos visit\u00f3 Ida Vitale. Recib\u00eda el Premio Cervantes unos d\u00edas antes en el Paraninfo de la Universidad de Alcal\u00e1 de Henares.&nbsp; Vino a compartir su palabras luminosas con los vecinos y amigos de Juzbado. &nbsp;Ley\u00f3 Fortuna y Reuni\u00f3n en la Pe\u00f1a del Castillo y nos dej\u00f3 tambi\u00e9n otro poema, Misterios, bajo [&hellip;]<\/p>\n","protected":false},"author":2,"featured_media":0,"comment_status":"open","ping_status":"open","sticky":false,"template":"","format":"standard","meta":{"saved_in_kubio":false,"footnotes":""},"categories":[453,183,218,340,292,228,548,415],"tags":[],"class_list":["post-226","post","type-post","status-publish","format-standard","hentry","category-453","category-abril","category-ida-vitale","category-juzbado-libro-abierto","category-libro-abierto","category-pena-del-castillo","category-poesia","category-premio-cervantes"],"_links":{"self":[{"href":"https:\/\/juzbado.es\/nuevaweb\/wp-json\/wp\/v2\/posts\/226","targetHints":{"allow":["GET"]}}],"collection":[{"href":"https:\/\/juzbado.es\/nuevaweb\/wp-json\/wp\/v2\/posts"}],"about":[{"href":"https:\/\/juzbado.es\/nuevaweb\/wp-json\/wp\/v2\/types\/post"}],"author":[{"embeddable":true,"href":"https:\/\/juzbado.es\/nuevaweb\/wp-json\/wp\/v2\/users\/2"}],"replies":[{"embeddable":true,"href":"https:\/\/juzbado.es\/nuevaweb\/wp-json\/wp\/v2\/comments?post=226"}],"version-history":[{"count":0,"href":"https:\/\/juzbado.es\/nuevaweb\/wp-json\/wp\/v2\/posts\/226\/revisions"}],"wp:attachment":[{"href":"https:\/\/juzbado.es\/nuevaweb\/wp-json\/wp\/v2\/media?parent=226"}],"wp:term":[{"taxonomy":"category","embeddable":true,"href":"https:\/\/juzbado.es\/nuevaweb\/wp-json\/wp\/v2\/categories?post=226"},{"taxonomy":"post_tag","embeddable":true,"href":"https:\/\/juzbado.es\/nuevaweb\/wp-json\/wp\/v2\/tags?post=226"}],"curies":[{"name":"wp","href":"https:\/\/api.w.org\/{rel}","templated":true}]}}