{"id":23,"date":"2024-11-20T11:38:00","date_gmt":"2024-11-20T10:38:00","guid":{"rendered":"http:\/\/juzbado.es\/nuevaweb\/2024\/11\/20\/juzbado-con-valencia\/"},"modified":"2025-01-17T13:30:38","modified_gmt":"2025-01-17T12:30:38","slug":"juzbado-con-valencia","status":"publish","type":"post","link":"https:\/\/juzbado.es\/nuevaweb\/2024\/11\/20\/juzbado-con-valencia\/","title":{"rendered":"JUZBADO CON VALENCIA"},"content":{"rendered":"<p style=\"text-align: justify;\"><span dir=\"auto\" style=\"font-family: arial;\"><span style=\"font-size: medium;\">Con<br \/>\n la ayuda de la <a href=\"http:\/\/juzbado.es\/nuevaweb\/p\/asociaciones.html\" target=\"_blank\">Asociaci\u00f3n de Mujeres de Juzbado<\/a>, la <a href=\"http:\/\/juzbado.es\/nuevaweb\/p\/asociaciones.html\" target=\"_blank\">Asociaci\u00f3n de Mayores de Juzbado<\/a>, la Pe\u00f1a de la primitiva de Juzbado y el Ayuntamiento<br \/>\n de Juzbado, hace unos d\u00edas salia de nuestro pueblo un cargamento de<br \/>\nutensilios, herramientas, accesorios, alimentos y enseres de primera<br \/>\nnecesidad  con el fin de que llegue a las personas afectadas por la<br \/>\nDANA.&nbsp;<\/span><\/span><\/p>\n<p style=\"text-align: justify;\"><span dir=\"auto\" style=\"font-family: arial;\"><span style=\"font-size: medium;\"><\/span><\/span><\/p>\n<div style=\"clear: both; text-align: center;\"><span style=\"font-size: medium;\"><a href=\"http:\/\/juzbado.es\/nuevaweb\/wp-content\/uploads\/2024\/11\/VALENCIA-1.jpg\" style=\"margin-left: 1em; margin-right: 1em;\"><img loading=\"lazy\" decoding=\"async\" alt=\"Juzbado, Valencia,Asociaci\u00f3n de Mayores,Asociaci\u00f3n de Mujeres, Pe\u00f1a de la Primitiva\" border=\"0\" data-original-height=\"2480\" data-original-width=\"2480\" height=\"640\" src=\"http:\/\/juzbado.es\/nuevaweb\/wp-content\/uploads\/2024\/11\/VALENCIA-1-300x300.jpg\" title=\"Juzbado, Valencia,Asociaci\u00f3n de Mayores,Asociaci\u00f3n de Mujeres, Pe\u00f1a de la Primitiva\" width=\"640\" \/><\/a><\/span><\/div>\n<p><span style=\"font-size: medium;\">Tras una convocatoria de urgencia, la respuesta no se ha hecho espera.&nbsp; por eso desde aqu\u00ed damos las gracias a todas las asociaciones de Juzbado y tambi\u00e9n a<br \/>\ntodos los vecinos que hab\u00e9is contribuido de forma individual <span><\/span>igualmente a esta causa solidaria.<\/span><\/p>\n<p style=\"text-align: justify;\"><span dir=\"auto\" style=\"font-family: arial;\"><span style=\"font-size: medium;\"><\/span><\/span><\/p>\n<div style=\"clear: both; text-align: center;\"><span style=\"font-size: medium;\"><a href=\"http:\/\/juzbado.es\/nuevaweb\/wp-content\/uploads\/2024\/11\/Imagen1.png\" style=\"margin-left: 1em; margin-right: 1em;\"><img loading=\"lazy\" decoding=\"async\" alt=\"Juzbado, Valencia,Asociaci\u00f3n de Mayores,Asociaci\u00f3n de Mujeres, Pe\u00f1a de la Primitiva\" border=\"0\" data-original-height=\"354\" data-original-width=\"1363\" height=\"166\" src=\"http:\/\/juzbado.es\/nuevaweb\/wp-content\/uploads\/2024\/11\/Imagen1-300x78.png\" title=\"Juzbado, Valencia,Asociaci\u00f3n de Mayores,Asociaci\u00f3n de Mujeres, Pe\u00f1a de la Primitiva\" width=\"640\" \/><\/a><\/span><\/div>\n<p><span style=\"font-size: medium;\"><br \/>&nbsp;<\/span><\/p>\n","protected":false},"excerpt":{"rendered":"<p>Con la ayuda de la Asociaci\u00f3n de Mujeres de Juzbado, la Asociaci\u00f3n de Mayores de Juzbado, la Pe\u00f1a de la primitiva de Juzbado y el Ayuntamiento de Juzbado, hace unos d\u00edas salia de nuestro pueblo un cargamento de utensilios, herramientas, accesorios, alimentos y enseres de primera necesidad con el fin de que llegue a las [&hellip;]<\/p>\n","protected":false},"author":2,"featured_media":890,"comment_status":"open","ping_status":"open","sticky":false,"template":"","format":"standard","meta":{"saved_in_kubio":false,"footnotes":""},"categories":[6,42,69,70],"tags":[],"class_list":["post-23","post","type-post","status-publish","format-standard","has-post-thumbnail","hentry","category-asociacion-de-mayores","category-asociacion-de-mujeres","category-pena-de-la-primitiva","category-valencia"],"_links":{"self":[{"href":"https:\/\/juzbado.es\/nuevaweb\/wp-json\/wp\/v2\/posts\/23","targetHints":{"allow":["GET"]}}],"collection":[{"href":"https:\/\/juzbado.es\/nuevaweb\/wp-json\/wp\/v2\/posts"}],"about":[{"href":"https:\/\/juzbado.es\/nuevaweb\/wp-json\/wp\/v2\/types\/post"}],"author":[{"embeddable":true,"href":"https:\/\/juzbado.es\/nuevaweb\/wp-json\/wp\/v2\/users\/2"}],"replies":[{"embeddable":true,"href":"https:\/\/juzbado.es\/nuevaweb\/wp-json\/wp\/v2\/comments?post=23"}],"version-history":[{"count":3,"href":"https:\/\/juzbado.es\/nuevaweb\/wp-json\/wp\/v2\/posts\/23\/revisions"}],"predecessor-version":[{"id":950,"href":"https:\/\/juzbado.es\/nuevaweb\/wp-json\/wp\/v2\/posts\/23\/revisions\/950"}],"wp:featuredmedia":[{"embeddable":true,"href":"https:\/\/juzbado.es\/nuevaweb\/wp-json\/wp\/v2\/media\/890"}],"wp:attachment":[{"href":"https:\/\/juzbado.es\/nuevaweb\/wp-json\/wp\/v2\/media?parent=23"}],"wp:term":[{"taxonomy":"category","embeddable":true,"href":"https:\/\/juzbado.es\/nuevaweb\/wp-json\/wp\/v2\/categories?post=23"},{"taxonomy":"post_tag","embeddable":true,"href":"https:\/\/juzbado.es\/nuevaweb\/wp-json\/wp\/v2\/tags?post=23"}],"curies":[{"name":"wp","href":"https:\/\/api.w.org\/{rel}","templated":true}]}}