{"id":232,"date":"2022-04-09T21:11:00","date_gmt":"2022-04-09T19:11:00","guid":{"rendered":"http:\/\/juzbado.es\/nuevaweb\/2022\/04\/09\/la-jornada-botanica-mas-gastronomica\/"},"modified":"2022-04-09T21:11:00","modified_gmt":"2022-04-09T19:11:00","slug":"la-jornada-botanica-mas-gastronomica","status":"publish","type":"post","link":"https:\/\/juzbado.es\/nuevaweb\/2022\/04\/09\/la-jornada-botanica-mas-gastronomica\/","title":{"rendered":"LA JORNADA BOT\u00c1NICA M\u00c1S GASTRON\u00d3MICA"},"content":{"rendered":"<div>\n<div>\n<p style=\"text-align: justify;\"><span style=\"font-size: medium;\"><span style=\"font-family: arial;\"><b>Las tradicionales jornadas bot\u00e1nicas del municipio de Juzbado<br \/>\ncongregan a m\u00e1s de 60 personas en torno a la biodiversidad bot\u00e1nica de nueustra<br \/>\nprovincia y, de manera especial, a la gastronom\u00eda de las plantas silvestres.<br \/>\nCon el t\u00edtulo de \u201cla despensa en el campo\u201d, el <a href=\"http:\/\/www.centrobotanicodejuzbado.es\/\" target=\"_blank\">Centro Bot\u00e1nico de Juzbado<\/a>, con<br \/>\nAna Gonz\u00e1lez-Garzo y Augusto Krause como<br \/>\nanfitriones, volvi\u00f3 a demostrar y divulgar la biodiversidad vegetal y el<br \/>\ninter\u00e9s que tienen muchas de las plantas de nuestra provincia, tanto desde el<br \/>\npunto de vista culinario, como medicinal y gastron\u00f3mico.<span>&nbsp;&nbsp;<\/span><\/b><\/span><\/span><\/p>\n<p style=\"text-align: justify;\"><span style=\"font-size: medium;\"><span style=\"font-family: arial;\"><b><span><\/span><\/b><\/span><\/span><\/p>\n<table align=\"center\" cellpadding=\"0\" cellspacing=\"0\" style=\"margin-left: auto; margin-right: auto;\">\n<tbody>\n<tr>\n<td style=\"text-align: center;\"><a href=\"https:\/\/blogger.googleusercontent.com\/img\/b\/R29vZ2xl\/AVvXsEhOYcyi838-achmSOOajx3tA0H-IxOOAoDGGfthnrAiJQ6_qNmpK2aob4ipgqp5FVrwaYZl9ksqvMJTlRxffAKvmnnRgbhl5pb-XnHjMUtsO6uXlse_5Sxuw4l3EGHTCY2R15zcnwWg0Hfk9H9jf1XdB5XMyK5Gg2qK8E4AhLSsZ2DsQSFZ8tbTrZy3\/s3805\/20220409_114950-01-01.jpeg\" style=\"margin-left: auto; margin-right: auto;\"><img loading=\"lazy\" decoding=\"async\" alt=\"Juzbado, centro bot\u00e1nico, jornadas bot\u00e1nicas, 2022, Ana Gonz\u00e1lez-Garzo y Augusto krause\" border=\"0\" data-original-height=\"1714\" data-original-width=\"3805\" height=\"288\" src=\"https:\/\/blogger.googleusercontent.com\/img\/b\/R29vZ2xl\/AVvXsEhOYcyi838-achmSOOajx3tA0H-IxOOAoDGGfthnrAiJQ6_qNmpK2aob4ipgqp5FVrwaYZl9ksqvMJTlRxffAKvmnnRgbhl5pb-XnHjMUtsO6uXlse_5Sxuw4l3EGHTCY2R15zcnwWg0Hfk9H9jf1XdB5XMyK5Gg2qK8E4AhLSsZ2DsQSFZ8tbTrZy3\/w640-h288\/20220409_114950-01-01.jpeg\" title=\"Juzbado, centro bot\u00e1nico, jornadas bot\u00e1nicas, 2022, Ana Gonz\u00e1lez-Garzo y Augusto krause\" width=\"640\" \/><\/a><\/td>\n<\/tr>\n<tr>\n<td style=\"text-align: center;\">Paseo bot\u00e1nico por los alrededores de Juzbado<\/td>\n<\/tr>\n<\/tbody>\n<\/table>\n<p><span style=\"font-size: medium;\"><span style=\"font-family: arial;\"><b><span><br \/><\/span><\/b><\/span><\/span><\/div>\n<div>\n<div style=\"text-align: justify;\"><span style=\"font-size: medium;\"><span style=\"font-family: arial;\">En esta ocasi\u00f3n, la innovadora propuesta juzbadina consisti\u00f3<br \/>\nen un paseo bot\u00e1nico por los alrededores de Juzbado a la que acudieron muchos<br \/>\nvecinos y amigos de Juzbado, as\u00ed como participantes venidos de muchas otras<br \/>\npartes de la Castilla y Le\u00f3n.<span>&nbsp; <\/span>El itinerario<br \/>\nrepas\u00f3 las principales plantas que en esta \u00e9poca comienzan a florecer y a brotar.<span>&nbsp; <\/span>Se trataba de la primera edici\u00f3n del evento al<br \/>\naire libre que se celebra en primavera y muy esperado <a href=\"https:\/\/juzbado.blogspot.com\/2021\/10\/por-fin-una-joranda-botanica-como-en.html\" target=\"_blank\">tras la \u00faltima celebrado en el oto\u00f1o<\/a> de 2021.<span>&nbsp;&nbsp;<span><a name='more'><\/a><\/span><\/span><\/span><\/span><\/div>\n<\/p>\n<p style=\"text-align: justify;\"><span style=\"font-size: medium;\"><span style=\"font-family: arial;\"><span><\/span><\/span><\/span><\/p>\n<table align=\"center\" cellpadding=\"0\" cellspacing=\"0\" style=\"margin-left: auto; margin-right: auto;\">\n<tbody>\n<tr>\n<td style=\"text-align: center;\"><a href=\"https:\/\/blogger.googleusercontent.com\/img\/b\/R29vZ2xl\/AVvXsEjzkNXciwzJsX-5p4YEOPQtMmxkKayJY-I25uL8n8Zq5pknN4YNE-e8wLuiVBaqjZuiS7WkFzryjlQqoetrBb0GNLHqIbjGhyQV3KM6VXhbZkcl-61_UjnhgxubjQ_4OpNn4SrjJAzcu3JO0EBPNDRo5k4zP_NP2uhf2D0DA7w8wNFcomVOP7xOy4ZY\/s4032\/20220409_170728-01-01.jpeg\" style=\"margin-left: auto; margin-right: auto;\"><img loading=\"lazy\" decoding=\"async\" alt=\"Juzbado, centro bot\u00e1nico, jornadas bot\u00e1nicas, 2022, Ana Gonz\u00e1lez-Garzo y Augusto krause\" border=\"0\" data-original-height=\"1816\" data-original-width=\"4032\" height=\"288\" src=\"https:\/\/blogger.googleusercontent.com\/img\/b\/R29vZ2xl\/AVvXsEjzkNXciwzJsX-5p4YEOPQtMmxkKayJY-I25uL8n8Zq5pknN4YNE-e8wLuiVBaqjZuiS7WkFzryjlQqoetrBb0GNLHqIbjGhyQV3KM6VXhbZkcl-61_UjnhgxubjQ_4OpNn4SrjJAzcu3JO0EBPNDRo5k4zP_NP2uhf2D0DA7w8wNFcomVOP7xOy4ZY\/w640-h288\/20220409_170728-01-01.jpeg\" title=\"Juzbado, centro bot\u00e1nico, jornadas bot\u00e1nicas, 2022, Ana Gonz\u00e1lez-Garzo y Augusto krause\" width=\"640\" \/><\/a><\/td>\n<\/tr>\n<tr>\n<td style=\"text-align: center;\">Los participantes seleccionan todas las plantas recolectadas durante el paseo bot\u00e1nico.<\/td>\n<\/tr>\n<\/tbody>\n<\/table>\n<p><span style=\"font-size: medium;\"><span style=\"font-family: arial;\"><span><br \/><\/span><\/span><\/span><\/div>\n<div style=\"text-align: justify;\"><span style=\"font-size: medium;\"><span style=\"font-family: arial;\">Ya por la tarde, el nutrido grupo de<br \/>\nparticipantes se reuni\u00f3 en torno a una cocina m\u00f3vil instalada para la ocasi\u00f3n en<br \/>\nel sal\u00f3n de actos.<span>&nbsp; <\/span>All\u00ed se seleccionaron<br \/>\ntodas las plantas que los propios participantes recogieron durante la ma\u00f1ana y<br \/>\nse clasificaron para cocinarlas.<span>&nbsp; <\/span>Revueltos,<br \/>\ntempuras y ensaladas son algunos de los platos que se prepararon gracias a la colaboraci\u00f3n<br \/>\nde todos los presentes.<span>&nbsp;&nbsp;<\/span><\/span><\/span><\/div>\n<\/p>\n<p style=\"text-align: justify;\"><span style=\"font-size: medium;\"><span style=\"font-family: arial;\"><span><\/span><\/span><\/span><\/p>\n<table align=\"center\" cellpadding=\"0\" cellspacing=\"0\" style=\"margin-left: auto; margin-right: auto;\">\n<tbody>\n<tr>\n<td style=\"text-align: center;\"><a href=\"https:\/\/blogger.googleusercontent.com\/img\/b\/R29vZ2xl\/AVvXsEgdsfpGJHYYP8s9OnAgsoPF8iruIbzxsVApU91322RGTfYpMz1JMIKujBRvFX93Ko_wT2pOGIEX-dzxcBb2NUWM64KtnPiGNVsYyw-_l4EPpDbOATaL7Mri4ckOu0KXkvMlk9R4ISncVeHfyA41Ed1PMs1hcGi2Vi4I8gb-CeJioSP9gNYiUzgECjZe\/s4032\/20220409_184428-01-01.jpeg\" style=\"margin-left: auto; margin-right: auto;\"><img loading=\"lazy\" decoding=\"async\" alt=\"Juzbado, centro bot\u00e1nico, jornadas bot\u00e1nicas, 2022, Ana Gonz\u00e1lez-Garzo y Augusto krause\" border=\"0\" data-original-height=\"1816\" data-original-width=\"4032\" height=\"288\" src=\"https:\/\/blogger.googleusercontent.com\/img\/b\/R29vZ2xl\/AVvXsEgdsfpGJHYYP8s9OnAgsoPF8iruIbzxsVApU91322RGTfYpMz1JMIKujBRvFX93Ko_wT2pOGIEX-dzxcBb2NUWM64KtnPiGNVsYyw-_l4EPpDbOATaL7Mri4ckOu0KXkvMlk9R4ISncVeHfyA41Ed1PMs1hcGi2Vi4I8gb-CeJioSP9gNYiUzgECjZe\/w640-h288\/20220409_184428-01-01.jpeg\" title=\"Juzbado, centro bot\u00e1nico, jornadas bot\u00e1nicas, 2022, Ana Gonz\u00e1lez-Garzo y Augusto krause\" width=\"640\" \/><\/a><\/td>\n<\/tr>\n<tr>\n<td style=\"text-align: center;\">Show-cooking en el sal\u00f3n de actos del Ayuntamiento de Juzbado<\/td>\n<\/tr>\n<\/tbody>\n<\/table>\n<p><span style=\"font-size: medium;\"><span style=\"font-family: arial;\"><span><br \/><\/span><\/span><\/span><\/div>\n<div style=\"text-align: justify;\"><span style=\"font-size: medium;\"><span style=\"font-family: arial;\">La guinda del primer<br \/>\n<i>show-cooking<\/i> de las jornadas bot\u00e1nicas de Juzbado con plantas silvestres<br \/>\nlo pusieron los deliciosos \u00e1gapes preparados por Lourdes Garc\u00eda Pacheco, chef<br \/>\ndel <a href=\"https:\/\/es-es.facebook.com\/pages\/category\/Bar\/Bar-el-toral-1708367729400776\/\" target=\"_blank\">Bar Restaurante El Toral<\/a>.<span>&nbsp; <\/span>Empanadas<br \/>\nde ortiga, hinojo y cardo mariano, croquetas de ortigas o tortillas con un<br \/>\nsinf\u00edn de vegetales hicieron las delicias de los participantes.<span>&nbsp; <\/span>Muchas familias, amigos y aficionados a la naturaleza<br \/>\nse volvieron a juntar y disfrutar con los vecinos de Juzbado, respaldando con<br \/>\nsu entusiasmo una de las<span>&nbsp; <\/span>muchas iniciativas<br \/>\nque el municipio de Juzbado realiza en torno a la cultura y el medio ambiente.<\/span><\/span><\/div>\n<\/p>\n<p style=\"text-align: justify;\"><span style=\"font-size: medium;\"><span style=\"font-family: arial;\"><\/span><\/span><\/p>\n<table align=\"center\" cellpadding=\"0\" cellspacing=\"0\" style=\"margin-left: auto; margin-right: auto;\">\n<tbody>\n<tr>\n<td style=\"text-align: center;\"><a href=\"https:\/\/blogger.googleusercontent.com\/img\/b\/R29vZ2xl\/AVvXsEiRTb26zC24VO6XF7XhmQTOC0O9632qODzPzibd9RXKE4AqUacvW0_vSv-ONInc0xM7N46k7U0gApwStA9OxweErlXLUDax_LhUGObMC9UhWWB398SG0IY5Zvi4cnrUBIA1536nlj2WRBhiyWYgtRu2GubT6owynjsUuV5epOHh0iJTBqfOs7th6_eg\/s4032\/20220409_172127-01-01.jpeg\" style=\"margin-left: auto; margin-right: auto;\"><img loading=\"lazy\" decoding=\"async\" alt=\"Juzbado, centro bot\u00e1nico, jornadas bot\u00e1nicas, 2022, Ana Gonz\u00e1lez-Garzo y Augusto krause\" border=\"0\" data-original-height=\"1816\" data-original-width=\"4032\" height=\"288\" src=\"https:\/\/blogger.googleusercontent.com\/img\/b\/R29vZ2xl\/AVvXsEiRTb26zC24VO6XF7XhmQTOC0O9632qODzPzibd9RXKE4AqUacvW0_vSv-ONInc0xM7N46k7U0gApwStA9OxweErlXLUDax_LhUGObMC9UhWWB398SG0IY5Zvi4cnrUBIA1536nlj2WRBhiyWYgtRu2GubT6owynjsUuV5epOHh0iJTBqfOs7th6_eg\/w640-h288\/20220409_172127-01-01.jpeg\" title=\"Juzbado, centro bot\u00e1nico, jornadas bot\u00e1nicas, 2022, Ana Gonz\u00e1lez-Garzo y Augusto krause\" width=\"640\" \/><\/a><\/td>\n<\/tr>\n<tr>\n<td style=\"text-align: center;\">Cuaderno de Campo de plantas de Juzbado, nueva edici\u00f3n presentada durante el evento.<\/td>\n<\/tr>\n<\/tbody>\n<\/table>\n<p><span style=\"font-size: medium;\"><span style=\"font-family: arial;\"><br \/>&nbsp;<\/span><\/span><\/p>\n","protected":false},"excerpt":{"rendered":"<p>Las tradicionales jornadas bot\u00e1nicas del municipio de Juzbado congregan a m\u00e1s de 60 personas en torno a la biodiversidad bot\u00e1nica de nueustra provincia y, de manera especial, a la gastronom\u00eda de las plantas silvestres. Con el t\u00edtulo de \u201cla despensa en el campo\u201d, el Centro Bot\u00e1nico de Juzbado, con Ana Gonz\u00e1lez-Garzo y Augusto Krause como [&hellip;]<\/p>\n","protected":false},"author":2,"featured_media":0,"comment_status":"open","ping_status":"open","sticky":false,"template":"","format":"standard","meta":{"saved_in_kubio":false,"footnotes":""},"categories":[453,183,401,81,316,241,557],"tags":[],"class_list":["post-232","post","type-post","status-publish","format-standard","hentry","category-453","category-abril","category-ana-gonzalez-garzo-y-augusto-krause","category-centro-botanico","category-jornadas-botanicas","category-plantas-de-juzbado","category-show-cooking"],"_links":{"self":[{"href":"https:\/\/juzbado.es\/nuevaweb\/wp-json\/wp\/v2\/posts\/232","targetHints":{"allow":["GET"]}}],"collection":[{"href":"https:\/\/juzbado.es\/nuevaweb\/wp-json\/wp\/v2\/posts"}],"about":[{"href":"https:\/\/juzbado.es\/nuevaweb\/wp-json\/wp\/v2\/types\/post"}],"author":[{"embeddable":true,"href":"https:\/\/juzbado.es\/nuevaweb\/wp-json\/wp\/v2\/users\/2"}],"replies":[{"embeddable":true,"href":"https:\/\/juzbado.es\/nuevaweb\/wp-json\/wp\/v2\/comments?post=232"}],"version-history":[{"count":0,"href":"https:\/\/juzbado.es\/nuevaweb\/wp-json\/wp\/v2\/posts\/232\/revisions"}],"wp:attachment":[{"href":"https:\/\/juzbado.es\/nuevaweb\/wp-json\/wp\/v2\/media?parent=232"}],"wp:term":[{"taxonomy":"category","embeddable":true,"href":"https:\/\/juzbado.es\/nuevaweb\/wp-json\/wp\/v2\/categories?post=232"},{"taxonomy":"post_tag","embeddable":true,"href":"https:\/\/juzbado.es\/nuevaweb\/wp-json\/wp\/v2\/tags?post=232"}],"curies":[{"name":"wp","href":"https:\/\/api.w.org\/{rel}","templated":true}]}}