{"id":233,"date":"2022-03-30T14:25:00","date_gmt":"2022-03-30T12:25:00","guid":{"rendered":"http:\/\/juzbado.es\/nuevaweb\/2022\/03\/30\/dichos-y-refranes-para-la-penultima-tarde-de-marzo\/"},"modified":"2022-03-30T14:25:00","modified_gmt":"2022-03-30T12:25:00","slug":"dichos-y-refranes-para-la-penultima-tarde-de-marzo","status":"publish","type":"post","link":"https:\/\/juzbado.es\/nuevaweb\/2022\/03\/30\/dichos-y-refranes-para-la-penultima-tarde-de-marzo\/","title":{"rendered":"DICHOS Y REFRANES PARA LA PEN\u00daLTIMA TARDE DE MARZO"},"content":{"rendered":"<p style=\"text-align: justify;\"><span style=\"font-family: arial;\"><span style=\"font-size: medium;\">Las sesiones del <a href=\"https:\/\/juzbado.blogspot.com\/2022\/02\/nuevo-punto-de-inclusion-digital.html\" target=\"_blank\">Punto de Inclusi\u00f3n Digital <\/a>de <span>&nbsp;<\/span>los mi\u00e9rcoles por la tarde no tienen<br \/>\nl\u00edmite.<span>&nbsp; <\/span>Si hace una semana nos<br \/>\natrev\u00edamos a celebrar un encuentro vecinal para hablar de las mujeres de Juzbado<br \/>\ny la reciente presentaci\u00f3n del libro de las <a href=\"https:\/\/juzbado.blogspot.com\/2022\/03\/juzbado-celebra-el-8-de-marzo-con.html\" target=\"_blank\">memorias y retratos de las Mujeres de Juzbado<\/a>, en esta ocasi\u00f3n nos queremos introducir en el maravilloso mundo de<br \/>\nlos dichos y refranes.<span>&nbsp; <\/span>Nos acordamos de<br \/>\ntodo el saber y sabidur\u00eda (y l\u00f3gica aplastante) que encierran estos aforismos<br \/>\ndel patrimonio intangible de nuestra cultura y de nuestro pueblo.<\/span><\/span><\/p>\n<div style=\"text-align: justify;\"><span style=\"font-family: arial;\"><span style=\"font-size: medium;\"><\/p>\n<p><\/span><\/span><\/div>\n<p style=\"text-align: justify;\"><span style=\"font-family: arial;\"><span style=\"font-size: medium;\">Por eso, el mi\u00e9rcoles 30 de marzo os invitamos a sumar y<br \/>\nponer en com\u00fan nuestros dichos y refranes. A partir de las <span>&nbsp;<\/span>18:00 h. en el sal\u00f3n del hogar del<br \/>\nAyuntamiento de Juzbado.<\/span><\/span><\/p>\n<p style=\"text-align: justify;\"><span style=\"font-family: arial;\"><span style=\"font-size: medium;\"><\/p>\n<table align=\"center\" cellpadding=\"0\" cellspacing=\"0\" style=\"margin-left: auto; margin-right: auto;\">\n<tbody>\n<tr>\n<td style=\"text-align: center;\"><a href=\"https:\/\/blogger.googleusercontent.com\/img\/b\/R29vZ2xl\/AVvXsEjo0-HsrqrKJBTUR9DKbjUfhX0gw5Jsik84yaXlzOkAw9d5jZGZ8JA4Qi-AhZdC-fbQL2lej3T3c7n-5xfdBhIpSlfrYC9o0keI8h7utNRY-qU6FDmBnLK5jHlVj1xOku7uFJMktoddVrDPL2lavM9W6-El1X4FxXiKxYsmRZ3paoJ4lVLoN9wrrpkY\/s1600\/juzbado%20khora%202022.jpeg\" style=\"margin-left: auto; margin-right: auto;\"><img loading=\"lazy\" decoding=\"async\" alt=\"Juzbado, memoria sonora, khora, Punto de inclusi\u00f3n digital\" border=\"0\" data-original-height=\"1600\" data-original-width=\"1131\" height=\"640\" src=\"https:\/\/blogger.googleusercontent.com\/img\/b\/R29vZ2xl\/AVvXsEjo0-HsrqrKJBTUR9DKbjUfhX0gw5Jsik84yaXlzOkAw9d5jZGZ8JA4Qi-AhZdC-fbQL2lej3T3c7n-5xfdBhIpSlfrYC9o0keI8h7utNRY-qU6FDmBnLK5jHlVj1xOku7uFJMktoddVrDPL2lavM9W6-El1X4FxXiKxYsmRZ3paoJ4lVLoN9wrrpkY\/w452-h640\/juzbado%20khora%202022.jpeg\" title=\"Juzbado, memoria sonora, khora, Punto de inclusi\u00f3n digital\" width=\"452\" \/><\/a><\/td>\n<\/tr>\n<tr>\n<td style=\"text-align: center;\">Cartel de la convocatoria de Dichos y refranes de Juzbado<\/td>\n<\/tr>\n<\/tbody>\n<\/table>\n<p>&nbsp;<\/span><\/span><\/p>\n","protected":false},"excerpt":{"rendered":"<p>Las sesiones del Punto de Inclusi\u00f3n Digital de &nbsp;los mi\u00e9rcoles por la tarde no tienen l\u00edmite.&nbsp; Si hace una semana nos atrev\u00edamos a celebrar un encuentro vecinal para hablar de las mujeres de Juzbado y la reciente presentaci\u00f3n del libro de las memorias y retratos de las Mujeres de Juzbado, en esta ocasi\u00f3n nos queremos [&hellip;]<\/p>\n","protected":false},"author":2,"featured_media":0,"comment_status":"open","ping_status":"open","sticky":false,"template":"","format":"standard","meta":{"saved_in_kubio":false,"footnotes":""},"categories":[453,183,6,42,558,133,122,132],"tags":[],"class_list":["post-233","post","type-post","status-publish","format-standard","hentry","category-453","category-abril","category-asociacion-de-mayores","category-asociacion-de-mujeres","category-dichos-y-refranes","category-juzbado-sonoro","category-khora","category-memoria-sonora"],"_links":{"self":[{"href":"https:\/\/juzbado.es\/nuevaweb\/wp-json\/wp\/v2\/posts\/233","targetHints":{"allow":["GET"]}}],"collection":[{"href":"https:\/\/juzbado.es\/nuevaweb\/wp-json\/wp\/v2\/posts"}],"about":[{"href":"https:\/\/juzbado.es\/nuevaweb\/wp-json\/wp\/v2\/types\/post"}],"author":[{"embeddable":true,"href":"https:\/\/juzbado.es\/nuevaweb\/wp-json\/wp\/v2\/users\/2"}],"replies":[{"embeddable":true,"href":"https:\/\/juzbado.es\/nuevaweb\/wp-json\/wp\/v2\/comments?post=233"}],"version-history":[{"count":0,"href":"https:\/\/juzbado.es\/nuevaweb\/wp-json\/wp\/v2\/posts\/233\/revisions"}],"wp:attachment":[{"href":"https:\/\/juzbado.es\/nuevaweb\/wp-json\/wp\/v2\/media?parent=233"}],"wp:term":[{"taxonomy":"category","embeddable":true,"href":"https:\/\/juzbado.es\/nuevaweb\/wp-json\/wp\/v2\/categories?post=233"},{"taxonomy":"post_tag","embeddable":true,"href":"https:\/\/juzbado.es\/nuevaweb\/wp-json\/wp\/v2\/tags?post=233"}],"curies":[{"name":"wp","href":"https:\/\/api.w.org\/{rel}","templated":true}]}}