{"id":235,"date":"2022-03-22T12:12:00","date_gmt":"2022-03-22T11:12:00","guid":{"rendered":"http:\/\/juzbado.es\/nuevaweb\/2022\/03\/22\/sesion-radiofonica-sobre-el-libro-de-mujeres\/"},"modified":"2022-03-22T12:12:00","modified_gmt":"2022-03-22T11:12:00","slug":"sesion-radiofonica-sobre-el-libro-de-mujeres","status":"publish","type":"post","link":"https:\/\/juzbado.es\/nuevaweb\/2022\/03\/22\/sesion-radiofonica-sobre-el-libro-de-mujeres\/","title":{"rendered":"SESI\u00d3N RADIOF\u00d3NICA SOBRE EL LIBRO DE MUJERES"},"content":{"rendered":"<\/p>\n<p style=\"text-align: justify;\"><span style=\"font-family: arial; font-size: medium;\"><span style=\"color: black;\">El mi\u00e9rcoles 16<br \/>\nde marzo se celebr\u00f3 en el sal\u00f3n del hogar un encuentro radiof\u00f3nico de vecinos para<br \/>\nhablar del <a href=\"https:\/\/juzbado.blogspot.com\/2022\/03\/juzbado-celebra-el-8-de-marzo-con.html\" target=\"_blank\">libro \u201cMujeres de Juzbado\u201d, presentado recientemente<\/a>.<\/span>&nbsp; La oportunidad de hablar en torno a la figura<br \/>\nde la mujer en Juzbado, tras la presentaci\u00f3n en sociedad el 8 de marzo fue<br \/>\nsecundada por vecinos que se acercaron a grabar algunos testimonios y pareceres<br \/>\nal respecto.&nbsp;La <a href=\"https:\/\/juzbado.blogspot.com\/p\/asociaciones.html\" target=\"_blank\">Asociaci\u00f3n de Mujeres<\/a> estuvo representada por Conso.&nbsp;En breves d\u00edas podremos<br \/>\nofreceros el podcast del programa especial.&nbsp;&nbsp;<\/span><\/p>\n<p style=\"text-align: justify;\"><span style=\"font-family: arial; font-size: medium;\">La propuesta forma parte del <b><a href=\"https:\/\/juzbado.blogspot.com\/2022\/02\/nuevo-punto-de-inclusion-digital.html\" target=\"_blank\">punto de inclusi\u00f3n digital<\/a><\/b> que se celebra todos los mi\u00e9rcoles entre las 17:30 h y las 20:00 h. Recordad que es un espacio abierto a todos los vecinos, que es gratuito y que est\u00e1 a nuestra servicio.<\/span><\/p>\n<p style=\"text-align: justify;\"><a href=\"https:\/\/blogger.googleusercontent.com\/img\/b\/R29vZ2xl\/AVvXsEiJ4IP1sgwuy6BFSrzFUlkIjkSiX-64Yvh1z18EHUDEN3LCmyMitRMme53KCznfj1QOydeyPYDEVdaZwPbkA_Z2yciPAOYxq38fBbFpPb7VkSDf5s7TjVv3Hz234Gf2iAA7-wYvmjM0c93mE0rSf5O2cX0JyqyYYtJWgKQEeNq-6pteLCCbr9Hz-y3e\/s4032\/khora%20punto%20de%20inclusi%C3%B3n%20digital%20radio%20mujeres%20(18).jpeg\" style=\"font-family: arial; font-size: large; margin-left: 1em; margin-right: 1em; text-align: center;\"><img loading=\"lazy\" decoding=\"async\" border=\"0\" data-original-height=\"1816\" data-original-width=\"4032\" height=\"288\" src=\"https:\/\/blogger.googleusercontent.com\/img\/b\/R29vZ2xl\/AVvXsEiJ4IP1sgwuy6BFSrzFUlkIjkSiX-64Yvh1z18EHUDEN3LCmyMitRMme53KCznfj1QOydeyPYDEVdaZwPbkA_Z2yciPAOYxq38fBbFpPb7VkSDf5s7TjVv3Hz234Gf2iAA7-wYvmjM0c93mE0rSf5O2cX0JyqyYYtJWgKQEeNq-6pteLCCbr9Hz-y3e\/w640-h288\/khora%20punto%20de%20inclusi%C3%B3n%20digital%20radio%20mujeres%20(18).jpeg\" width=\"640\" \/><\/a><\/p>\n<p><span><a name='more'><\/a><\/span><\/p>\n<div style=\"clear: both; text-align: center;\"><span style=\"font-family: arial; font-size: medium;\"><a href=\"https:\/\/blogger.googleusercontent.com\/img\/b\/R29vZ2xl\/AVvXsEhWCfVENHbJWSOSdVnJog5i_ywxCH3socPRr2w3Y-jhW57-FTg6RWVr-KFCp9J-rPlkilDjzDHdjS_kw1UuGCy5flwX3mCakoSKX9dJ9_oR0ta72ODecG4B4w7qCStu3gSAB9Y-0o9HV7DCxb1iJHA2v8sA7cF3odhXx2zMz6I03EqaaWqnbeP8BjOh\/s4032\/khora%20punto%20de%20inclusi%C3%B3n%20digital%20radio%20mujeres%20(4).jpeg\" style=\"margin-left: 1em; margin-right: 1em;\"><img loading=\"lazy\" decoding=\"async\" border=\"0\" data-original-height=\"1816\" data-original-width=\"4032\" height=\"288\" src=\"https:\/\/blogger.googleusercontent.com\/img\/b\/R29vZ2xl\/AVvXsEhWCfVENHbJWSOSdVnJog5i_ywxCH3socPRr2w3Y-jhW57-FTg6RWVr-KFCp9J-rPlkilDjzDHdjS_kw1UuGCy5flwX3mCakoSKX9dJ9_oR0ta72ODecG4B4w7qCStu3gSAB9Y-0o9HV7DCxb1iJHA2v8sA7cF3odhXx2zMz6I03EqaaWqnbeP8BjOh\/w640-h288\/khora%20punto%20de%20inclusi%C3%B3n%20digital%20radio%20mujeres%20(4).jpeg\" width=\"640\" \/><\/a><\/span><\/div>\n<p><span style=\"font-family: arial; font-size: medium;\"><\/p>\n<div style=\"clear: both; text-align: center;\"><a href=\"https:\/\/blogger.googleusercontent.com\/img\/b\/R29vZ2xl\/AVvXsEgwH_wdr-AwC2lfDEMJkvCDpcGgC-OZF8YlUVwPsFugY1hFmAH87_2hr-1Na7GZdKhbPFnRjKmxHtOFu1M-QRN90zMBdwljycLnO8dhj4mSuth0zULOKCZkRev19DEgUpi-8l-EsPLhJNE--6ajUJ4jjF_WNMz-GArkFh48qWa4spUwbuPJ3Ys8gJmz\/s4032\/khora%20punto%20de%20inclusi%C3%B3n%20digital%20radio%20mujeres%20(11).jpeg\" style=\"margin-left: 1em; margin-right: 1em;\"><img loading=\"lazy\" decoding=\"async\" border=\"0\" data-original-height=\"1816\" data-original-width=\"4032\" height=\"288\" src=\"https:\/\/blogger.googleusercontent.com\/img\/b\/R29vZ2xl\/AVvXsEgwH_wdr-AwC2lfDEMJkvCDpcGgC-OZF8YlUVwPsFugY1hFmAH87_2hr-1Na7GZdKhbPFnRjKmxHtOFu1M-QRN90zMBdwljycLnO8dhj4mSuth0zULOKCZkRev19DEgUpi-8l-EsPLhJNE--6ajUJ4jjF_WNMz-GArkFh48qWa4spUwbuPJ3Ys8gJmz\/w640-h288\/khora%20punto%20de%20inclusi%C3%B3n%20digital%20radio%20mujeres%20(11).jpeg\" width=\"640\" \/><\/a><\/div>\n<p><\/span><\/p>\n","protected":false},"excerpt":{"rendered":"<p>El mi\u00e9rcoles 16 de marzo se celebr\u00f3 en el sal\u00f3n del hogar un encuentro radiof\u00f3nico de vecinos para hablar del libro \u201cMujeres de Juzbado\u201d, presentado recientemente.&nbsp; La oportunidad de hablar en torno a la figura de la mujer en Juzbado, tras la presentaci\u00f3n en sociedad el 8 de marzo fue secundada por vecinos que se [&hellip;]<\/p>\n","protected":false},"author":2,"featured_media":0,"comment_status":"open","ping_status":"open","sticky":false,"template":"","format":"standard","meta":{"saved_in_kubio":false,"footnotes":""},"categories":[239,42,122,118],"tags":[],"class_list":["post-235","post","type-post","status-publish","format-standard","hentry","category-8-de-marzo","category-asociacion-de-mujeres","category-khora","category-radio"],"_links":{"self":[{"href":"https:\/\/juzbado.es\/nuevaweb\/wp-json\/wp\/v2\/posts\/235","targetHints":{"allow":["GET"]}}],"collection":[{"href":"https:\/\/juzbado.es\/nuevaweb\/wp-json\/wp\/v2\/posts"}],"about":[{"href":"https:\/\/juzbado.es\/nuevaweb\/wp-json\/wp\/v2\/types\/post"}],"author":[{"embeddable":true,"href":"https:\/\/juzbado.es\/nuevaweb\/wp-json\/wp\/v2\/users\/2"}],"replies":[{"embeddable":true,"href":"https:\/\/juzbado.es\/nuevaweb\/wp-json\/wp\/v2\/comments?post=235"}],"version-history":[{"count":0,"href":"https:\/\/juzbado.es\/nuevaweb\/wp-json\/wp\/v2\/posts\/235\/revisions"}],"wp:attachment":[{"href":"https:\/\/juzbado.es\/nuevaweb\/wp-json\/wp\/v2\/media?parent=235"}],"wp:term":[{"taxonomy":"category","embeddable":true,"href":"https:\/\/juzbado.es\/nuevaweb\/wp-json\/wp\/v2\/categories?post=235"},{"taxonomy":"post_tag","embeddable":true,"href":"https:\/\/juzbado.es\/nuevaweb\/wp-json\/wp\/v2\/tags?post=235"}],"curies":[{"name":"wp","href":"https:\/\/api.w.org\/{rel}","templated":true}]}}