{"id":236,"date":"2022-03-22T11:28:00","date_gmt":"2022-03-22T10:28:00","guid":{"rendered":"http:\/\/juzbado.es\/nuevaweb\/2022\/03\/22\/musica-para-celebrar-el-dia-del-padre\/"},"modified":"2022-03-22T11:28:00","modified_gmt":"2022-03-22T10:28:00","slug":"musica-para-celebrar-el-dia-del-padre","status":"publish","type":"post","link":"https:\/\/juzbado.es\/nuevaweb\/2022\/03\/22\/musica-para-celebrar-el-dia-del-padre\/","title":{"rendered":"M\u00daSICA PARA CELEBRAR EL D\u00cdA DEL PADRE"},"content":{"rendered":"<p style=\"text-align: justify;\"><span style=\"font-family: arial; font-size: medium;\">Este a\u00f1o celebramos el D\u00eda del Padre con un concierto de<br \/>\nm\u00fasica a cargo de una nueva formaci\u00f3n en el panorama musical de nuestra ciudad.<br \/>\nSe trata del joven Grupo de Clarinetes de la <a href=\"https:\/\/www.emsirinx.com\/\" target=\"_blank\">Escuela de M\u00fasica Sirinx<\/a>,<br \/>\nconformado en Salamanca durante el oto\u00f1o del 2021 gracias a la direcci\u00f3n del<br \/>\nclarinetista y profesor Juli\u00e1n Castellanos.&nbsp;<br \/>\nEl concierto recorri\u00f3 m\u00fasicas y sones variopintos con arreglos para un quinteto formado<br \/>\npor Leyre D\u00edaz, Rodrigo Fito, Javier Mart\u00edn, \u00c1lvaro Gonz\u00e1lez y Castellanos.&nbsp; El repertorio agrad\u00f3 a un sal\u00f3n de actos<br \/>\nlleno de vecinos y amigos. Desde aqu\u00ed felicitamos a todos los pap\u00e1s.<\/span><\/p>\n<p style=\"text-align: justify;\">\n<div style=\"clear: both; text-align: center;\"><a href=\"https:\/\/blogger.googleusercontent.com\/img\/b\/R29vZ2xl\/AVvXsEh1K1T77kJbcBzxBfXpeCuYpWNgZ8CaTA5nlaEXzaYVuJyeqbjqbYGXKS_6l64NtMHsmPy-c6TjtHrEujZSe3h_G_A-hxjsRGXFmAcFzsRmxbYQZe8_nQhLI_EFTJQ3IPS_GjNg1JBV75XsFLdMtZeyPPtICEGpLLTnOG8w8sz-l5ONGR57BcMK_Kif\/s3228\/Juzbado%20grupo%20de%20clarinetes%20(4).jpeg\" style=\"margin-left: 1em; margin-right: 1em;\"><img loading=\"lazy\" decoding=\"async\" alt=\"Juzbado, grupo de clarinetes de escuela de m\u00fasica Sirinx\" border=\"0\" data-original-height=\"1816\" data-original-width=\"3228\" height=\"360\" src=\"https:\/\/blogger.googleusercontent.com\/img\/b\/R29vZ2xl\/AVvXsEh1K1T77kJbcBzxBfXpeCuYpWNgZ8CaTA5nlaEXzaYVuJyeqbjqbYGXKS_6l64NtMHsmPy-c6TjtHrEujZSe3h_G_A-hxjsRGXFmAcFzsRmxbYQZe8_nQhLI_EFTJQ3IPS_GjNg1JBV75XsFLdMtZeyPPtICEGpLLTnOG8w8sz-l5ONGR57BcMK_Kif\/w640-h360\/Juzbado%20grupo%20de%20clarinetes%20(4).jpeg\" title=\"Juzbado, grupo de clarinetes de escuela de m\u00fasica Sirinx\" width=\"640\" \/><\/a><\/div>\n<p><span><a name='more'><\/a><\/span><\/p>\n<div style=\"clear: both; text-align: center;\"><a href=\"https:\/\/blogger.googleusercontent.com\/img\/b\/R29vZ2xl\/AVvXsEiSdrIdx5wca9zx8RlS3QvDSv0nYebNDQHiU96MXYCYEQm2QhYxb8_fUCjbC_ff4846WegxmeLOUAU6Vm4MWppAI6QApIMIE8SZrpuWOqym6DhKNrN32mVWD0uWlau2x79VYpiqRFfr6pKg8xnRRk-_AvvQ2Wfw1_xEMi8F4agejzQ_AC4qgczvvcJJ\/s4032\/Juzbado%20grupo%20de%20clarinetes%20(6).jpeg\" style=\"margin-left: 1em; margin-right: 1em;\"><img loading=\"lazy\" decoding=\"async\" alt=\"Juzbado, grupo de clarinetes de escuela de m\u00fasica Sirinx\" border=\"0\" data-original-height=\"1816\" data-original-width=\"4032\" height=\"288\" src=\"https:\/\/blogger.googleusercontent.com\/img\/b\/R29vZ2xl\/AVvXsEiSdrIdx5wca9zx8RlS3QvDSv0nYebNDQHiU96MXYCYEQm2QhYxb8_fUCjbC_ff4846WegxmeLOUAU6Vm4MWppAI6QApIMIE8SZrpuWOqym6DhKNrN32mVWD0uWlau2x79VYpiqRFfr6pKg8xnRRk-_AvvQ2Wfw1_xEMi8F4agejzQ_AC4qgczvvcJJ\/w640-h288\/Juzbado%20grupo%20de%20clarinetes%20(6).jpeg\" title=\"Juzbado, grupo de clarinetes de escuela de m\u00fasica Sirinx\" width=\"640\" \/><\/a><\/div>\n<p><span style=\"font-family: arial;\"><br \/><\/span><\/p>\n<p><o:p><\/o:p><\/p>\n","protected":false},"excerpt":{"rendered":"<p>Este a\u00f1o celebramos el D\u00eda del Padre con un concierto de m\u00fasica a cargo de una nueva formaci\u00f3n en el panorama musical de nuestra ciudad. Se trata del joven Grupo de Clarinetes de la Escuela de M\u00fasica Sirinx, conformado en Salamanca durante el oto\u00f1o del 2021 gracias a la direcci\u00f3n del clarinetista y profesor Juli\u00e1n [&hellip;]<\/p>\n","protected":false},"author":2,"featured_media":0,"comment_status":"open","ping_status":"open","sticky":false,"template":"","format":"standard","meta":{"saved_in_kubio":false,"footnotes":""},"categories":[453,559,397,225,463],"tags":[],"class_list":["post-236","post","type-post","status-publish","format-standard","hentry","category-453","category-dia-del-padre","category-escuela-de-musica-sirinx","category-marzo","category-sirinx"],"_links":{"self":[{"href":"https:\/\/juzbado.es\/nuevaweb\/wp-json\/wp\/v2\/posts\/236","targetHints":{"allow":["GET"]}}],"collection":[{"href":"https:\/\/juzbado.es\/nuevaweb\/wp-json\/wp\/v2\/posts"}],"about":[{"href":"https:\/\/juzbado.es\/nuevaweb\/wp-json\/wp\/v2\/types\/post"}],"author":[{"embeddable":true,"href":"https:\/\/juzbado.es\/nuevaweb\/wp-json\/wp\/v2\/users\/2"}],"replies":[{"embeddable":true,"href":"https:\/\/juzbado.es\/nuevaweb\/wp-json\/wp\/v2\/comments?post=236"}],"version-history":[{"count":0,"href":"https:\/\/juzbado.es\/nuevaweb\/wp-json\/wp\/v2\/posts\/236\/revisions"}],"wp:attachment":[{"href":"https:\/\/juzbado.es\/nuevaweb\/wp-json\/wp\/v2\/media?parent=236"}],"wp:term":[{"taxonomy":"category","embeddable":true,"href":"https:\/\/juzbado.es\/nuevaweb\/wp-json\/wp\/v2\/categories?post=236"},{"taxonomy":"post_tag","embeddable":true,"href":"https:\/\/juzbado.es\/nuevaweb\/wp-json\/wp\/v2\/tags?post=236"}],"curies":[{"name":"wp","href":"https:\/\/api.w.org\/{rel}","templated":true}]}}