{"id":237,"date":"2022-03-06T19:48:00","date_gmt":"2022-03-06T18:48:00","guid":{"rendered":"http:\/\/juzbado.es\/nuevaweb\/2022\/03\/06\/juzbado-celebra-el-8-de-marzo-con-solidaridad-teatro-y-un-nuevo-libro-para-el-pueblo\/"},"modified":"2022-03-06T19:48:00","modified_gmt":"2022-03-06T18:48:00","slug":"juzbado-celebra-el-8-de-marzo-con-solidaridad-teatro-y-un-nuevo-libro-para-el-pueblo","status":"publish","type":"post","link":"https:\/\/juzbado.es\/nuevaweb\/2022\/03\/06\/juzbado-celebra-el-8-de-marzo-con-solidaridad-teatro-y-un-nuevo-libro-para-el-pueblo\/","title":{"rendered":"JUZBADO CELEBRA EL 8 DE MARZO CON SOLIDARIDAD, TEATRO Y UN NUEVO LIBRO PARA EL PUEBLO"},"content":{"rendered":"<div style=\"text-align: justify;\">\n<div style=\"text-align: left;\"><span style=\"font-size: medium;\"><span style=\"font-family: arial;\"><span face=\"&quot;Arial&quot;,&quot;sans-serif&quot;\" style=\"mso-fareast-font-family: &quot;Times New Roman&quot;; mso-fareast-language: ES;\"><\/p>\n<div style=\"clear: both; text-align: center;\"><a href=\"https:\/\/blogger.googleusercontent.com\/img\/a\/AVvXsEhN9baGRU8_X8CqqZcmLmd1Qmf0ajpLYwWuhWfzyNNWjujg8H8Y-zjcHRUkIjRamEPe7mh_ZufIOVrIw-lCuleatMqNwm00oMzXIeZdXr9X_wVObBZeTnIr_2q6DOnGhB-an71ieetBU0RpUlmXApiztz1OVfJ0ltzcfNfkv124NRqOgJJSs28n-qdc=s3006\" style=\"margin-left: 1em; margin-right: 1em;\"><img loading=\"lazy\" decoding=\"async\" border=\"0\" data-original-height=\"367\" data-original-width=\"3006\" height=\"49\" src=\"https:\/\/blogger.googleusercontent.com\/img\/a\/AVvXsEhN9baGRU8_X8CqqZcmLmd1Qmf0ajpLYwWuhWfzyNNWjujg8H8Y-zjcHRUkIjRamEPe7mh_ZufIOVrIw-lCuleatMqNwm00oMzXIeZdXr9X_wVObBZeTnIr_2q6DOnGhB-an71ieetBU0RpUlmXApiztz1OVfJ0ltzcfNfkv124NRqOgJJSs28n-qdc=w400-h49\" width=\"400\" \/><\/a><\/div>\n<p><\/span><\/span><\/span><\/div>\n<p><span style=\"font-size: medium;\"><span style=\"font-family: arial;\"><span face=\"&quot;Arial&quot;,&quot;sans-serif&quot;\" style=\"mso-fareast-font-family: &quot;Times New Roman&quot;; mso-fareast-language: ES;\">&nbsp;<\/span><\/span><\/span><\/div>\n<div style=\"text-align: justify;\"><span style=\"font-size: medium;\"><span style=\"font-family: arial;\"><span face=\"&quot;Arial&quot;,&quot;sans-serif&quot;\" style=\"mso-fareast-font-family: &quot;Times New Roman&quot;; mso-fareast-language: ES;\">El domingo 6 de marzo los vecinos de Juzbado conmemoraron<br \/>\nel <a href=\"https:\/\/www.un.org\/es\/observances\/womens-day\" target=\"_blank\"><span style=\"color: blue;\">D\u00eda Internacional de la Mujer<\/span><\/a>. La jornada comenz\u00f3<br \/>\ncon la <a href=\"https:\/\/juzbado.blogspot.com\/2022\/03\/el-dia-de-la-mujer-en-juzbado-2022.html\" target=\"_blank\">segunda edici\u00f3n de la Operaci\u00f3n Bocata<\/a>.<span style=\"mso-spacerun: yes;\">&nbsp;<br \/>\n<\/span>Tras el \u00e9xito de participaci\u00f3n del a\u00f1o pasado, la activa asociaci\u00f3n de<br \/>\nmujeres, en colaboraci\u00f3n con la de mayores, convoc\u00f3 a los vecinos a comprar<br \/>\ntickets para comer un bocadillo acompa\u00f1ado de una bebida al aire libre en los<br \/>\nentornos de la plaza.<span style=\"mso-spacerun: yes;\">&nbsp; <\/span>Se trata de una<br \/>\niniciativa destinada a recaudar fondos para la <a href=\"https:\/\/apramp.org\/\" target=\"_blank\">ONG APRAMP<\/a>, que asiste en Salamanca<br \/>\na mujeres que han sufrido la trata y situaciones injustas.&nbsp; Han sido un<br \/>\ncentenar de tickets los que se han vendido en esta ocasi\u00f3n y en al que una vez<br \/>\nm\u00e1s colabora el <a href=\"https:\/\/www.facebook.com\/Bar-el-toral-1708367729400776\/\" target=\"_blank\">Bar-Restaurante El Toral<\/a> con Lourdes a la cabeza.<\/span><\/span><\/span><\/div>\n<div style=\"text-align: justify;\"><span face=\"&quot;Arial&quot;,&quot;sans-serif&quot;\" style=\"font-size: 13.5pt; mso-fareast-font-family: &quot;Times New Roman&quot;; mso-fareast-language: ES;\"><\/p>\n<table align=\"center\" cellpadding=\"0\" cellspacing=\"0\" style=\"margin-left: auto; margin-right: auto;\">\n<tbody>\n<tr>\n<td style=\"text-align: center;\"><a href=\"https:\/\/blogger.googleusercontent.com\/img\/a\/AVvXsEjy7lEvwB4VL8RKOnmu7GKAyUARPoisfAOkjO6G98RjL5U3uo-mFAUJ96mMgzrAbuqvoMX1yZv6qGeQoCVAZc-nzXXgw0Bt3ITjPbPLPb8OWJnwktGPBNHPjULDvgRqWNJ4EVxhrE-Z01fKYXHLQTQUG6j1mn_YMt98Y5kyGjTraC-ycqpSLH4_ay9d=s3227\" style=\"margin-left: auto; margin-right: auto;\"><img loading=\"lazy\" decoding=\"async\" alt=\"Juzbado, 8 de marzo de 2022, Libro Mujeres\" border=\"0\" data-original-height=\"1816\" data-original-width=\"3227\" height=\"360\" src=\"https:\/\/blogger.googleusercontent.com\/img\/a\/AVvXsEjy7lEvwB4VL8RKOnmu7GKAyUARPoisfAOkjO6G98RjL5U3uo-mFAUJ96mMgzrAbuqvoMX1yZv6qGeQoCVAZc-nzXXgw0Bt3ITjPbPLPb8OWJnwktGPBNHPjULDvgRqWNJ4EVxhrE-Z01fKYXHLQTQUG6j1mn_YMt98Y5kyGjTraC-ycqpSLH4_ay9d=w640-h360\" title=\"Juzbado, 8 de marzo de 2022, Libro Mujeres\" width=\"640\" \/><\/a><\/td>\n<\/tr>\n<tr>\n<td style=\"text-align: center;\">Carmen, Nati y Juan hojean el libro Mujeres de Juzbado.<\/td>\n<\/tr>\n<\/tbody>\n<\/table>\n<p><\/span><span face=\"&quot;Arial&quot;,&quot;sans-serif&quot;\" style=\"font-size: 13.5pt; mso-fareast-font-family: &quot;Times New Roman&quot;; mso-fareast-language: ES;\">&nbsp;<\/span><\/div>\n<div style=\"text-align: justify;\"><span style=\"font-family: arial;\"><span face=\"&quot;Arial&quot;,&quot;sans-serif&quot;\" style=\"font-size: 13.5pt; mso-fareast-font-family: &quot;Times New Roman&quot;; mso-fareast-language: ES;\"><span><a name='more'><\/a><\/span>&nbsp;<\/span><\/span><\/div>\n<div style=\"text-align: justify;\"><span style=\"font-family: arial;\"><span face=\"&quot;Arial&quot;,&quot;sans-serif&quot;\" style=\"font-size: 13.5pt; mso-fareast-font-family: &quot;Times New Roman&quot;; mso-fareast-language: ES;\">A las 17:30 h. se present\u00f3 un libro muy especial para<br \/>\nlos juzbadinos. Durante los \u00faltimos meses se han venido recogiendo muchas<br \/>\nfotograf\u00edas de mujeres del pueblo y, finalmente, hoy han visto la luz todas ellas<br \/>\nreunidas en un libro titulado \u201cMujeres de Juzbado, Memorias y retratos.\u201d El libro<br \/>\nrecoge 200 fotograf\u00edas donadas por m\u00e1s de 60 vecinos con pies de foto en las<br \/>\nque se atestiguan los nombres y apellidos, fecha y lugar de cada una de las<br \/>\npersonas que aparecen retratadas.<span style=\"mso-spacerun: yes;\">&nbsp; <\/span>Cabe<br \/>\ndestacar las instant\u00e1neas se enriquecen textos fruto de la generosidad de varias<br \/>\nautoras, tal y como nos record\u00f3 en la presentaci\u00f3n del acto Fernando Rubio, el<br \/>\nalcalde de Juzbado.<span style=\"mso-spacerun: yes;\">&nbsp; <\/span>Se trata del pr\u00f3logo<br \/>\nde la conocida soci\u00f3loga y pol\u00edtica <a href=\"https:\/\/twitter.com\/soledad_murillo?ref_src=twsrc%5Egoogle%7Ctwcamp%5Eserp%7Ctwgr%5Eauthor\" target=\"_blank\">Soledad Murillo<\/a> o las palabras de la<br \/>\nperiodista y emprendedora Mar\u00eda Jes\u00fas Guti\u00e9rrez. <span style=\"mso-spacerun: yes;\">&nbsp;<\/span>Tambi\u00e9n aportan su mirada la polit\u00f3loga salmantina<br \/>\nPaula Moreno, la profesora universitaria y cr\u00edtica de arte Clara Colinas o la formadora<br \/>\ny experta en temas de mujer Pilar Hern\u00e1ndez.<span style=\"mso-spacerun: yes;\">&nbsp;&nbsp;<\/span><\/span><\/span><\/div>\n<p style=\"line-height: normal; mso-margin-bottom-alt: auto; mso-margin-top-alt: auto; text-align: justify;\"><span face=\"&quot;Arial&quot;,&quot;sans-serif&quot;\" style=\"font-size: 13.5pt; mso-fareast-font-family: &quot;Times New Roman&quot;; mso-fareast-language: ES;\"><span style=\"mso-spacerun: yes;\">&nbsp;<\/span><\/span><\/p>\n<table align=\"center\" cellpadding=\"0\" cellspacing=\"0\" style=\"margin-left: auto; margin-right: auto;\">\n<tbody>\n<tr>\n<td style=\"text-align: center;\"><a href=\"https:\/\/blogger.googleusercontent.com\/img\/a\/AVvXsEjuGqMp0eCwcuMtoTq3aQZYx3kwb7GhAzzyqOdOM1g8Ux_DkUTdVEomwBd_8TCIsT7iQcT5d05T_y-cLav5U_0F69aQnEHZ-ZzyEtiONqyBYBMEiP5txoKLKMi8LLURsUMc0ljTWVTcsMOMdeQUFNsJgQSRmGv2xPaXYyM_WfcLyoe-rGRWRtfy2ZdR=s4032\" style=\"margin-left: auto; margin-right: auto;\"><img loading=\"lazy\" decoding=\"async\" alt=\"Juzbado, 8 de marzo de 2022, Libro Mujeres\" border=\"0\" data-original-height=\"1816\" data-original-width=\"4032\" height=\"288\" src=\"https:\/\/blogger.googleusercontent.com\/img\/a\/AVvXsEjuGqMp0eCwcuMtoTq3aQZYx3kwb7GhAzzyqOdOM1g8Ux_DkUTdVEomwBd_8TCIsT7iQcT5d05T_y-cLav5U_0F69aQnEHZ-ZzyEtiONqyBYBMEiP5txoKLKMi8LLURsUMc0ljTWVTcsMOMdeQUFNsJgQSRmGv2xPaXYyM_WfcLyoe-rGRWRtfy2ZdR=w640-h288\" title=\"Juzbado, 8 de marzo de 2022, Libro Mujeres\" width=\"640\" \/><\/a><\/td>\n<\/tr>\n<tr>\n<td style=\"text-align: center;\">Sal\u00f3n de actos de Juzbado durante el acto de presentaci\u00f3n del libro Mujeres de Juzbado.<\/td>\n<\/tr>\n<\/tbody>\n<\/table>\n<p><span face=\"&quot;Arial&quot;,&quot;sans-serif&quot;\" style=\"font-size: 13.5pt; mso-fareast-font-family: &quot;Times New Roman&quot;; mso-fareast-language: ES;\"><span style=\"mso-spacerun: yes;\"><br \/><\/span><\/span><\/p>\n<p style=\"line-height: normal; mso-margin-bottom-alt: auto; mso-margin-top-alt: auto; text-align: justify;\"><span style=\"font-family: arial;\"><span face=\"&quot;Arial&quot;,&quot;sans-serif&quot;\" style=\"font-size: 13.5pt; mso-fareast-font-family: &quot;Times New Roman&quot;; mso-fareast-language: ES;\">La presidenta de la Asociaci\u00f3n local de Mujeres,<br \/>\nMarif\u00e9 Francho, acompa\u00f1ada de Concepci\u00f3n Fag\u00fandez, agradecieron la implicaci\u00f3n<br \/>\nde los vecinos y el haber compartido recuerdos \u00edntimos de cada familia para<br \/>\nconstruir un libro \u00fanico y universal para el recuerdo colectivo. El trabajo de<br \/>\nrecopilaci\u00f3n e inventariado de la Asociaci\u00f3n de Mujeres cont\u00f3 en todo momento con<br \/>\nel apoyo de la <a href=\"https:\/\/juzbado.blogspot.com\/p\/contacto_28.html\" target=\"_blank\">Oficina de Desarrollo Local de Juzbado<\/a>. <span style=\"mso-spacerun: yes;\">&nbsp;<\/span>Por su parte, Fernando Rubio subray\u00f3 adem\u00e1s la<br \/>\nnecesidad de que con este libro se vuelve una vez m\u00e1s a hacer pueblo y se<br \/>\nfortalecen los lazos de la comunidad que forma el pueblo de Juzbado.<span style=\"mso-spacerun: yes;\">&nbsp; <\/span>El acto adquiri\u00f3 mayor emotividad a\u00fan con los<br \/>\ncomentarios de unos y otros sobre algunas de las fotos que recoge el libro mientras<br \/>\nlos sosten\u00edan entre sus manos. Fue el caso de la peque\u00f1a Luc\u00eda con su abuelo<br \/>\nPoldi, Carmina Pilo, Marte Ramos o Pilar Medina que relataron algunas an\u00e9cdotas que<br \/>\nprovocaron las risas de los m\u00e1s de 70 vecinos presentes en el sal\u00f3n de actos. <span style=\"mso-spacerun: yes;\">&nbsp;<\/span><\/span><\/span><\/p>\n<p style=\"line-height: normal; mso-margin-bottom-alt: auto; mso-margin-top-alt: auto; text-align: justify;\"><span face=\"&quot;Arial&quot;,&quot;sans-serif&quot;\" style=\"font-size: 13.5pt; mso-fareast-font-family: &quot;Times New Roman&quot;; mso-fareast-language: ES;\"><span style=\"mso-spacerun: yes;\"><\/span><\/span><\/p>\n<table align=\"center\" cellpadding=\"0\" cellspacing=\"0\" style=\"margin-left: auto; margin-right: auto;\">\n<tbody>\n<tr>\n<td style=\"text-align: center;\"><a href=\"https:\/\/blogger.googleusercontent.com\/img\/a\/AVvXsEh7xRwt6xzMBqU_kJqx8zxo3bOFqX_NB8dPs6MoJi4b8bCHcoQ1ppF6mV0EkpwHUFITqSRV54A_9sCeN79iOEsOZY5MSSYAzmMa-NYjUOupiVYLtRxEELmWJTxRtZf0uIaNtkWTfVwP8dR5EDUofSEC-FJ9G22rCx-4Sz6fOGc0RdJ2JLd6u3ChWDpf=s4032\" style=\"margin-left: auto; margin-right: auto;\"><img loading=\"lazy\" decoding=\"async\" alt=\"Juzbado, 8 de marzo de 2022, Libro Mujeres\" border=\"0\" data-original-height=\"1816\" data-original-width=\"4032\" height=\"288\" src=\"https:\/\/blogger.googleusercontent.com\/img\/a\/AVvXsEh7xRwt6xzMBqU_kJqx8zxo3bOFqX_NB8dPs6MoJi4b8bCHcoQ1ppF6mV0EkpwHUFITqSRV54A_9sCeN79iOEsOZY5MSSYAzmMa-NYjUOupiVYLtRxEELmWJTxRtZf0uIaNtkWTfVwP8dR5EDUofSEC-FJ9G22rCx-4Sz6fOGc0RdJ2JLd6u3ChWDpf=w640-h288\" title=\"Juzbado, 8 de marzo de 2022, Libro Mujeres\" width=\"640\" \/><\/a><\/td>\n<\/tr>\n<tr>\n<td style=\"text-align: center;\">Marif\u00e9 Francho y Conso coordinan el reparto de los ejemplares entre los vecinos.<\/td>\n<\/tr>\n<\/tbody>\n<\/table>\n<p><span style=\"font-size: medium;\"><span style=\"font-family: arial;\"><span face=\"&quot;Arial&quot;,&quot;sans-serif&quot;\" style=\"mso-fareast-font-family: &quot;Times New Roman&quot;; mso-fareast-language: ES;\"><span style=\"mso-spacerun: yes;\"><br \/><\/span>La edici\u00f3n de los 150 ejemplares ha sido posible<br \/>\ngracias al apoyo de la <a href=\"http:\/\/www.lasalina.es\/\" target=\"_blank\">Diputaci\u00f3n de Salamanca<\/a>, los fondos del <a href=\"https:\/\/violenciagenero.igualdad.gob.es\/pactoEstado\/\" target=\"_blank\">Pacto de Estado contra la Violencia de G\u00e9nero del Ministerio de Igualdad<\/a> y el Ayuntamiento de Juzbado.<br \/>\n<span style=\"mso-spacerun: yes;\">&nbsp;<\/span><\/span><\/span><span style=\"font-family: arial;\"><\/p>\n<p><\/span><\/span><\/p>\n<p style=\"line-height: normal; mso-margin-bottom-alt: auto; mso-margin-top-alt: auto; text-align: justify;\"><span style=\"font-size: medium;\"><span style=\"font-family: arial;\"><span face=\"&quot;Arial&quot;,&quot;sans-serif&quot;\" style=\"mso-fareast-font-family: &quot;Times New Roman&quot;; mso-fareast-language: ES;\">A continuaci\u00f3n se ha repartido un chocolate con bollo<br \/>\nde la Chocolater\u00eda Valor de Salamanca, gracias a la implicaci\u00f3n de la Asociaci\u00f3n<br \/>\nde Mayores y la presencia de Faustino Iglesias, Mariano Rodr\u00edguez y Em\u00e9rito.<span style=\"mso-spacerun: yes;\">&nbsp; <\/span>La celebraci\u00f3n del D\u00eda Internacional de la<br \/>\nMujer ha finalizado con la <span style=\"mso-spacerun: yes;\">&nbsp;<\/span>representaci\u00f3n de la obra de teatro \u201cAlma,<br \/>\nalmazuela\u2026!vuela!\u201d de la Compa\u00f1\u00eda Telara\u00f1a Teatro.&nbsp;<\/span><\/span><\/span><\/p>\n<p style=\"line-height: normal; mso-margin-bottom-alt: auto; mso-margin-top-alt: auto; text-align: justify;\"><span face=\"&quot;Arial&quot;,&quot;sans-serif&quot;\" style=\"font-size: 13.5pt; mso-fareast-font-family: &quot;Times New Roman&quot;; mso-fareast-language: ES;\"><\/span><\/p>\n<table align=\"center\" cellpadding=\"0\" cellspacing=\"0\" style=\"margin-left: auto; margin-right: auto;\">\n<tbody>\n<tr>\n<td style=\"text-align: center;\"><a href=\"https:\/\/blogger.googleusercontent.com\/img\/a\/AVvXsEh8WJIJ7qOyhWlWuTWhqRh6wZBNDjyFPb4tzZLhxpaTf1yX6CZoIFFzkROLWrJK8ArPyxQ_A4b7aL9KNnJw39MIui1DB3_IoIi_dOb40cW-28ITQVadWWr9mNo7ukKpwA9aJWa4Zt0LozqFdHKUyn4r_F9TVsvUei8OHqv1rVoPNcfOfLTUuvLVy4fX=s3228\" style=\"margin-left: auto; margin-right: auto;\"><img loading=\"lazy\" decoding=\"async\" alt=\"Juzbado, 8 de marzo de 2022, Libro Mujeres\" border=\"0\" data-original-height=\"1816\" data-original-width=\"3228\" height=\"360\" src=\"https:\/\/blogger.googleusercontent.com\/img\/a\/AVvXsEh8WJIJ7qOyhWlWuTWhqRh6wZBNDjyFPb4tzZLhxpaTf1yX6CZoIFFzkROLWrJK8ArPyxQ_A4b7aL9KNnJw39MIui1DB3_IoIi_dOb40cW-28ITQVadWWr9mNo7ukKpwA9aJWa4Zt0LozqFdHKUyn4r_F9TVsvUei8OHqv1rVoPNcfOfLTUuvLVy4fX=w640-h360\" title=\"Juzbado, 8 de marzo de 2022, Libro Mujeres\" width=\"640\" \/><\/a><\/td>\n<\/tr>\n<tr>\n<td style=\"text-align: center;\">Domitila Ramos lee el manifiesto del d\u00eda de la Mujer<\/td>\n<\/tr>\n<\/tbody>\n<\/table>\n<p><span face=\"&quot;Arial&quot;,&quot;sans-serif&quot;\" style=\"font-size: 13.5pt; mso-fareast-font-family: &quot;Times New Roman&quot;; mso-fareast-language: ES;\"><br \/>&nbsp;<\/span><\/p>\n","protected":false},"excerpt":{"rendered":"<p>&nbsp; El domingo 6 de marzo los vecinos de Juzbado conmemoraron el D\u00eda Internacional de la Mujer. La jornada comenz\u00f3 con la segunda edici\u00f3n de la Operaci\u00f3n Bocata.&nbsp; Tras el \u00e9xito de participaci\u00f3n del a\u00f1o pasado, la activa asociaci\u00f3n de mujeres, en colaboraci\u00f3n con la de mayores, convoc\u00f3 a los vecinos a comprar tickets para [&hellip;]<\/p>\n","protected":false},"author":2,"featured_media":0,"comment_status":"open","ping_status":"open","sticky":false,"template":"","format":"standard","meta":{"saved_in_kubio":false,"footnotes":""},"categories":[6,42,312,423,252,41,556,470,560],"tags":[],"class_list":["post-237","post","type-post","status-publish","format-standard","hentry","category-asociacion-de-mayores","category-asociacion-de-mujeres","category-bar-el-toral","category-chirimbamba","category-dia-internacional-de-la-mujer","category-mujer-rural","category-operacion-bocata","category-teatro","category-telarana-teatro"],"_links":{"self":[{"href":"https:\/\/juzbado.es\/nuevaweb\/wp-json\/wp\/v2\/posts\/237","targetHints":{"allow":["GET"]}}],"collection":[{"href":"https:\/\/juzbado.es\/nuevaweb\/wp-json\/wp\/v2\/posts"}],"about":[{"href":"https:\/\/juzbado.es\/nuevaweb\/wp-json\/wp\/v2\/types\/post"}],"author":[{"embeddable":true,"href":"https:\/\/juzbado.es\/nuevaweb\/wp-json\/wp\/v2\/users\/2"}],"replies":[{"embeddable":true,"href":"https:\/\/juzbado.es\/nuevaweb\/wp-json\/wp\/v2\/comments?post=237"}],"version-history":[{"count":0,"href":"https:\/\/juzbado.es\/nuevaweb\/wp-json\/wp\/v2\/posts\/237\/revisions"}],"wp:attachment":[{"href":"https:\/\/juzbado.es\/nuevaweb\/wp-json\/wp\/v2\/media?parent=237"}],"wp:term":[{"taxonomy":"category","embeddable":true,"href":"https:\/\/juzbado.es\/nuevaweb\/wp-json\/wp\/v2\/categories?post=237"},{"taxonomy":"post_tag","embeddable":true,"href":"https:\/\/juzbado.es\/nuevaweb\/wp-json\/wp\/v2\/tags?post=237"}],"curies":[{"name":"wp","href":"https:\/\/api.w.org\/{rel}","templated":true}]}}