{"id":238,"date":"2022-03-02T18:23:00","date_gmt":"2022-03-02T17:23:00","guid":{"rendered":"http:\/\/juzbado.es\/nuevaweb\/2022\/03\/02\/el-dia-de-la-mujer-en-juzbado-2022\/"},"modified":"2022-03-02T18:23:00","modified_gmt":"2022-03-02T17:23:00","slug":"el-dia-de-la-mujer-en-juzbado-2022","status":"publish","type":"post","link":"https:\/\/juzbado.es\/nuevaweb\/2022\/03\/02\/el-dia-de-la-mujer-en-juzbado-2022\/","title":{"rendered":"EL D\u00cdA DE LA MUJER EN JUZBADO 2022"},"content":{"rendered":"<p style=\"text-align: justify;\"><span style=\"font-size: medium;\"><span style=\"font-family: arial;\">El domingo 6 de marzo<br \/>\nconmemoramos en Juzbado el <a href=\"https:\/\/www.un.org\/es\/observances\/womens-day\" target=\"_blank\">D\u00eda Internacional de la Mujer<\/a>. Ser\u00e1 un d\u00eda intenso<br \/>\nporque comenzaremos con la Operaci\u00f3n Bocata.<span>&nbsp;<br \/>\n<\/span>Ser\u00e1 la segunda edici\u00f3n tras el \u00e9xito de participaci\u00f3n del a\u00f1o<br \/>\npasado.<span>&nbsp; <\/span>Los<span>&nbsp; <\/span>tickets ya est\u00e1n disponibles en el <a href=\"https:\/\/www.facebook.com\/Bar-el-toral-1708367729400776\" target=\"_blank\">Bar El Toral<\/a> y en la <a href=\"https:\/\/juzbado.blogspot.com\/p\/contacto_28.html\" target=\"_blank\">Oficina de Desarrollo Local<\/a>.<span>&nbsp;<br \/>\n<\/span>Recordad que la operaci\u00f3n bocata est\u00e1 destinada a recaudar fondos para<br \/>\n<a href=\"https:\/\/apramp.org\/\" target=\"_blank\">APRAMP<\/a>. Tenemos preparada una modalidad de ticket cero para los que quer\u00e1is<br \/>\napoyar el operaci\u00f3n pero no pod\u00e1is asistir.<span>&nbsp;<br \/>\n<\/span>A todos los dem\u00e1s, se les ofrecer\u00e1 un bocadillo y una bebida.<\/span><\/span><\/p>\n<p><span style=\"font-size: medium;\"><span style=\"font-family: arial;\"><\/p>\n<p><\/span><\/span><\/p>\n<p style=\"text-align: justify;\"><span style=\"font-size: medium;\"><span style=\"font-family: arial;\">A continuaci\u00f3n, entrada la tarde, presentaremos<br \/>\nel libro \u201cMujeres de Juzbado: Memorias y retratos\u201d que la <a href=\"https:\/\/juzbado.blogspot.com\/p\/asociaciones.html\" target=\"_blank\">Asociaci\u00f3n de Mujeres de Juzbado<\/a> ha preparado a lo largo de estos \u00faltimos meses, sino a\u00f1os. Ser\u00e1 en<br \/>\nel sal\u00f3n de actos y, al finalizar, el acto, se repartir\u00e1n ejemplares gratuitamente.<br \/>\nPara acabar la jornada festiva y reivindicativa os invitamos a una funci\u00f3n<br \/>\nteatral de la compa\u00f1\u00eda Telara\u00f1a Teatro con el t\u00edtulo \u201cAlma, almazuela\u2026.\u00a1vuela!<br \/>\nen formato Caf\u00e9-teatro y que nos permitir\u00e1 disfrutar de un rico chocolate y<br \/>\nbollo casero (hasta completar aforo). <span>&nbsp;<\/span><\/span><\/span><\/p>\n<p style=\"text-align: justify;\"><span style=\"font-size: medium;\"><span style=\"font-family: arial;\"><span><\/span><\/span><\/span><\/p>\n<div style=\"clear: both; text-align: center;\"><span style=\"font-size: medium;\"><a href=\"https:\/\/blogger.googleusercontent.com\/img\/a\/AVvXsEi9Ntty71kJSsk4h78lxKm-YQmf8EZjR7-kX3TdN2yAH3ZTozS3ioZlwCnBBfJJ8JgIdmfkc0RrD1O9NXJZwt33tFMi_795hfDkFdvf6zdiRkI2ZKhGvoVLEpnCdygzu_hg9Qtn3N9qKczE4v8LfXkXK1v7Ld-dENJ3kjqsJKbYMZbVz161ekrnfNxW=s3508\" style=\"margin-left: 1em; margin-right: 1em;\"><img loading=\"lazy\" decoding=\"async\" alt=\"Juzbado, 8 de marzo, d\u00eda de la mujer, 2022\" border=\"0\" data-original-height=\"3508\" data-original-width=\"2480\" height=\"640\" src=\"https:\/\/blogger.googleusercontent.com\/img\/a\/AVvXsEi9Ntty71kJSsk4h78lxKm-YQmf8EZjR7-kX3TdN2yAH3ZTozS3ioZlwCnBBfJJ8JgIdmfkc0RrD1O9NXJZwt33tFMi_795hfDkFdvf6zdiRkI2ZKhGvoVLEpnCdygzu_hg9Qtn3N9qKczE4v8LfXkXK1v7Ld-dENJ3kjqsJKbYMZbVz161ekrnfNxW=w452-h640\" title=\"Juzbado, 8 de marzo, d\u00eda de la mujer, 2022\" width=\"452\" \/><\/a><\/span><\/div>\n<p><span style=\"font-size: medium;\"><br \/>&nbsp;<\/span><\/p>\n","protected":false},"excerpt":{"rendered":"<p>El domingo 6 de marzo conmemoramos en Juzbado el D\u00eda Internacional de la Mujer. Ser\u00e1 un d\u00eda intenso porque comenzaremos con la Operaci\u00f3n Bocata.&nbsp; Ser\u00e1 la segunda edici\u00f3n tras el \u00e9xito de participaci\u00f3n del a\u00f1o pasado.&nbsp; Los&nbsp; tickets ya est\u00e1n disponibles en el Bar El Toral y en la Oficina de Desarrollo Local.&nbsp; Recordad que [&hellip;]<\/p>\n","protected":false},"author":2,"featured_media":0,"comment_status":"open","ping_status":"open","sticky":false,"template":"","format":"standard","meta":{"saved_in_kubio":false,"footnotes":""},"categories":[561,42,252,556,470],"tags":[],"class_list":["post-238","post","type-post","status-publish","format-standard","hentry","category-8-marzo","category-asociacion-de-mujeres","category-dia-internacional-de-la-mujer","category-operacion-bocata","category-teatro"],"_links":{"self":[{"href":"https:\/\/juzbado.es\/nuevaweb\/wp-json\/wp\/v2\/posts\/238","targetHints":{"allow":["GET"]}}],"collection":[{"href":"https:\/\/juzbado.es\/nuevaweb\/wp-json\/wp\/v2\/posts"}],"about":[{"href":"https:\/\/juzbado.es\/nuevaweb\/wp-json\/wp\/v2\/types\/post"}],"author":[{"embeddable":true,"href":"https:\/\/juzbado.es\/nuevaweb\/wp-json\/wp\/v2\/users\/2"}],"replies":[{"embeddable":true,"href":"https:\/\/juzbado.es\/nuevaweb\/wp-json\/wp\/v2\/comments?post=238"}],"version-history":[{"count":0,"href":"https:\/\/juzbado.es\/nuevaweb\/wp-json\/wp\/v2\/posts\/238\/revisions"}],"wp:attachment":[{"href":"https:\/\/juzbado.es\/nuevaweb\/wp-json\/wp\/v2\/media?parent=238"}],"wp:term":[{"taxonomy":"category","embeddable":true,"href":"https:\/\/juzbado.es\/nuevaweb\/wp-json\/wp\/v2\/categories?post=238"},{"taxonomy":"post_tag","embeddable":true,"href":"https:\/\/juzbado.es\/nuevaweb\/wp-json\/wp\/v2\/tags?post=238"}],"curies":[{"name":"wp","href":"https:\/\/api.w.org\/{rel}","templated":true}]}}