{"id":239,"date":"2022-02-23T14:02:00","date_gmt":"2022-02-23T13:02:00","guid":{"rendered":"http:\/\/juzbado.es\/nuevaweb\/2022\/02\/23\/nuevo-punto-de-inclusion-digital\/"},"modified":"2022-02-23T14:02:00","modified_gmt":"2022-02-23T13:02:00","slug":"nuevo-punto-de-inclusion-digital","status":"publish","type":"post","link":"https:\/\/juzbado.es\/nuevaweb\/2022\/02\/23\/nuevo-punto-de-inclusion-digital\/","title":{"rendered":"NUEVO PUNTO DE INCLUSI\u00d3N DIGITAL"},"content":{"rendered":"<p style=\"text-align: justify;\"><span style=\"font-size: medium;\"><span style=\"font-family: arial;\">Os presentamos una iniciativa de inter\u00e9s para todos nuestros vecinos.&nbsp; Se trata de la creaci\u00f3n de un PUNTO DE INCLUSI\u00d3N DIGITAL.&nbsp; \u00bfen qu\u00e9 consiste? Es un espacio de atenci\u00f3n personalizada a nuestros vecinos para el manejo de las nuevas tecnolog\u00edas. el punto abrir\u00e1 las puertas todos los mi\u00e9rcoles de 17:00 h. a 20:00 h. en el Hogar de los mayores.&nbsp;&nbsp;<\/span><\/span><\/p>\n<p style=\"text-align: justify;\"><span style=\"font-size: medium;\"><span style=\"font-family: arial;\">Durante ese horario habr\u00e1 una persona pendiente de que cualquier persona pueda realizar sus consuiltas, aprender aspectos relacionados con las nuevas tecnolog\u00edas o recibir,&nbsp; tambi\u00e9n, una orientaci\u00f3n individual en&nbsp; los tr\u00e1mites electr\u00f3nicos y telem\u00e1ticos en los que se precise de acompa\u00f1amiento.&nbsp; Os animamos a participar cada mi\u00e9rcoles desde el d\u00eda 23 de febrero.<\/span><\/span><\/p>\n<p style=\"text-align: justify;\"><span style=\"font-size: medium;\"><span style=\"font-family: arial;\"><\/span><\/span><\/p>\n<div style=\"clear: both; text-align: center;\"><span style=\"font-size: medium;\"><a href=\"https:\/\/blogger.googleusercontent.com\/img\/a\/AVvXsEjEzK2jq69p1ssbMAze165hMKVJ30z7ThFoqS7VXPsUaVALDLlnX3C5Pk34H80B20ED8Y6rznIgO5nrz1YkTHUy-cpdNeDQlSOB-kCAKMBm6QlckXaywJpIUt_I9c-UMQLdZF-6Ue7CBhYKZxdM_F_MDPBMVamM1EUQ7q3gGku-i5KDkFV37h18x5wZ=s3508\" style=\"margin-left: 1em; margin-right: 1em;\"><img loading=\"lazy\" decoding=\"async\" alt=\"Juzbado, Punto de inclusi\u00f3n digital,\" border=\"0\" data-original-height=\"3508\" data-original-width=\"2480\" height=\"640\" src=\"https:\/\/blogger.googleusercontent.com\/img\/a\/AVvXsEjEzK2jq69p1ssbMAze165hMKVJ30z7ThFoqS7VXPsUaVALDLlnX3C5Pk34H80B20ED8Y6rznIgO5nrz1YkTHUy-cpdNeDQlSOB-kCAKMBm6QlckXaywJpIUt_I9c-UMQLdZF-6Ue7CBhYKZxdM_F_MDPBMVamM1EUQ7q3gGku-i5KDkFV37h18x5wZ=w452-h640\" title=\"Juzbado, Punto de inclusi\u00f3n digital,\" width=\"452\" \/><\/a><\/span><\/div>\n<p><span style=\"font-size: medium;\"><br \/>&nbsp;<\/span><\/p>\n<p><\/p>\n","protected":false},"excerpt":{"rendered":"<p>Os presentamos una iniciativa de inter\u00e9s para todos nuestros vecinos.&nbsp; Se trata de la creaci\u00f3n de un PUNTO DE INCLUSI\u00d3N DIGITAL.&nbsp; \u00bfen qu\u00e9 consiste? Es un espacio de atenci\u00f3n personalizada a nuestros vecinos para el manejo de las nuevas tecnolog\u00edas. el punto abrir\u00e1 las puertas todos los mi\u00e9rcoles de 17:00 h. a 20:00 h. en [&hellip;]<\/p>\n","protected":false},"author":2,"featured_media":0,"comment_status":"open","ping_status":"open","sticky":false,"template":"","format":"standard","meta":{"saved_in_kubio":false,"footnotes":""},"categories":[453,562,563,275,510,122,564],"tags":[],"class_list":["post-239","post","type-post","status-publish","format-standard","hentry","category-453","category-alfabetizacion-digital","category-digitalizacion","category-febrero","category-hogar-de-mayores","category-khora","category-miercoles"],"_links":{"self":[{"href":"https:\/\/juzbado.es\/nuevaweb\/wp-json\/wp\/v2\/posts\/239","targetHints":{"allow":["GET"]}}],"collection":[{"href":"https:\/\/juzbado.es\/nuevaweb\/wp-json\/wp\/v2\/posts"}],"about":[{"href":"https:\/\/juzbado.es\/nuevaweb\/wp-json\/wp\/v2\/types\/post"}],"author":[{"embeddable":true,"href":"https:\/\/juzbado.es\/nuevaweb\/wp-json\/wp\/v2\/users\/2"}],"replies":[{"embeddable":true,"href":"https:\/\/juzbado.es\/nuevaweb\/wp-json\/wp\/v2\/comments?post=239"}],"version-history":[{"count":0,"href":"https:\/\/juzbado.es\/nuevaweb\/wp-json\/wp\/v2\/posts\/239\/revisions"}],"wp:attachment":[{"href":"https:\/\/juzbado.es\/nuevaweb\/wp-json\/wp\/v2\/media?parent=239"}],"wp:term":[{"taxonomy":"category","embeddable":true,"href":"https:\/\/juzbado.es\/nuevaweb\/wp-json\/wp\/v2\/categories?post=239"},{"taxonomy":"post_tag","embeddable":true,"href":"https:\/\/juzbado.es\/nuevaweb\/wp-json\/wp\/v2\/tags?post=239"}],"curies":[{"name":"wp","href":"https:\/\/api.w.org\/{rel}","templated":true}]}}