{"id":244,"date":"2022-02-01T13:57:00","date_gmt":"2022-02-01T12:57:00","guid":{"rendered":"http:\/\/juzbado.es\/nuevaweb\/2022\/02\/01\/cancelacion-de-las-aguedas-2022\/"},"modified":"2022-02-01T13:57:00","modified_gmt":"2022-02-01T12:57:00","slug":"cancelacion-de-las-aguedas-2022","status":"publish","type":"post","link":"https:\/\/juzbado.es\/nuevaweb\/2022\/02\/01\/cancelacion-de-las-aguedas-2022\/","title":{"rendered":"CANCELACI\u00d3N DE LAS \u00c1GUEDAS 2022"},"content":{"rendered":"<p style=\"margin-bottom: 0pt; text-align: justify;\"><span style=\"font-size: medium;\"><span style=\"font-family: arial;\">COMUNICADO DE LA ASOCIACI\u00d3N DE MUJERES DE JUZBADO: <br \/><\/span><\/span><\/p>\n<p style=\"margin-bottom: 0pt; text-align: justify;\"><span style=\"font-size: medium;\"><span style=\"font-family: arial;\">La Asociaci\u00f3n de Mujeres de Juzbado lamenta informar que este a\u00f1o no se celebrar\u00e1n los tradicionales actos de la Fiesta de las \u00c1guedas en nuestro pueblo por causa de la COVID-19.<span>&nbsp; <\/span>Aprovechamos la ocasi\u00f3n para desearos mucha salud y compartir nuestra esperanza de celebrarlo de nuevo cuando sea posible.<\/span><\/span><\/p>\n<p style=\"margin-bottom: 0pt; text-align: justify;\"><span style=\"font-size: medium;\"><span style=\"font-family: arial;\">&nbsp;<\/span><\/span><span style=\"font-size: medium;\"><a href=\"https:\/\/blogger.googleusercontent.com\/img\/a\/AVvXsEgpBxKQQNSFMg3zNTaMXJXZJq1ZKsFwFrjdYeU8LeDbWNhZKKY48CP2AEVuvrDJezbloHuSsXVHSFvwVR604pB-wp2kHm0kJQyn1CF7N10dkcaIa6NEohlrdX9GAH2CKbPsNAcCGqzSpmr3c2YYrFH6L0FvwPX1pYhzLb8IqbyN7pDRzF8X9OyojAjx=s3508\" style=\"margin-left: 1em; margin-right: 1em;\"><img loading=\"lazy\" decoding=\"async\" alt=\"\u00c1guedas de juzbado 2022\" border=\"0\" data-original-height=\"3508\" data-original-width=\"2481\" height=\"640\" src=\"https:\/\/blogger.googleusercontent.com\/img\/a\/AVvXsEgpBxKQQNSFMg3zNTaMXJXZJq1ZKsFwFrjdYeU8LeDbWNhZKKY48CP2AEVuvrDJezbloHuSsXVHSFvwVR604pB-wp2kHm0kJQyn1CF7N10dkcaIa6NEohlrdX9GAH2CKbPsNAcCGqzSpmr3c2YYrFH6L0FvwPX1pYhzLb8IqbyN7pDRzF8X9OyojAjx=w453-h640\" title=\"\u00c1guedas de juzbado 2022\" width=\"453\" \/><\/a><\/span><span lang=\"es\" style=\"color: white; font-family: Cambria; font-size: 22pt; font-weight: bold; language: es; mso-ansi-language: es; mso-armenian-font-family: Cambria; mso-ascii-font-family: Cambria; mso-currency-font-family: Cambria; mso-cyrillic-font-family: Cambria; mso-default-font-family: Cambria; mso-greek-font-family: Cambria; mso-hebrew-font-family: Cambria; mso-latin-font-family: Cambria; mso-latinext-font-family: Cambria; mso-ligatures: none;\"> Juzbado lamenta informar que este a\u00f1o no se celebrar\u00e1n los tradales actos de la Fiesta de las \u00c1guedas en nuestro pueblo por causa de la COVIDovechamos la ocasi\u00f3n para desearos mucha salud y compartir nuestra esperanza de celebrarlo de nuevo cuando sea posible.<\/span><\/p>\n","protected":false},"excerpt":{"rendered":"<p>COMUNICADO DE LA ASOCIACI\u00d3N DE MUJERES DE JUZBADO: La Asociaci\u00f3n de Mujeres de Juzbado lamenta informar que este a\u00f1o no se celebrar\u00e1n los tradicionales actos de la Fiesta de las \u00c1guedas en nuestro pueblo por causa de la COVID-19.&nbsp; Aprovechamos la ocasi\u00f3n para desearos mucha salud y compartir nuestra esperanza de celebrarlo de nuevo cuando [&hellip;]<\/p>\n","protected":false},"author":2,"featured_media":0,"comment_status":"open","ping_status":"open","sticky":false,"template":"","format":"standard","meta":{"saved_in_kubio":false,"footnotes":""},"categories":[453,435,42,275,41],"tags":[],"class_list":["post-244","post","type-post","status-publish","format-standard","hentry","category-453","category-aguedas","category-asociacion-de-mujeres","category-febrero","category-mujer-rural"],"_links":{"self":[{"href":"https:\/\/juzbado.es\/nuevaweb\/wp-json\/wp\/v2\/posts\/244","targetHints":{"allow":["GET"]}}],"collection":[{"href":"https:\/\/juzbado.es\/nuevaweb\/wp-json\/wp\/v2\/posts"}],"about":[{"href":"https:\/\/juzbado.es\/nuevaweb\/wp-json\/wp\/v2\/types\/post"}],"author":[{"embeddable":true,"href":"https:\/\/juzbado.es\/nuevaweb\/wp-json\/wp\/v2\/users\/2"}],"replies":[{"embeddable":true,"href":"https:\/\/juzbado.es\/nuevaweb\/wp-json\/wp\/v2\/comments?post=244"}],"version-history":[{"count":0,"href":"https:\/\/juzbado.es\/nuevaweb\/wp-json\/wp\/v2\/posts\/244\/revisions"}],"wp:attachment":[{"href":"https:\/\/juzbado.es\/nuevaweb\/wp-json\/wp\/v2\/media?parent=244"}],"wp:term":[{"taxonomy":"category","embeddable":true,"href":"https:\/\/juzbado.es\/nuevaweb\/wp-json\/wp\/v2\/categories?post=244"},{"taxonomy":"post_tag","embeddable":true,"href":"https:\/\/juzbado.es\/nuevaweb\/wp-json\/wp\/v2\/tags?post=244"}],"curies":[{"name":"wp","href":"https:\/\/api.w.org\/{rel}","templated":true}]}}