{"id":25,"date":"2024-11-18T14:30:00","date_gmt":"2024-11-18T13:30:00","guid":{"rendered":"http:\/\/juzbado.es\/nuevaweb\/2024\/11\/18\/juzbado-acoge-una-sesion-practica-de-la-semana-verde-de-la-usal\/"},"modified":"2025-01-17T13:30:38","modified_gmt":"2025-01-17T12:30:38","slug":"juzbado-acoge-una-sesion-practica-de-la-semana-verde-de-la-usal","status":"publish","type":"post","link":"https:\/\/juzbado.es\/nuevaweb\/2024\/11\/18\/juzbado-acoge-una-sesion-practica-de-la-semana-verde-de-la-usal\/","title":{"rendered":"JUZBADO ACOGE UNA SESI\u00d3N PR\u00c1CTICA DE LA SEMANA VERDE DE LA USAL"},"content":{"rendered":"<div>\n<p style=\"text-align: justify;\"><span style=\"font-family: arial; font-size: medium;\">El Ayuntamiento de Juzbado acogi\u00f3 durante la tarde del jueves 14 de noviembre una de las propuestas participativas de la <a href=\"https:\/\/oficinaverde.usal.es\/17a-semana-verde-usal\/\" target=\"_blank\">17\u00aa Semana Verde de la Universidad de Salamanca<\/a>.&nbsp; Un numeroso y variopinto grupo de universitarios, familias y j\u00f3venes conoci\u00f3 el pueblo de Juzbado y sus lugares m\u00e1s representativos.&nbsp; Los voluntarios tuvieron la oportunidad de plantar nuevas semillas en el vivero forestal municipal y visitaron la exposici\u00f3n de Fernando Krahn del Centro Bot\u00e1nico.&nbsp;<\/span><\/p>\n<p style=\"text-align: justify;\">\n<div style=\"clear: both; text-align: center;\"><a href=\"http:\/\/juzbado.es\/nuevaweb\/wp-content\/uploads\/2024\/11\/vivero-20munnicipal-20usal-20semana-20verde-202024-1.jpg\" style=\"margin-left: 1em; margin-right: 1em;\"><img loading=\"lazy\" decoding=\"async\" alt=\"Juzbado, CBOJ,Usal, Semana Verde,Fernando Krahn,Centro  Bot\u00e1nico,Patricia Mart\u00edn, Mar Marcos,Noviembre,noviembre 2024,\" border=\"0\" data-original-height=\"354\" data-original-width=\"1380\" height=\"164\" src=\"http:\/\/juzbado.es\/nuevaweb\/wp-content\/uploads\/2024\/11\/vivero-20munnicipal-20usal-20semana-20verde-202024-1-300x77.jpg\" title=\"Juzbado, CBOJ,Usal, Semana Verde,Fernando Krahn,Centro  Bot\u00e1nico,Patricia Mart\u00edn, Mar Marcos,Noviembre,noviembre 2024,\" width=\"640\" \/><\/a><\/div>\n<p><span style=\"font-family: arial; font-size: medium;\"><br \/><\/span><\/div>\n<div style=\"text-align: justify;\"><span style=\"font-family: arial; font-size: medium;\">La invitaci\u00f3n del pueblo de Juzbado a la comunidad universitaria consisti\u00f3 en visitar Juzbado para conocer los nuevos recursos e infraestructuras de que dispone, mantener y ampliar el vivero forestal municipal con m\u00e1s semillas y, en definitiva, biodiversidad bot\u00e1nica, as\u00ed como visitar la exposici\u00f3n \u201cIlustrando la Ciencia\u201d de Fernando Krahn abierta durante los fines de semana hasta finales de a\u00f1o en el Centro Bot\u00e1nico de Juzbado.&nbsp; El entusiasta grupo particip\u00f3 en el <a href=\"https:\/\/www.instagram.com\/reel\/DCYzSf5s8j1\/?utm_source=ig_web_copy_link&amp;igsh=MzRlODBiNWFlZA==\" target=\"_blank\">mantenimiento del vivero y en la plantaci\u00f3n<\/a> de nuevas variedades que recogieron previamente durante un paseo por el <a href=\"https:\/\/www.museodelafalla.com\/2024\/02\/senda-autoguiada-de-los-brunos.html\" target=\"_blank\">Camino de los Bru\u00f1os<\/a>.&nbsp; A continuaci\u00f3n, la expedici\u00f3n coordinada por Mar Marcos de la Oficina verde y los t\u00e9cnicos municipales Jer\u00f3nimo Jablonski y Patricia Mart\u00edn de la <a href=\"http:\/\/juzbado.es\/nuevaweb\/p\/contacto_28.html\" target=\"_blank\">Oficina de Desarrollo Local<\/a>, visit\u00f3 el Centro Bot\u00e1nico.&nbsp; All\u00ed, mediante unos materiales de trabajo, los participantes en el Semana Verde pudieron interactuar con las m\u00e1s de 60 obras originales del autor chileno.&nbsp; Los voluntarios finalizaron la visita disfrutando de un \u00e1gape en el <a href=\"https:\/\/www.facebook.com\/p\/Bar-el-toral-100063403334429\/?locale=es_ES\" target=\"_blank\">Bar El Toral<\/a>.<\/span><\/div>\n<div style=\"clear: both; text-align: justify;\"><a href=\"http:\/\/juzbado.es\/nuevaweb\/wp-content\/uploads\/2024\/11\/WhatsApp-20Image-202024-11-14-20at-2021.49.12-1-.jpeg\" style=\"margin-left: 1em; margin-right: 1em;\"><img loading=\"lazy\" decoding=\"async\" alt=\"Juzbado, CBOJ,Usal, Semana Verde,Fernando Krahn,Centro  Bot\u00e1nico,Patricia Mart\u00edn, Mar Marcos,Noviembre,noviembre 2024,\" border=\"0\" data-original-height=\"758\" data-original-width=\"1599\" height=\"304\" src=\"http:\/\/juzbado.es\/nuevaweb\/wp-content\/uploads\/2024\/11\/WhatsApp-20Image-202024-11-14-20at-2021.49.12-1--300x142.jpeg\" title=\"Juzbado, CBOJ,Usal, Semana Verde,Fernando Krahn,Centro  Bot\u00e1nico,Patricia Mart\u00edn, Mar Marcos,Noviembre,noviembre 2024,\" width=\"640\" \/><\/a><\/div>\n<div style=\"text-align: justify;\"><span style=\"font-family: arial; font-size: medium;\">Desde instancias municipales Fernando Rubio, alcalde de Juzbado, destaca la necesaria relaci\u00f3n de los peque\u00f1os pueblos con la universidad y con sus propuestas participativas, as\u00ed como la urgente implicaci\u00f3n en la conservaci\u00f3n de la biodiversidad, uno de los ejes en torno al cual se desarrolla esta edici\u00f3n universitaria. Se trata de una apuesta municipal que desde hace a\u00f1os interact\u00faa con la <a href=\"https:\/\/www.usal.es\/\" target=\"_blank\">Universidad de Salamanca<\/a>, no solo atrayendo visitas y desarrollando experiencias, sino tambi\u00e9n firmando convenios y aportando puestos de trabajo y de pr\u00e1cticas para j\u00f3venes universitarios, a\u00f1ade Fernando.<\/span><\/div>\n<div>\n<p style=\"text-align: justify;\"><span style=\"font-family: arial; font-size: medium;\">&nbsp;<\/span><\/p>\n<div style=\"clear: both; text-align: center;\"><span style=\"font-family: arial; font-size: medium;\"><a href=\"http:\/\/juzbado.es\/nuevaweb\/wp-content\/uploads\/2024\/11\/vivero-20municipal.jpg\" style=\"margin-left: 1em; margin-right: 1em;\"><img loading=\"lazy\" decoding=\"async\" alt=\"Juzbado, CBOJ,Usal, Semana Verde,Fernando Krahn,Centro  Bot\u00e1nico,Patricia Mart\u00edn, Mar Marcos,Noviembre,noviembre 2024,\" border=\"0\" data-original-height=\"354\" data-original-width=\"1382\" height=\"164\" src=\"http:\/\/juzbado.es\/nuevaweb\/wp-content\/uploads\/2024\/11\/vivero-20municipal-300x77.jpg\" title=\"Juzbado, CBOJ,Usal, Semana Verde,Fernando Krahn,Centro  Bot\u00e1nico,Patricia Mart\u00edn, Mar Marcos,Noviembre,noviembre 2024,\" width=\"640\" \/><\/a><\/span><\/div>\n<p><span style=\"font-family: arial; font-size: medium;\"><br \/><\/span><\/p>\n<p style=\"text-align: justify;\"><span style=\"font-family: arial; font-size: medium;\">Prensa:&nbsp;<\/span><\/p>\n<h1><span style=\"font-family: arial; font-weight: normal;\"><span style=\"font-size: medium;\"><a href=\"http:\/\/juzbado.es\/nuevaweb\/Nuevas%20semillas%20para%20el%20vivero%20de%20Juzbado%20de%20manos%20universitarias\" target=\"_blank\">Nuevas semillas para el vivero de Juzbado de manos universitarias<\/a><\/span><\/span><\/h1>\n<\/div>\n","protected":false},"excerpt":{"rendered":"<p>El Ayuntamiento de Juzbado acogi\u00f3 durante la tarde del jueves 14 de noviembre una de las propuestas participativas de la 17\u00aa Semana Verde de la Universidad de Salamanca.&nbsp; Un numeroso y variopinto grupo de universitarios, familias y j\u00f3venes conoci\u00f3 el pueblo de Juzbado y sus lugares m\u00e1s representativos.&nbsp; Los voluntarios tuvieron la oportunidad de plantar [&hellip;]<\/p>\n","protected":false},"author":2,"featured_media":907,"comment_status":"open","ping_status":"open","sticky":false,"template":"","format":"standard","meta":{"saved_in_kubio":false,"footnotes":""},"categories":[30,81,76,78,82,79,25,80,77],"tags":[],"class_list":["post-25","post","type-post","status-publish","format-standard","has-post-thumbnail","hentry","category-cboj","category-centro-botanico","category-fernando-krahn","category-mar-marcos","category-noviembre","category-noviembre-2024","category-patricia-martin","category-semana-verde","category-usal"],"_links":{"self":[{"href":"https:\/\/juzbado.es\/nuevaweb\/wp-json\/wp\/v2\/posts\/25","targetHints":{"allow":["GET"]}}],"collection":[{"href":"https:\/\/juzbado.es\/nuevaweb\/wp-json\/wp\/v2\/posts"}],"about":[{"href":"https:\/\/juzbado.es\/nuevaweb\/wp-json\/wp\/v2\/types\/post"}],"author":[{"embeddable":true,"href":"https:\/\/juzbado.es\/nuevaweb\/wp-json\/wp\/v2\/users\/2"}],"replies":[{"embeddable":true,"href":"https:\/\/juzbado.es\/nuevaweb\/wp-json\/wp\/v2\/comments?post=25"}],"version-history":[{"count":3,"href":"https:\/\/juzbado.es\/nuevaweb\/wp-json\/wp\/v2\/posts\/25\/revisions"}],"predecessor-version":[{"id":951,"href":"https:\/\/juzbado.es\/nuevaweb\/wp-json\/wp\/v2\/posts\/25\/revisions\/951"}],"wp:featuredmedia":[{"embeddable":true,"href":"https:\/\/juzbado.es\/nuevaweb\/wp-json\/wp\/v2\/media\/907"}],"wp:attachment":[{"href":"https:\/\/juzbado.es\/nuevaweb\/wp-json\/wp\/v2\/media?parent=25"}],"wp:term":[{"taxonomy":"category","embeddable":true,"href":"https:\/\/juzbado.es\/nuevaweb\/wp-json\/wp\/v2\/categories?post=25"},{"taxonomy":"post_tag","embeddable":true,"href":"https:\/\/juzbado.es\/nuevaweb\/wp-json\/wp\/v2\/tags?post=25"}],"curies":[{"name":"wp","href":"https:\/\/api.w.org\/{rel}","templated":true}]}}