{"id":252,"date":"2021-12-13T20:01:00","date_gmt":"2021-12-13T19:01:00","guid":{"rendered":"http:\/\/juzbado.es\/nuevaweb\/2021\/12\/13\/navidad-en-juzbado-2\/"},"modified":"2021-12-13T20:01:00","modified_gmt":"2021-12-13T19:01:00","slug":"navidad-en-juzbado-2","status":"publish","type":"post","link":"https:\/\/juzbado.es\/nuevaweb\/2021\/12\/13\/navidad-en-juzbado-2\/","title":{"rendered":"NAVIDAD EN JUZBADO"},"content":{"rendered":"<div style=\"text-align: justify;\"><span style=\"font-family: arial;\"><span style=\"font-size: medium;\"><span dir=\"auto\"><span style=\"font-family: arial;\"><span style=\"font-size: medium;\"><span dir=\"auto\">Os presentamos l<\/span><\/span><\/span>a programaci\u00f3n navide\u00f1a de este a\u00f1o.&nbsp; Como comprobar\u00e9is, se trata de un conjunto de propuestas culturales y participativas dirigidas a todos los vecinos y amigos de Juzbado.&nbsp; Aprovechamos esta ocasi\u00f3n para desearos unos felices d\u00edas y mucha salud.<\/span><\/span><\/span><\/div>\n<div style=\"text-align: justify;\"><span style=\"font-family: arial;\"><span style=\"font-size: medium;\"><\/p>\n<div style=\"clear: both; text-align: center;\"><a href=\"https:\/\/blogger.googleusercontent.com\/img\/a\/AVvXsEgRs-tvcY4kcU0xKJu58PB_p3pOF4Ik0oX6gVfyJ18nX9iUqysDtfMo8ueM8T0XsA9IfguFMShSY-iVSrBjni1JbndGiNNbKp7saGQNNE51QYrC1JZkQUKwhP6LoE9yWbrEmkgvBSq-vC-FgTOhnpXPv57LVdE0SoTVModyxC43FGGNxGkGYqWW3hed=s1754\" style=\"margin-left: 1em; margin-right: 1em;\"><img loading=\"lazy\" decoding=\"async\" border=\"0\" data-original-height=\"1754\" data-original-width=\"1240\" height=\"640\" src=\"https:\/\/blogger.googleusercontent.com\/img\/a\/AVvXsEgRs-tvcY4kcU0xKJu58PB_p3pOF4Ik0oX6gVfyJ18nX9iUqysDtfMo8ueM8T0XsA9IfguFMShSY-iVSrBjni1JbndGiNNbKp7saGQNNE51QYrC1JZkQUKwhP6LoE9yWbrEmkgvBSq-vC-FgTOhnpXPv57LVdE0SoTVModyxC43FGGNxGkGYqWW3hed=w452-h640\" width=\"452\" \/><\/a><\/div>\n<p><span dir=\"auto\"><br \/><\/span><\/span><\/span><\/div>\n<div style=\"text-align: justify;\"><span style=\"font-family: arial;\"><span style=\"font-size: medium;\"><span dir=\"auto\">&nbsp;<\/span><\/span><\/span><\/div>\n<div style=\"text-align: justify;\"><span style=\"font-family: arial;\"><span style=\"font-size: medium;\"><span dir=\"auto\">&nbsp;<\/span><\/span><\/span><\/div>\n","protected":false},"excerpt":{"rendered":"<p>Os presentamos la programaci\u00f3n navide\u00f1a de este a\u00f1o.&nbsp; Como comprobar\u00e9is, se trata de un conjunto de propuestas culturales y participativas dirigidas a todos los vecinos y amigos de Juzbado.&nbsp; Aprovechamos esta ocasi\u00f3n para desearos unos felices d\u00edas y mucha salud. &nbsp; &nbsp;<\/p>\n","protected":false},"author":2,"featured_media":0,"comment_status":"open","ping_status":"open","sticky":false,"template":"","format":"standard","meta":{"saved_in_kubio":false,"footnotes":""},"categories":[573,453,34,277,17,8,19],"tags":[],"class_list":["post-252","post","type-post","status-publish","format-standard","hentry","category-573","category-453","category-diciembre","category-enero","category-fiestas-de-navidad","category-navidad","category-programacion-navidena"],"_links":{"self":[{"href":"https:\/\/juzbado.es\/nuevaweb\/wp-json\/wp\/v2\/posts\/252","targetHints":{"allow":["GET"]}}],"collection":[{"href":"https:\/\/juzbado.es\/nuevaweb\/wp-json\/wp\/v2\/posts"}],"about":[{"href":"https:\/\/juzbado.es\/nuevaweb\/wp-json\/wp\/v2\/types\/post"}],"author":[{"embeddable":true,"href":"https:\/\/juzbado.es\/nuevaweb\/wp-json\/wp\/v2\/users\/2"}],"replies":[{"embeddable":true,"href":"https:\/\/juzbado.es\/nuevaweb\/wp-json\/wp\/v2\/comments?post=252"}],"version-history":[{"count":0,"href":"https:\/\/juzbado.es\/nuevaweb\/wp-json\/wp\/v2\/posts\/252\/revisions"}],"wp:attachment":[{"href":"https:\/\/juzbado.es\/nuevaweb\/wp-json\/wp\/v2\/media?parent=252"}],"wp:term":[{"taxonomy":"category","embeddable":true,"href":"https:\/\/juzbado.es\/nuevaweb\/wp-json\/wp\/v2\/categories?post=252"},{"taxonomy":"post_tag","embeddable":true,"href":"https:\/\/juzbado.es\/nuevaweb\/wp-json\/wp\/v2\/tags?post=252"}],"curies":[{"name":"wp","href":"https:\/\/api.w.org\/{rel}","templated":true}]}}