{"id":256,"date":"2021-11-22T15:33:00","date_gmt":"2021-11-22T14:33:00","guid":{"rendered":"http:\/\/juzbado.es\/nuevaweb\/2021\/11\/22\/la-asociacion-de-mujeres-contra-la-violencia-de-genero\/"},"modified":"2021-11-22T15:33:00","modified_gmt":"2021-11-22T14:33:00","slug":"la-asociacion-de-mujeres-contra-la-violencia-de-genero","status":"publish","type":"post","link":"https:\/\/juzbado.es\/nuevaweb\/2021\/11\/22\/la-asociacion-de-mujeres-contra-la-violencia-de-genero\/","title":{"rendered":"LA ASOCIACI\u00d3N DE MUJERES CONTRA LA VIOLENCIA DE G\u00c9NERO"},"content":{"rendered":"<p style=\"text-align: justify;\"><span style=\"font-family: arial;\">Con motivo del <a href=\"https:\/\/www.un.org\/es\/observances\/ending-violence-against-women-day\" target=\"_blank\">D\u00eda Internacional de la Eliminaci\u00f3n de laViolencia de G\u00e9nero<\/a> el pr\u00f3ximo 25 de Noviembre, la Asociaci\u00f3n de Mujeres de<br \/>\nJuzbado en colaboraci\u00f3n con la Asociaci\u00f3n de Mayores nos invitan el s\u00e1bado 27 de<br \/>\nnoviembre a participar en un espect\u00e1culo de Pilar Borrego (compa\u00f1\u00eda Katua Teatro) titulado \u201cCosas<br \/>\nnuestras\u201d.<span style=\"mso-spacerun: yes;\">&nbsp; <\/span>Se trata de un recital de<br \/>\nhistorias de la tradici\u00f3n oral con lo femenino como hilo conductor.<span style=\"mso-spacerun: yes;\">&nbsp; <\/span>Ser\u00e1 en el sal\u00f3n de actos del Ayuntamiento de<br \/>\nJuzbado<span style=\"mso-spacerun: yes;\"> <\/span>a partir de las 19:00 h.<span style=\"mso-spacerun: yes;\">&nbsp; <\/span>Es un espect\u00e1culo que se estrena por primera vez en nuestro pueblo y tiene una duraci\u00f3n de 60<br \/>\nminutos.&nbsp; Est\u00e1 dirigido a todos los p\u00fablicos aunque si vienen menores que lo hagan<br \/>\nacompa\u00f1ados como lo hacen habitualmente.<\/span><\/p>\n<div style=\"text-align: justify;\"><span style=\"font-family: arial;\"><\/p>\n<p><\/span><\/div>\n<p style=\"text-align: justify;\"><span style=\"font-family: arial;\">La Asociaci\u00f3n de Mujeres consolida esta efem\u00e9rides en el<br \/>\npueblo de Juzbado tras varias celebraciones en a\u00f1os pasados.<span style=\"mso-spacerun: yes;\">&nbsp; <\/span>Por eso felicitamos a la Asociaci\u00f3n por su<br \/>\nempe\u00f1o y sensibilidad con la igualdad y con una lacra que este a\u00f1o sigue<br \/>\narrojando m\u00e1s mujeres asesinadas.&nbsp; Al arranque del acto la presidenta Marif\u00e9 Francho leer\u00e1 un manifiesto.<br \/><\/span><\/p>\n<div style=\"text-align: justify;\"><span style=\"font-family: arial;\"><\/p>\n<p><\/span><\/div>\n<p style=\"text-align: justify;\"><span style=\"font-family: arial;\">El recital cuenta con el apoyo del Ayuntamiento de Juzbado,<br \/>\nla Secretar\u00eda de Igualdad de la Diputaci\u00f3n de Salamanca a trav\u00e9s del <a href=\"http:\/\/www.lasalina.es\/Aplicaciones\/GestorInter.jsp?prestacion=Cipublico&amp;funcion=MuestraInformacionCeas0&amp;codCeas=6\" target=\"_blank\">CEAS de Ledesma<\/a> y, tambi\u00e9n, con el apoyo de la <a href=\"https:\/\/juzbado.blogspot.com\/p\/asociaciones.html\" target=\"_blank\">Asociaci\u00f3n de Mayores<\/a> que s e<br \/>\nencargar\u00e1<span style=\"mso-spacerun: yes;\">&nbsp; <\/span>de servir chocolate con<br \/>\nbizcochos.<\/span><\/p>\n<p style=\"text-align: justify;\"><span style=\"font-family: arial;\"><\/span><\/p>\n<div style=\"clear: both; text-align: center;\"><a href=\"https:\/\/blogger.googleusercontent.com\/img\/b\/R29vZ2xl\/AVvXsEhLAprNTULh_SeZwS2XRJie-NcseEmJvz0-rP_hl-btZP-Td4DXr6CYo_2CLumE4BoLoTghRP8DXY4HY0AErqJmdv2P3DdmsPW_yrGqvgs6VL6uXD8LC-KmQBYX_fR80XGVYGFbZsmTXHQ\/s2048\/CARTEL+25+n+2021+MUJERES+KATUA+TEATRO.jpg\" style=\"margin-left: 1em; margin-right: 1em;\"><img loading=\"lazy\" decoding=\"async\" alt=\"Juzbado, 25N, Dia internacional contra la ciolencia de g\u00e9nero\" border=\"0\" data-original-height=\"2048\" data-original-width=\"1448\" height=\"640\" src=\"https:\/\/blogger.googleusercontent.com\/img\/b\/R29vZ2xl\/AVvXsEhLAprNTULh_SeZwS2XRJie-NcseEmJvz0-rP_hl-btZP-Td4DXr6CYo_2CLumE4BoLoTghRP8DXY4HY0AErqJmdv2P3DdmsPW_yrGqvgs6VL6uXD8LC-KmQBYX_fR80XGVYGFbZsmTXHQ\/w452-h640\/CARTEL+25+n+2021+MUJERES+KATUA+TEATRO.jpg\" title=\"Juzbado, 25N, Dia internacional contra la ciolencia de g\u00e9nero\" width=\"452\" \/><\/a><\/div>\n<p>&nbsp;<\/p>\n","protected":false},"excerpt":{"rendered":"<p>Con motivo del D\u00eda Internacional de la Eliminaci\u00f3n de laViolencia de G\u00e9nero el pr\u00f3ximo 25 de Noviembre, la Asociaci\u00f3n de Mujeres de Juzbado en colaboraci\u00f3n con la Asociaci\u00f3n de Mayores nos invitan el s\u00e1bado 27 de noviembre a participar en un espect\u00e1culo de Pilar Borrego (compa\u00f1\u00eda Katua Teatro) titulado \u201cCosas nuestras\u201d.&nbsp; Se trata de un [&hellip;]<\/p>\n","protected":false},"author":2,"featured_media":0,"comment_status":"open","ping_status":"open","sticky":false,"template":"","format":"standard","meta":{"saved_in_kubio":false,"footnotes":""},"categories":[573,63,6,580,82,579],"tags":[],"class_list":["post-256","post","type-post","status-publish","format-standard","hentry","category-573","category-25n","category-asociacion-de-mayores","category-asociacon-de-mayores","category-noviembre","category-pilar-borrego"],"_links":{"self":[{"href":"https:\/\/juzbado.es\/nuevaweb\/wp-json\/wp\/v2\/posts\/256","targetHints":{"allow":["GET"]}}],"collection":[{"href":"https:\/\/juzbado.es\/nuevaweb\/wp-json\/wp\/v2\/posts"}],"about":[{"href":"https:\/\/juzbado.es\/nuevaweb\/wp-json\/wp\/v2\/types\/post"}],"author":[{"embeddable":true,"href":"https:\/\/juzbado.es\/nuevaweb\/wp-json\/wp\/v2\/users\/2"}],"replies":[{"embeddable":true,"href":"https:\/\/juzbado.es\/nuevaweb\/wp-json\/wp\/v2\/comments?post=256"}],"version-history":[{"count":0,"href":"https:\/\/juzbado.es\/nuevaweb\/wp-json\/wp\/v2\/posts\/256\/revisions"}],"wp:attachment":[{"href":"https:\/\/juzbado.es\/nuevaweb\/wp-json\/wp\/v2\/media?parent=256"}],"wp:term":[{"taxonomy":"category","embeddable":true,"href":"https:\/\/juzbado.es\/nuevaweb\/wp-json\/wp\/v2\/categories?post=256"},{"taxonomy":"post_tag","embeddable":true,"href":"https:\/\/juzbado.es\/nuevaweb\/wp-json\/wp\/v2\/tags?post=256"}],"curies":[{"name":"wp","href":"https:\/\/api.w.org\/{rel}","templated":true}]}}