{"id":260,"date":"2021-11-09T10:23:00","date_gmt":"2021-11-09T09:23:00","guid":{"rendered":"http:\/\/juzbado.es\/nuevaweb\/2021\/11\/09\/mayores-perspectiva-de-genero-y-refranero-espanol\/"},"modified":"2021-11-09T10:23:00","modified_gmt":"2021-11-09T09:23:00","slug":"mayores-perspectiva-de-genero-y-refranero-espanol","status":"publish","type":"post","link":"https:\/\/juzbado.es\/nuevaweb\/2021\/11\/09\/mayores-perspectiva-de-genero-y-refranero-espanol\/","title":{"rendered":"MAYORES, PERSPECTIVA DE G\u00c9NERO Y REFRANERO ESPA\u00d1OL"},"content":{"rendered":"<p style=\"text-align: justify;\"><span style=\"font-size: medium;\"><span style=\"font-family: arial;\">La activa <a href=\"https:\/\/juzbado.blogspot.com\/p\/asociaciones.html\">A<\/a><a href=\"https:\/\/juzbado.blogspot.com\/p\/asociaciones.html\" target=\"_blank\">sociaci\u00f3n de mayores de Juzbado<\/a> nos propuso hace unos d\u00edas una sesi\u00f3n participativa de mucho inter\u00e9s.&nbsp; Se trat\u00f3 de juntarse para estudiar con detenimiento nuestro cancionero y&nbsp; refranero espa\u00f1ol desde una perspectiva de g\u00e9nero.&nbsp; El acto, coordinado desde el Ayuntamiento y el \u00e1rea de <a href=\"https:\/\/juzbado.blogspot.com\/p\/contacto_28.html\" target=\"_blank\">Desarrollo local<\/a>, tuvo lugar en el Sal\u00f3n del hogar -que retoma ya su habitual actividad- y aglutin\u00f3 a una decena de vecinos.&nbsp; Fue posible gracias a la <a href=\"http:\/\/www.lasalina.es\/\" target=\"_blank\">Diputaci\u00f3n de Salamanca<\/a> y a la experiencia de la <a href=\"https:\/\/www.asociacionplazamayor.es\/\" target=\"_blank\">Asociaci\u00f3n salmantina Plaza Mayor<\/a> en cuestiones ligadas a ayuda a la mujer.&nbsp; Desde aqu\u00ed agradecemos a todos los participantes que estuvieron presentes para debatir y aprender sobre nuestra cultura popular.<br \/><\/span><\/span><\/p>\n<p style=\"text-align: justify;\"><span style=\"font-size: medium;\"><span style=\"font-family: arial;\"><\/span><\/span><\/p>\n<div style=\"clear: both; text-align: center;\"><span style=\"font-size: medium;\"><a href=\"https:\/\/blogger.googleusercontent.com\/img\/b\/R29vZ2xl\/AVvXsEhn4vFxfvuiAPczjPe1rsk1PnaBVj0oNVAsx-2vle2-1cqgbLg2pkpKXQndNbLDqK3OM7jbBHvM4Smx-5AtHT5LzCtzQnz8IWKs9k8WpQduRhWRItziZ3WKKMvMNEJdEmDzeLIGARGaTxA\/s1280\/CARTEL+COPLA+JUZBADO.jpg\" style=\"margin-left: 1em; margin-right: 1em;\"><img loading=\"lazy\" decoding=\"async\" border=\"0\" data-original-height=\"720\" data-original-width=\"1280\" height=\"360\" src=\"https:\/\/blogger.googleusercontent.com\/img\/b\/R29vZ2xl\/AVvXsEhn4vFxfvuiAPczjPe1rsk1PnaBVj0oNVAsx-2vle2-1cqgbLg2pkpKXQndNbLDqK3OM7jbBHvM4Smx-5AtHT5LzCtzQnz8IWKs9k8WpQduRhWRItziZ3WKKMvMNEJdEmDzeLIGARGaTxA\/w640-h360\/CARTEL+COPLA+JUZBADO.jpg\" width=\"640\" \/><\/a><\/span><\/div>\n<p><span style=\"font-size: medium;\"><br \/>&nbsp;<\/p>\n<table align=\"center\" cellpadding=\"0\" cellspacing=\"0\" style=\"margin-left: auto; margin-right: auto;\">\n<tbody>\n<tr>\n<td style=\"text-align: center;\"><a href=\"https:\/\/blogger.googleusercontent.com\/img\/b\/R29vZ2xl\/AVvXsEgumh1RN1XKf7JXISWi9HbPjZIj14ARXqmZKQbBSKep_eHyKgkkccN6lIJNaO1406tZGGOeLZbi39nOa-cr7WGfTR0FNC6W-0tqLjLAACPHZB6q5ok4mZndB_Oq7MPK1b_u29wo8iypcfE\/s1440\/Juzbado+mayores+taller+%25281%2529.jpg\" style=\"margin-left: auto; margin-right: auto;\"><img loading=\"lazy\" decoding=\"async\" border=\"0\" data-original-height=\"1080\" data-original-width=\"1440\" height=\"480\" src=\"https:\/\/blogger.googleusercontent.com\/img\/b\/R29vZ2xl\/AVvXsEgumh1RN1XKf7JXISWi9HbPjZIj14ARXqmZKQbBSKep_eHyKgkkccN6lIJNaO1406tZGGOeLZbi39nOa-cr7WGfTR0FNC6W-0tqLjLAACPHZB6q5ok4mZndB_Oq7MPK1b_u29wo8iypcfE\/w640-h480\/Juzbado+mayores+taller+%25281%2529.jpg\" width=\"640\" \/><\/a><\/td>\n<\/tr>\n<tr>\n<td style=\"text-align: center;\">Participantes en el taller celebrado el jueves 4 de noviembre en Juzbado.<\/td>\n<\/tr>\n<\/tbody>\n<\/table>\n<p><\/span><\/p>\n","protected":false},"excerpt":{"rendered":"<p>La activa Asociaci\u00f3n de mayores de Juzbado nos propuso hace unos d\u00edas una sesi\u00f3n participativa de mucho inter\u00e9s.&nbsp; Se trat\u00f3 de juntarse para estudiar con detenimiento nuestro cancionero y&nbsp; refranero espa\u00f1ol desde una perspectiva de g\u00e9nero.&nbsp; El acto, coordinado desde el Ayuntamiento y el \u00e1rea de Desarrollo local, tuvo lugar en el Sal\u00f3n del hogar [&hellip;]<\/p>\n","protected":false},"author":2,"featured_media":0,"comment_status":"open","ping_status":"open","sticky":false,"template":"","format":"standard","meta":{"saved_in_kubio":false,"footnotes":""},"categories":[573,6,42,583,83,55,82],"tags":[],"class_list":["post-260","post","type-post","status-publish","format-standard","hentry","category-573","category-asociacion-de-mayores","category-asociacion-de-mujeres","category-asociacion-plaza-mayor","category-ceas","category-diputacion-de-salamanca","category-noviembre"],"_links":{"self":[{"href":"https:\/\/juzbado.es\/nuevaweb\/wp-json\/wp\/v2\/posts\/260","targetHints":{"allow":["GET"]}}],"collection":[{"href":"https:\/\/juzbado.es\/nuevaweb\/wp-json\/wp\/v2\/posts"}],"about":[{"href":"https:\/\/juzbado.es\/nuevaweb\/wp-json\/wp\/v2\/types\/post"}],"author":[{"embeddable":true,"href":"https:\/\/juzbado.es\/nuevaweb\/wp-json\/wp\/v2\/users\/2"}],"replies":[{"embeddable":true,"href":"https:\/\/juzbado.es\/nuevaweb\/wp-json\/wp\/v2\/comments?post=260"}],"version-history":[{"count":0,"href":"https:\/\/juzbado.es\/nuevaweb\/wp-json\/wp\/v2\/posts\/260\/revisions"}],"wp:attachment":[{"href":"https:\/\/juzbado.es\/nuevaweb\/wp-json\/wp\/v2\/media?parent=260"}],"wp:term":[{"taxonomy":"category","embeddable":true,"href":"https:\/\/juzbado.es\/nuevaweb\/wp-json\/wp\/v2\/categories?post=260"},{"taxonomy":"post_tag","embeddable":true,"href":"https:\/\/juzbado.es\/nuevaweb\/wp-json\/wp\/v2\/tags?post=260"}],"curies":[{"name":"wp","href":"https:\/\/api.w.org\/{rel}","templated":true}]}}