{"id":263,"date":"2021-10-26T20:55:00","date_gmt":"2021-10-26T18:55:00","guid":{"rendered":"http:\/\/juzbado.es\/nuevaweb\/2021\/10\/26\/reportaje-sobre-la-visita-de-ida-vitale-a-juzbado\/"},"modified":"2021-10-26T20:55:00","modified_gmt":"2021-10-26T18:55:00","slug":"reportaje-sobre-la-visita-de-ida-vitale-a-juzbado","status":"publish","type":"post","link":"https:\/\/juzbado.es\/nuevaweb\/2021\/10\/26\/reportaje-sobre-la-visita-de-ida-vitale-a-juzbado\/","title":{"rendered":"REPORTAJE SOBRE LA VISITA DE IDA VITALE A JUZBADO"},"content":{"rendered":"<div style=\"text-align: justify;\"><span style=\"font-family: arial;\"><span style=\"font-size: medium;\">Os presentamos a continuaci\u00f3n un reportaje de la <a href=\"https:\/\/juzbado.blogspot.com\/2021\/10\/ida-vitale-inaugurara-el-decimo-segundo.html\" target=\"_blank\">visita de Ida Vitale<\/a> a Juzbado el 23 de Octubre de 2021.  Tambi\u00e9n pod\u00e9is ver aqu\u00ed algunas <a href=\"https:\/\/juzbado.blogspot.com\/2021\/10\/ida-vitale-en-juzbado.html\" target=\"_blank\">fotograf\u00edas<\/a> de la <a href=\"https:\/\/juzbado.blogspot.com\/2019\/04\/ida-vitale-libro-abierto-de-2019.html\" target=\"_blank\">segunda visita<\/a> de la poeta a Juzbado.<\/span><\/span><\/div>\n<div style=\"text-align: justify;\"><span style=\"font-family: arial;\"><span style=\"font-size: medium;\">&nbsp;<\/span><\/span><iframe loading=\"lazy\" frameborder=\"0\" height=\"370\" src=\"https:\/\/youtube.com\/embed\/ezziTdV2p4M\" style=\"background-image: url(https:\/\/i.ytimg.com\/vi\/ezziTdV2p4M\/hqdefault.jpg);\" width=\"650\"><\/iframe><\/div>\n","protected":false},"excerpt":{"rendered":"<p>Os presentamos a continuaci\u00f3n un reportaje de la visita de Ida Vitale a Juzbado el 23 de Octubre de 2021. Tambi\u00e9n pod\u00e9is ver aqu\u00ed algunas fotograf\u00edas de la segunda visita de la poeta a Juzbado. &nbsp;<\/p>\n","protected":false},"author":2,"featured_media":0,"comment_status":"open","ping_status":"open","sticky":false,"template":"","format":"standard","meta":{"saved_in_kubio":false,"footnotes":""},"categories":[573,218,340,292,104,548],"tags":[],"class_list":["post-263","post","type-post","status-publish","format-standard","hentry","category-573","category-ida-vitale","category-juzbado-libro-abierto","category-libro-abierto","category-octubre","category-poesia"],"_links":{"self":[{"href":"https:\/\/juzbado.es\/nuevaweb\/wp-json\/wp\/v2\/posts\/263","targetHints":{"allow":["GET"]}}],"collection":[{"href":"https:\/\/juzbado.es\/nuevaweb\/wp-json\/wp\/v2\/posts"}],"about":[{"href":"https:\/\/juzbado.es\/nuevaweb\/wp-json\/wp\/v2\/types\/post"}],"author":[{"embeddable":true,"href":"https:\/\/juzbado.es\/nuevaweb\/wp-json\/wp\/v2\/users\/2"}],"replies":[{"embeddable":true,"href":"https:\/\/juzbado.es\/nuevaweb\/wp-json\/wp\/v2\/comments?post=263"}],"version-history":[{"count":0,"href":"https:\/\/juzbado.es\/nuevaweb\/wp-json\/wp\/v2\/posts\/263\/revisions"}],"wp:attachment":[{"href":"https:\/\/juzbado.es\/nuevaweb\/wp-json\/wp\/v2\/media?parent=263"}],"wp:term":[{"taxonomy":"category","embeddable":true,"href":"https:\/\/juzbado.es\/nuevaweb\/wp-json\/wp\/v2\/categories?post=263"},{"taxonomy":"post_tag","embeddable":true,"href":"https:\/\/juzbado.es\/nuevaweb\/wp-json\/wp\/v2\/tags?post=263"}],"curies":[{"name":"wp","href":"https:\/\/api.w.org\/{rel}","templated":true}]}}