{"id":265,"date":"2021-10-21T10:55:00","date_gmt":"2021-10-21T08:55:00","guid":{"rendered":"http:\/\/juzbado.es\/nuevaweb\/2021\/10\/21\/ida-vitale-inaugurara-el-decimo-segundo-libro-abierto-de-juzbado-2021\/"},"modified":"2021-10-21T10:55:00","modified_gmt":"2021-10-21T08:55:00","slug":"ida-vitale-inaugurara-el-decimo-segundo-libro-abierto-de-juzbado-2021","status":"publish","type":"post","link":"https:\/\/juzbado.es\/nuevaweb\/2021\/10\/21\/ida-vitale-inaugurara-el-decimo-segundo-libro-abierto-de-juzbado-2021\/","title":{"rendered":"IDA VITALE INAUGURAR\u00c1 EL D\u00c9CIMO SEGUNDO LIBRO ABIERTO DE JUZBADO 2021"},"content":{"rendered":"<p style=\"text-align: justify;\"><span style=\"font-size: medium;\"><span style=\"font-family: arial;\"><b><span style=\"line-height: 115%;\">Ida Vitale visitar\u00e1 el<br \/>\nmunicipio salmantino de Juzbado el s\u00e1bado 23 de Octubre para celebrar el primer<br \/>\nencuentro po\u00e9tico de <a href=\"http:\/\/juzbado.blogspot.com\/IDA%20VITALE%20INAUGURAR%C3%81%20EL%20D%C3%89CIMO%20SEGUNDO%20LIBRO%20ABIERTO%20DE%20JUZBADO%202021\" target=\"_blank\">Juzbado Libro Abierto<\/a> desde antes de la Pandemia.<\/span><\/b><span style=\"line-height: 115%;\"><\/span><\/span><\/span><\/p>\n<div style=\"text-align: justify;\"><span style=\"font-size: medium;\"><span style=\"font-family: arial;\"><\/p>\n<p><\/span><\/span><\/div>\n<p style=\"text-align: justify;\"><span style=\"font-size: medium;\"><span style=\"font-family: arial;\"><span style=\"line-height: 115%;\">Por petici\u00f3n propia, lo hace en busca de esa Espa\u00f1a que la \u201cencandil\u00f3\u201d<br \/>\nen 2019.<span>&nbsp; <\/span>Vitale, <a href=\"https:\/\/elpais.com\/cultura\/2018\/11\/15\/actualidad\/1542268262_889172.html\" target=\"_blank\">Premio Cervantes 2018<\/a> <span>&nbsp;<\/span>visit\u00f3 Juzbado el 23 de abril de aquel a\u00f1o.<span>&nbsp; <\/span>En aquella ocasi\u00f3n lleg\u00f3 a Juzbado acompa\u00f1ada<br \/>\nde su hija Amparo Rama unos d\u00edas despu\u00e9s de recibir el premio Cervantes en el Paraninfo<br \/>\nde la <a href=\"https:\/\/www.uah.es\/es\/\" target=\"_blank\">Universidad de Alcal\u00e1 de Henares<\/a> de las manos del Felipe VI.<span>&nbsp; <\/span>La poeta uruguaya es la decimos\u00e9ptima figura<br \/>\nrenombrada de la poes\u00eda iberoamericana que visita Juzbado desde que en el a\u00f1o<br \/>\n2008 se inici\u00f3 el programa de promoci\u00f3n cultural y literaria \u201cJuzbado Libro<br \/>\nabierto\u201d.&nbsp;<\/span><\/span><\/span><\/p>\n<p style=\"text-align: justify;\"><span style=\"font-size: medium;\"><span style=\"font-family: arial;\"><span style=\"line-height: 115%;\"><\/p>\n<table align=\"center\" cellpadding=\"0\" cellspacing=\"0\" style=\"margin-left: auto; margin-right: auto;\">\n<tbody>\n<tr>\n<td style=\"text-align: center;\"><a href=\"https:\/\/blogger.googleusercontent.com\/img\/b\/R29vZ2xl\/AVvXsEiLui9Zh-DP3g81yt8m8a-NVj2PAJaMsSUDhyphenhyphen5iauV3N6GZ4GLZUJlKljCDVK7gPTOJ5LzNGBsjeSaj79vl1sGfDNZ4RHR5MNIKf5p2p0WzRLM9PldbMdGSZ51h1EvJ61IHvJmy_9Exe80\/s2048\/IDA+VITALE+2021+JUZBADO+TV.jpg\" style=\"margin-left: auto; margin-right: auto;\"><img loading=\"lazy\" decoding=\"async\" border=\"0\" data-original-height=\"1448\" data-original-width=\"2048\" height=\"452\" src=\"https:\/\/blogger.googleusercontent.com\/img\/b\/R29vZ2xl\/AVvXsEiLui9Zh-DP3g81yt8m8a-NVj2PAJaMsSUDhyphenhyphen5iauV3N6GZ4GLZUJlKljCDVK7gPTOJ5LzNGBsjeSaj79vl1sGfDNZ4RHR5MNIKf5p2p0WzRLM9PldbMdGSZ51h1EvJ61IHvJmy_9Exe80\/w640-h452\/IDA+VITALE+2021+JUZBADO+TV.jpg\" width=\"640\" \/><\/a><\/td>\n<\/tr>\n<tr>\n<td style=\"text-align: center;\">Convocatoria de la visita de Ida Vitale a Juzbado<\/td>\n<\/tr>\n<\/tbody>\n<\/table>\n<p>&nbsp;<\/span><\/span><\/span><\/p>\n<p style=\"text-align: justify;\"><span style=\"font-size: medium;\"><span style=\"font-family: arial;\"><span style=\"line-height: 115%;\">El acto comenzar\u00e1 a las 17:00 h. con la llegada de la poeta a<br \/>\nla plaza de la iglesia y a continuaci\u00f3n se leer\u00e1n las tradicionales placas<br \/>\nrepartidas por el pueblo con vecinos y amigos.<span>&nbsp;<br \/>\n<\/span>Tras el paseo se celebrar\u00e1 un recital en el sal\u00f3n de actos.<span>&nbsp; <\/span>Ser\u00e1 imposible que todos podamos estar<br \/>\npresentes en el interior por lo que ya advertimos que el aforo es limitado<br \/>\ndadas las circunstancias y los inminentes anocheceres.<span>&nbsp; <\/span>Como es costumbre, habr\u00e1 libros de la autora<br \/>\ndisponibles a la venta con precios especiales junto al Ayuntamiento. <span>&nbsp;<\/span>La celebraci\u00f3n de esta efem\u00e9rides cultural -\u00fanica<br \/>\nen nuestra regi\u00f3n y que ha proyectado a este municipio en los \u00e1mbito culturales-,<br \/>\nest\u00e1 cofinanciada por la <a href=\"http:\/\/www.lasalina.es\/\" target=\"_blank\">Diputaci\u00f3n provincial de Salamanca<\/a>.<\/span><\/span><\/span><\/p>\n<div style=\"text-align: justify;\"><span style=\"font-size: medium;\"><span style=\"font-family: arial;\"><\/p>\n<p><\/span><\/span><\/div>\n<p style=\"text-align: justify;\"><span style=\"font-size: medium;\"><span style=\"font-family: arial;\"><span style=\"line-height: 115%;\">En 2019 cientos de personas, entre vecinos y amigos de Juzbado,<br \/>\nacompa\u00f1aron a Ida en el tradicional paseo para inaugurar las placas con los<br \/>\npoemas troquelados en bronce y que decoran todo el entramado urbano del<br \/>\npueblo.<span>&nbsp; <\/span>Ida ley\u00f3 \u201cReuni\u00f3n\u201d ubicado sobre<br \/>\nun atril en la Pe\u00f1a del Castillo y los miradores adyacentes y el <a href=\"http:\/\/www.museodelafalla.com\/\" target=\"_blank\">Museo de la Falla<\/a>. <span>&nbsp;&nbsp;<\/span>All\u00ed dijo que <a href=\"https:\/\/www.eldiario.es\/cultura\/ida-vitale-regresa-espana-le-embeleso_1_8385239.html\" target=\"_blank\">estaba \u201cembelesada\u201d<\/a> y fue luego m\u00e1s tarde cuando reconoci\u00f3 que no conoc\u00eda la Espa\u00f1a<br \/>\nrural.<span>&nbsp; <\/span>A continuaci\u00f3n ley\u00f3 \u201cFortuna\u201d<br \/>\nsobre la pared de una vivienda y termin\u00f3 con \u201cMisterios\u201d en la fachada de la Iglesia<br \/>\nparroquial.<span>&nbsp; <\/span>Aquellas lecturas<br \/>\nprimaverales pre-pand\u00e9micas configuran hoy un conjunto de <a href=\"https:\/\/www.google.com\/maps\/d\/viewer?mid=10AQ7PcWxD9Smhos4sKKz2jDrX8s&amp;ll=41.07713261324977%2C-5.862216572031582&amp;z=18\" target=\"_blank\">43 placas con poemas<\/a><br \/>\nque embellecen y dotan de un sentido literario el paseo por las calles de<br \/>\nJuzbado.<\/span><\/span><\/span><\/p>\n","protected":false},"excerpt":{"rendered":"<p>Ida Vitale visitar\u00e1 el municipio salmantino de Juzbado el s\u00e1bado 23 de Octubre para celebrar el primer encuentro po\u00e9tico de Juzbado Libro Abierto desde antes de la Pandemia. Por petici\u00f3n propia, lo hace en busca de esa Espa\u00f1a que la \u201cencandil\u00f3\u201d en 2019.&nbsp; Vitale, Premio Cervantes 2018 &nbsp;visit\u00f3 Juzbado el 23 de abril de aquel [&hellip;]<\/p>\n","protected":false},"author":2,"featured_media":0,"comment_status":"open","ping_status":"open","sticky":false,"template":"","format":"standard","meta":{"saved_in_kubio":false,"footnotes":""},"categories":[573,218,340,292,104,548],"tags":[],"class_list":["post-265","post","type-post","status-publish","format-standard","hentry","category-573","category-ida-vitale","category-juzbado-libro-abierto","category-libro-abierto","category-octubre","category-poesia"],"_links":{"self":[{"href":"https:\/\/juzbado.es\/nuevaweb\/wp-json\/wp\/v2\/posts\/265","targetHints":{"allow":["GET"]}}],"collection":[{"href":"https:\/\/juzbado.es\/nuevaweb\/wp-json\/wp\/v2\/posts"}],"about":[{"href":"https:\/\/juzbado.es\/nuevaweb\/wp-json\/wp\/v2\/types\/post"}],"author":[{"embeddable":true,"href":"https:\/\/juzbado.es\/nuevaweb\/wp-json\/wp\/v2\/users\/2"}],"replies":[{"embeddable":true,"href":"https:\/\/juzbado.es\/nuevaweb\/wp-json\/wp\/v2\/comments?post=265"}],"version-history":[{"count":0,"href":"https:\/\/juzbado.es\/nuevaweb\/wp-json\/wp\/v2\/posts\/265\/revisions"}],"wp:attachment":[{"href":"https:\/\/juzbado.es\/nuevaweb\/wp-json\/wp\/v2\/media?parent=265"}],"wp:term":[{"taxonomy":"category","embeddable":true,"href":"https:\/\/juzbado.es\/nuevaweb\/wp-json\/wp\/v2\/categories?post=265"},{"taxonomy":"post_tag","embeddable":true,"href":"https:\/\/juzbado.es\/nuevaweb\/wp-json\/wp\/v2\/tags?post=265"}],"curies":[{"name":"wp","href":"https:\/\/api.w.org\/{rel}","templated":true}]}}