{"id":267,"date":"2021-10-01T11:45:00","date_gmt":"2021-10-01T09:45:00","guid":{"rendered":"http:\/\/juzbado.es\/nuevaweb\/2021\/10\/01\/juan-antonio-mateos-polo-presenta-he-sonado\/"},"modified":"2021-10-01T11:45:00","modified_gmt":"2021-10-01T09:45:00","slug":"juan-antonio-mateos-polo-presenta-he-sonado","status":"publish","type":"post","link":"https:\/\/juzbado.es\/nuevaweb\/2021\/10\/01\/juan-antonio-mateos-polo-presenta-he-sonado\/","title":{"rendered":"JUAN ANTONIO MATEOS POLO PRESENTA \u201cHE SO\u00d1ADO\u201d"},"content":{"rendered":"<p style=\"text-align: justify;\"><span style=\"font-size: medium;\"><span style=\"font-family: arial;\">El libro \u201cHe so\u00f1ado\u201d de la editorial Iusivadum es una<br \/>\nrecopilaci\u00f3n de textos e ilustraciones que Juan Antonio ha ido creando a lo<br \/>\nlargo de su vida. <span>&nbsp;<\/span>Juanan o Juanito, como<br \/>\nse le conoce cari\u00f1osamente en Juzbado, relata a trav\u00e9s de versos y, en algunos casos con una<br \/>\nprosa po\u00e9tica, algunos de los sucesos m\u00e1s relevantes de su vida, entre los<br \/>\ncu\u00e1les destacan los recuerdos y vivencias de juventud o la fatal muerte de su<br \/>\npadre.<span>&nbsp; <\/span>Los textos est\u00e1n entremezclados<br \/>\ncon algunas de sus obras pict\u00f3ricas m\u00e1s significativas, convirtiendo al libro<br \/>\nen una lectura amena y entretenida.<\/span><\/span><\/p>\n<p style=\"text-align: justify;\"><span style=\"font-size: medium;\"><span style=\"font-family: arial;\"><\/span><\/span><\/p>\n<div style=\"clear: both; text-align: center;\"><span style=\"font-size: medium;\"><a href=\"https:\/\/blogger.googleusercontent.com\/img\/b\/R29vZ2xl\/AVvXsEibwx83XSzJgzW0Q62q1l7Ec84z-Y6Ll586wtlvSAcL7wQ2ynbj3TzINSvYdt5kegvnbrJh82V9A245kOUun9ZgSClKy6bmB8ihk3OgBxeAiF_6vUauoUtAazWdZB1SafLzuFzbh17WMz4\/s800\/Juan+antonio+MAteos+polo+presentaci%25C3%25B3n+libro+%25288%2529+%2528superweb%2529.jpeg\" style=\"margin-left: 1em; margin-right: 1em;\"><img loading=\"lazy\" decoding=\"async\" border=\"0\" data-original-height=\"360\" data-original-width=\"800\" height=\"288\" src=\"https:\/\/blogger.googleusercontent.com\/img\/b\/R29vZ2xl\/AVvXsEibwx83XSzJgzW0Q62q1l7Ec84z-Y6Ll586wtlvSAcL7wQ2ynbj3TzINSvYdt5kegvnbrJh82V9A245kOUun9ZgSClKy6bmB8ihk3OgBxeAiF_6vUauoUtAazWdZB1SafLzuFzbh17WMz4\/w640-h288\/Juan+antonio+MAteos+polo+presentaci%25C3%25B3n+libro+%25288%2529+%2528superweb%2529.jpeg\" width=\"640\" \/><\/a><\/span><\/div>\n<\/p>\n<div style=\"text-align: justify;\"><span style=\"font-size: medium;\"><span style=\"font-family: arial;\"><\/p>\n<p><\/span><\/span><\/div>\n<p style=\"text-align: justify;\"><span style=\"font-size: medium;\"><span style=\"font-family: arial;\"><span><\/span>La presentaci\u00f3n del acto estuvo presidida por<br \/>\nel alcalde Fernando Rubio, quien destac\u00f3 la generosidad de la familia Mateos<br \/>\nPolo y los muchos y vivos recuerdos que Juanan ha salvaguardado con sus<br \/>\nescritos y numerosos testimonios que nunca duda en contar y compartir en sus conversaciones.<span>&nbsp; <\/span>Tambi\u00e9n<br \/>\nestuvieron presentes, como responsable de la correcci\u00f3n y revisi\u00f3n de textos, el profesor<br \/>\ny amigo del autor Jos\u00e9 Carlos Herrero (firma el ep\u00edlogo): \u201cmerece una menci\u00f3n especial<br \/>\nsu religiosidad popular, las iconogr\u00e1ficas im\u00e1genes de San Miguel o de la<br \/>\nVirgen son un buen ejemplo\u201d.<span>&nbsp; <\/span>Pero,&nbsp;<br \/>\n\u00abtambi\u00e9n las f\u00e1bulas cl\u00e1sicas, expuestas de una forma particular, dan sentido a<br \/>\nla capacidad de Juan de trascender estilos y tendencias, asumiendo una forma<br \/>\npropia y \u00fanica que convierten a su obra en una manifestaci\u00f3n irrepetible\u201d.<br \/>\nMiguel Lucas, responsable en cambio del pr\u00f3logo del libro destac\u00f3 \u201clas muchas alusiones a<br \/>\nJuzbado, su pueblo natal y al que ha vuelto siempre en sus escritos\u201d. \u201cEs en<br \/>\ntorno a estos y otros hechos, d\u00f3nde se ha sentido c\u00f3modo escribiendo\u201d recuerda<br \/>\nLucas.&nbsp;<\/span><\/span><\/p>\n<p style=\"text-align: justify;\"><span style=\"font-size: medium;\"><span style=\"font-family: arial;\"><\/span><\/span><\/p>\n<div style=\"clear: both; text-align: center;\"><span style=\"font-size: medium;\"><a href=\"https:\/\/blogger.googleusercontent.com\/img\/b\/R29vZ2xl\/AVvXsEjcLpSX1Mmsdx41xc5I0tOYyXWUWPafjxwTFt7-cY_AEHujJfYVp70YeDcxLwWftdsSlAEq_AlfJ9_Y-1Gaaufrz0SFazfBRG6XcKdahNGG7-ph0rtRNw_hDk9KeKVkEYjJAcpL_IkFxLE\/s800\/Juan+antonio+MAteos+polo+presentaci%25C3%25B3n+libro+%252825%2529+%2528superweb%2529.jpeg\" style=\"margin-left: 1em; margin-right: 1em;\"><img loading=\"lazy\" decoding=\"async\" border=\"0\" data-original-height=\"360\" data-original-width=\"800\" height=\"288\" src=\"https:\/\/blogger.googleusercontent.com\/img\/b\/R29vZ2xl\/AVvXsEjcLpSX1Mmsdx41xc5I0tOYyXWUWPafjxwTFt7-cY_AEHujJfYVp70YeDcxLwWftdsSlAEq_AlfJ9_Y-1Gaaufrz0SFazfBRG6XcKdahNGG7-ph0rtRNw_hDk9KeKVkEYjJAcpL_IkFxLE\/w640-h288\/Juan+antonio+MAteos+polo+presentaci%25C3%25B3n+libro+%252825%2529+%2528superweb%2529.jpeg\" width=\"640\" \/><\/a><\/span><\/div>\n<div style=\"text-align: justify;\"><span style=\"font-size: medium;\"><span style=\"font-family: arial;\"><span>Tras la lectura de algunos de los poemas, fue el propio<br \/>\nautor el que ley\u00f3 su poema favorito: La encina.<span>&nbsp;<br \/>\n<\/span>A continuaci\u00f3n los<span>&nbsp; <\/span>propios asistentes<br \/>\nal acto fueron los que sugirieron lecturas del libro.&nbsp;<\/span><\/span><\/span><\/div>\n<\/p>\n<p style=\"text-align: justify;\"><span style=\"font-size: medium;\"><span style=\"font-family: arial;\"><span style=\"font-size: medium;\"><span style=\"font-family: arial;\">El acto de presentaci\u00f3n del libro se realiz\u00f3 en una sala<br \/>\nllena de muchas de sus obras: cuadros, dibujos y esculturas: <\/span><\/span>piedras pintadas con animales y<br \/>\nformas antropom\u00f3rficas que nos recuerdan al \u201carte rupestre\u201d o la iconograf\u00eda<br \/>\nm\u00e1s \u201ccl\u00e1sica\u201d recordaba Herrero. La exposici\u00f3n de su obra se podr\u00e1 visitar en el Ayuntamiento<br \/>\nhasta el domingo 3 de Octubre.&nbsp;<\/span><\/span><\/p>\n<p style=\"text-align: justify;\"><span style=\"font-size: medium;\"><span style=\"font-family: arial;\"><\/span><\/span><\/p>\n<table align=\"center\" cellpadding=\"0\" cellspacing=\"0\" style=\"margin-left: auto; margin-right: auto;\">\n<tbody>\n<tr>\n<td style=\"text-align: center;\"><a href=\"https:\/\/blogger.googleusercontent.com\/img\/b\/R29vZ2xl\/AVvXsEh_0kr3RyojqodUGFv6nfotXN-VZynQ0WrJv4zFCe6jFPfsvMGZxnaywfV-5dFD02-iMWFhEQiMPCxVYNVcTVjMyVrVF61kJ3r8kisDUqOmyQs8fQoxBLHiDSYjwG-0K9SX0vITtPWD06I\/s800\/Juan+antonio+MAteos+polo+presentaci%25C3%25B3n+libro+%252827%2529+%2528superweb%2529.jpeg\" style=\"margin-left: auto; margin-right: auto;\"><img loading=\"lazy\" decoding=\"async\" border=\"0\" data-original-height=\"360\" data-original-width=\"800\" height=\"288\" src=\"https:\/\/blogger.googleusercontent.com\/img\/b\/R29vZ2xl\/AVvXsEh_0kr3RyojqodUGFv6nfotXN-VZynQ0WrJv4zFCe6jFPfsvMGZxnaywfV-5dFD02-iMWFhEQiMPCxVYNVcTVjMyVrVF61kJ3r8kisDUqOmyQs8fQoxBLHiDSYjwG-0K9SX0vITtPWD06I\/w640-h288\/Juan+antonio+MAteos+polo+presentaci%25C3%25B3n+libro+%252827%2529+%2528superweb%2529.jpeg\" width=\"640\" \/><\/a><\/td>\n<\/tr>\n<tr>\n<td style=\"text-align: center;\"><\/td>\n<\/tr>\n<\/tbody>\n<\/table>\n<p><span style=\"font-size: medium;\"><span style=\"font-family: arial;\">La edici\u00f3n de 150 ejemplares del libro \u00abHe so\u00f1ado\u00bb, est\u00e1 financiada por el Ayuntamiento<br \/>\nde Juzbado.&nbsp; Se repartieron ejemplares gratuitamente entre los vecinos que pudieron conversar<br \/>\ncon el autor y llev\u00e1rselo firmado.<\/span><\/span><\/p>\n","protected":false},"excerpt":{"rendered":"<p>El libro \u201cHe so\u00f1ado\u201d de la editorial Iusivadum es una recopilaci\u00f3n de textos e ilustraciones que Juan Antonio ha ido creando a lo largo de su vida. &nbsp;Juanan o Juanito, como se le conoce cari\u00f1osamente en Juzbado, relata a trav\u00e9s de versos y, en algunos casos con una prosa po\u00e9tica, algunos de los sucesos m\u00e1s [&hellip;]<\/p>\n","protected":false},"author":2,"featured_media":0,"comment_status":"open","ping_status":"open","sticky":false,"template":"","format":"standard","meta":{"saved_in_kubio":false,"footnotes":""},"categories":[573,158,585,340,292,323,108],"tags":[],"class_list":["post-267","post","type-post","status-publish","format-standard","hentry","category-573","category-fiestas","category-juan-antonio-mateos-polo","category-juzbado-libro-abierto","category-libro-abierto","category-san-miguel","category-septiembre"],"_links":{"self":[{"href":"https:\/\/juzbado.es\/nuevaweb\/wp-json\/wp\/v2\/posts\/267","targetHints":{"allow":["GET"]}}],"collection":[{"href":"https:\/\/juzbado.es\/nuevaweb\/wp-json\/wp\/v2\/posts"}],"about":[{"href":"https:\/\/juzbado.es\/nuevaweb\/wp-json\/wp\/v2\/types\/post"}],"author":[{"embeddable":true,"href":"https:\/\/juzbado.es\/nuevaweb\/wp-json\/wp\/v2\/users\/2"}],"replies":[{"embeddable":true,"href":"https:\/\/juzbado.es\/nuevaweb\/wp-json\/wp\/v2\/comments?post=267"}],"version-history":[{"count":0,"href":"https:\/\/juzbado.es\/nuevaweb\/wp-json\/wp\/v2\/posts\/267\/revisions"}],"wp:attachment":[{"href":"https:\/\/juzbado.es\/nuevaweb\/wp-json\/wp\/v2\/media?parent=267"}],"wp:term":[{"taxonomy":"category","embeddable":true,"href":"https:\/\/juzbado.es\/nuevaweb\/wp-json\/wp\/v2\/categories?post=267"},{"taxonomy":"post_tag","embeddable":true,"href":"https:\/\/juzbado.es\/nuevaweb\/wp-json\/wp\/v2\/tags?post=267"}],"curies":[{"name":"wp","href":"https:\/\/api.w.org\/{rel}","templated":true}]}}