{"id":268,"date":"2021-09-30T11:37:00","date_gmt":"2021-09-30T09:37:00","guid":{"rendered":"http:\/\/juzbado.es\/nuevaweb\/2021\/09\/30\/presentacion-de-la-obra-de-juan-a-mateos-polo\/"},"modified":"2021-09-30T11:37:00","modified_gmt":"2021-09-30T09:37:00","slug":"presentacion-de-la-obra-de-juan-a-mateos-polo","status":"publish","type":"post","link":"https:\/\/juzbado.es\/nuevaweb\/2021\/09\/30\/presentacion-de-la-obra-de-juan-a-mateos-polo\/","title":{"rendered":"PRESENTACI\u00d3N DE LA OBRA DE JUAN A. MATEOS POLO"},"content":{"rendered":"<p style=\"text-align: justify;\"><span style=\"font-family: arial;\"><span style=\"font-size: medium;\">El jueves 30 de septiembre se inaugura la exposici\u00f3n del<br \/>\nartista y vecino de Juzbado, Juan Antonio Mateos Polo.<span>&nbsp; <\/span>Se trata de una retrospectiva de muchas de<br \/>\nlas obras que a lo largo de los \u00faltimos a\u00f1os ha ido conservando nuestro querido y admirado<br \/>\nvecino.<span>&nbsp; <\/span>La colecci\u00f3n consta de trabajos<br \/>\nsobre piedra y conchas as\u00ed como innumerables composiciones pintadas y dibujadas<br \/>\nsobre variados y originales soportes que se exhiben por primera vez en su pueblo natal.<span>&nbsp; <\/span>La muestra se podr\u00e1 disfrutar durante los<br \/>\nd\u00edas de las fiestas de San Miguel 2021 en el sal\u00f3n de actos del Ayuntamiento.<span>&nbsp; <\/span>Recordemos que el pueblo de Juzbado cuenta ya<br \/>\ncon una de sus obras instalada al aire libre, es el \u00e1rbol de la m\u00fasica, ubicada<br \/>\nen los entornos de la Pe\u00f1a del Castillo.<\/span><\/span><\/p>\n<p style=\"text-align: justify;\"><span style=\"font-family: arial;\"><span style=\"font-size: medium;\">&nbsp;<\/span><\/span><\/p>\n<div style=\"clear: both; text-align: center;\"><span style=\"font-size: medium;\"><a href=\"https:\/\/blogger.googleusercontent.com\/img\/b\/R29vZ2xl\/AVvXsEgXXWG1BWFn5IH_Vp69DF1Vq3_uNlQKVkMrvKm8XhNMis8i7fW7oX_iYkN6tKhUdy-vePkAmIh5vYNLFfNJctMlp0wZpDC7EynEqaL203hgMOhssNlGep4F2UG-jWz0ANw517pLAYJlCx4\/s2016\/juan+antonio+Mateos+polo+obras+%25283%2529.jpeg\" style=\"margin-left: 1em; margin-right: 1em;\"><img loading=\"lazy\" decoding=\"async\" alt=\"Juan Antonio Mateos Polo\" border=\"0\" data-original-height=\"908\" data-original-width=\"2016\" height=\"288\" src=\"https:\/\/blogger.googleusercontent.com\/img\/b\/R29vZ2xl\/AVvXsEgXXWG1BWFn5IH_Vp69DF1Vq3_uNlQKVkMrvKm8XhNMis8i7fW7oX_iYkN6tKhUdy-vePkAmIh5vYNLFfNJctMlp0wZpDC7EynEqaL203hgMOhssNlGep4F2UG-jWz0ANw517pLAYJlCx4\/w640-h288\/juan+antonio+Mateos+polo+obras+%25283%2529.jpeg\" title=\"Juan Antonio Mateos Polo\" width=\"640\" \/><\/a><\/span><\/div>\n<p><span style=\"font-size: medium;\"><br \/><\/span><\/p>\n<div style=\"text-align: justify;\"><span style=\"font-family: arial;\"><span style=\"font-size: medium;\"><\/p>\n<p><\/span><\/span><\/div>\n<p style=\"text-align: justify;\"><span style=\"font-family: arial;\"><span style=\"font-size: medium;\">Durante el acto de inauguraci\u00f3n se presentar\u00e1 adem\u00e1s el poemario<br \/>\nrecientemente editado libro del mismo autor y que se titula \u201cHe so\u00f1ado\u201d.<span>&nbsp; <\/span>El trabajo de compilaci\u00f3n de textos de Juan<br \/>\nha sido complejo debido a su ingente y variada obra literaria.<span>&nbsp; <\/span>El libro recoge un buen n\u00famero de poemas y<br \/>\nescritos del autor con muchos gui\u00f1os a Juzbado.<span>&nbsp;<br \/>\n<\/span>Ser\u00e1 presentado por nuestro amigo y responsable de la edici\u00f3n Miguel<br \/>\nLucas.<span>&nbsp; <\/span>Se repartir\u00e1n ejemplares hasta<br \/>\nfinalizar existencias.<span>&nbsp; <\/span>Ser\u00e1 a partir de<br \/>\nlas 19:00 h.<span>&nbsp; <\/span>Est\u00e1is invitados.<\/span><\/span><\/p>\n<p style=\"text-align: justify;\"><span style=\"font-family: arial;\"><span style=\"font-size: medium;\"><\/p>\n<table align=\"center\" cellpadding=\"0\" cellspacing=\"0\" style=\"margin-left: auto; margin-right: auto;\">\n<tbody>\n<tr>\n<td style=\"text-align: center;\"><a href=\"https:\/\/blogger.googleusercontent.com\/img\/b\/R29vZ2xl\/AVvXsEhX4Ukn3kVPN4Uf5XpiWbX7BL2OJMC4WuMBls2lcpBS45AD2Pz9LaNhbku93V2pTUN6uQ24vKeqNVdm7WXcFLb2rwquSZKi_5WEy0mkDF69Nm0SuE5OwoUXIQ9qaYYeTpe6SknRYyI3nr4\/s1754\/cartel+juan+antonio+exposici%25C3%25B3n.jpg\" style=\"margin-left: auto; margin-right: auto;\"><img loading=\"lazy\" decoding=\"async\" border=\"0\" data-original-height=\"1754\" data-original-width=\"1240\" height=\"640\" src=\"https:\/\/blogger.googleusercontent.com\/img\/b\/R29vZ2xl\/AVvXsEhX4Ukn3kVPN4Uf5XpiWbX7BL2OJMC4WuMBls2lcpBS45AD2Pz9LaNhbku93V2pTUN6uQ24vKeqNVdm7WXcFLb2rwquSZKi_5WEy0mkDF69Nm0SuE5OwoUXIQ9qaYYeTpe6SknRYyI3nr4\/w452-h640\/cartel+juan+antonio+exposici%25C3%25B3n.jpg\" width=\"452\" \/><\/a><\/td>\n<\/tr>\n<tr>\n<td style=\"text-align: center;\"><\/td>\n<\/tr>\n<\/tbody>\n<\/table>\n<p>&nbsp;<\/span><\/span><\/p>\n","protected":false},"excerpt":{"rendered":"<p>El jueves 30 de septiembre se inaugura la exposici\u00f3n del artista y vecino de Juzbado, Juan Antonio Mateos Polo.&nbsp; Se trata de una retrospectiva de muchas de las obras que a lo largo de los \u00faltimos a\u00f1os ha ido conservando nuestro querido y admirado vecino.&nbsp; La colecci\u00f3n consta de trabajos sobre piedra y conchas as\u00ed [&hellip;]<\/p>\n","protected":false},"author":2,"featured_media":0,"comment_status":"open","ping_status":"open","sticky":false,"template":"","format":"standard","meta":{"saved_in_kubio":false,"footnotes":""},"categories":[158,585,323,108],"tags":[],"class_list":["post-268","post","type-post","status-publish","format-standard","hentry","category-fiestas","category-juan-antonio-mateos-polo","category-san-miguel","category-septiembre"],"_links":{"self":[{"href":"https:\/\/juzbado.es\/nuevaweb\/wp-json\/wp\/v2\/posts\/268","targetHints":{"allow":["GET"]}}],"collection":[{"href":"https:\/\/juzbado.es\/nuevaweb\/wp-json\/wp\/v2\/posts"}],"about":[{"href":"https:\/\/juzbado.es\/nuevaweb\/wp-json\/wp\/v2\/types\/post"}],"author":[{"embeddable":true,"href":"https:\/\/juzbado.es\/nuevaweb\/wp-json\/wp\/v2\/users\/2"}],"replies":[{"embeddable":true,"href":"https:\/\/juzbado.es\/nuevaweb\/wp-json\/wp\/v2\/comments?post=268"}],"version-history":[{"count":0,"href":"https:\/\/juzbado.es\/nuevaweb\/wp-json\/wp\/v2\/posts\/268\/revisions"}],"wp:attachment":[{"href":"https:\/\/juzbado.es\/nuevaweb\/wp-json\/wp\/v2\/media?parent=268"}],"wp:term":[{"taxonomy":"category","embeddable":true,"href":"https:\/\/juzbado.es\/nuevaweb\/wp-json\/wp\/v2\/categories?post=268"},{"taxonomy":"post_tag","embeddable":true,"href":"https:\/\/juzbado.es\/nuevaweb\/wp-json\/wp\/v2\/tags?post=268"}],"curies":[{"name":"wp","href":"https:\/\/api.w.org\/{rel}","templated":true}]}}