{"id":269,"date":"2021-09-30T11:12:00","date_gmt":"2021-09-30T09:12:00","guid":{"rendered":"http:\/\/juzbado.es\/nuevaweb\/2021\/09\/30\/estamos-en-fiestas\/"},"modified":"2021-09-30T11:12:00","modified_gmt":"2021-09-30T09:12:00","slug":"estamos-en-fiestas","status":"publish","type":"post","link":"https:\/\/juzbado.es\/nuevaweb\/2021\/09\/30\/estamos-en-fiestas\/","title":{"rendered":"ESTAMOS EN FIESTAS"},"content":{"rendered":"<table align=\"center\" cellpadding=\"0\" cellspacing=\"0\" style=\"margin-left: auto; margin-right: auto;\">\n<tbody>\n<tr>\n<td style=\"text-align: center;\"><a href=\"https:\/\/blogger.googleusercontent.com\/img\/b\/R29vZ2xl\/AVvXsEgepPa_2d3nsQgqvbJ5pZq6pMWj-WU41SFI05I4s4rTYiXpvT_Wn8ZG6rZ03eB8LQu3Xsa7h_Mu9aWlB01SpBkeO4Qxa_SzYKXp9_XqChrqKYz-56tfeeLr70NbOHI4afpSryWy8rI6e2o\/s1600\/WhatsApp+Image+2021-09-30+at+11.50.36+%25281%2529.jpeg\" style=\"margin-left: auto; margin-right: auto;\"><img loading=\"lazy\" decoding=\"async\" alt=\"Juzbado, fiestas 2021, san miguel\" border=\"0\" data-original-height=\"720\" data-original-width=\"1600\" height=\"288\" src=\"https:\/\/blogger.googleusercontent.com\/img\/b\/R29vZ2xl\/AVvXsEgepPa_2d3nsQgqvbJ5pZq6pMWj-WU41SFI05I4s4rTYiXpvT_Wn8ZG6rZ03eB8LQu3Xsa7h_Mu9aWlB01SpBkeO4Qxa_SzYKXp9_XqChrqKYz-56tfeeLr70NbOHI4afpSryWy8rI6e2o\/w640-h288\/WhatsApp+Image+2021-09-30+at+11.50.36+%25281%2529.jpeg\" title=\"Juzbado, fiestas 2021, san miguel\" width=\"640\" \/><\/a><\/td>\n<\/tr>\n<tr>\n<td style=\"text-align: center;\">Bailes charros durante la procesi\u00f3n de San Miguel en la carpa<\/td>\n<\/tr>\n<\/tbody>\n<\/table>\n<p><span><a name='more'><\/a><\/span><\/p>\n<table align=\"center\" cellpadding=\"0\" cellspacing=\"0\" style=\"margin-left: auto; margin-right: auto;\">\n<tbody>\n<tr>\n<td style=\"text-align: center;\"><a href=\"https:\/\/blogger.googleusercontent.com\/img\/b\/R29vZ2xl\/AVvXsEiGeLWPv1-Iz6BMwbj0D7pjL-9VwstMSqxfo3-__l1bjUcimVDT2MpF_zqzDseOOZPV7F9AeZS_Pq4f86xApRL_ioq-BJn8bSSWpUIVG6NnLF6KrvSHpce2sVlhbrZTO5ll6zvY9ejFxUE\/s1600\/WhatsApp+Image+2021-09-30+at+11.50.36+%25282%2529.jpeg\" style=\"margin-left: auto; margin-right: auto;\"><img loading=\"lazy\" decoding=\"async\" alt=\"Juzbado, fiestas 2021, san miguel\" border=\"0\" data-original-height=\"720\" data-original-width=\"1600\" height=\"288\" src=\"https:\/\/blogger.googleusercontent.com\/img\/b\/R29vZ2xl\/AVvXsEiGeLWPv1-Iz6BMwbj0D7pjL-9VwstMSqxfo3-__l1bjUcimVDT2MpF_zqzDseOOZPV7F9AeZS_Pq4f86xApRL_ioq-BJn8bSSWpUIVG6NnLF6KrvSHpce2sVlhbrZTO5ll6zvY9ejFxUE\/w640-h288\/WhatsApp+Image+2021-09-30+at+11.50.36+%25282%2529.jpeg\" title=\"Juzbado, fiestas 2021, san miguel\" width=\"640\" \/><\/a><\/td>\n<\/tr>\n<tr>\n<td style=\"text-align: center;\">Lidia y Cecilia vestidas para la ocasi\u00f3n. <\/td>\n<\/tr>\n<\/tbody>\n<\/table>\n<p><\/p>\n<table align=\"center\" cellpadding=\"0\" cellspacing=\"0\" style=\"margin-left: auto; margin-right: auto;\">\n<tbody>\n<tr>\n<td style=\"text-align: center;\"><a href=\"https:\/\/blogger.googleusercontent.com\/img\/b\/R29vZ2xl\/AVvXsEh6jIlV0fKcqQJO9qM2clUHvPTg0rSH0XQIvNZyq24qZ6KyHC_d_TUfc-_RxryOckwfBemeTGRG43cJpnwdpW-Db-yigC7AsgOG6PWx2sFPziTBrPJxEJvjl1ohnoTGKKyuCgRQmm_8bss\/s1600\/WhatsApp+Image+2021-09-30+at+11.50.36.jpeg\" style=\"margin-left: auto; margin-right: auto;\"><img loading=\"lazy\" decoding=\"async\" alt=\"Juzbado, fiestas 2021, san miguel\" border=\"0\" data-original-height=\"720\" data-original-width=\"1600\" height=\"288\" src=\"https:\/\/blogger.googleusercontent.com\/img\/b\/R29vZ2xl\/AVvXsEh6jIlV0fKcqQJO9qM2clUHvPTg0rSH0XQIvNZyq24qZ6KyHC_d_TUfc-_RxryOckwfBemeTGRG43cJpnwdpW-Db-yigC7AsgOG6PWx2sFPziTBrPJxEJvjl1ohnoTGKKyuCgRQmm_8bss\/w640-h288\/WhatsApp+Image+2021-09-30+at+11.50.36.jpeg\" title=\"Juzbado, fiestas 2021, san miguel\" width=\"640\" \/><\/a><\/td>\n<\/tr>\n<tr>\n<td style=\"text-align: center;\">Momento del vino de honor bajo la carpa central.<\/td>\n<\/tr>\n<\/tbody>\n<\/table>\n<p><\/p>\n<table align=\"center\" cellpadding=\"0\" cellspacing=\"0\" style=\"margin-left: auto; margin-right: auto;\">\n<tbody>\n<tr>\n<td style=\"text-align: center;\"><a href=\"https:\/\/blogger.googleusercontent.com\/img\/b\/R29vZ2xl\/AVvXsEisO4ITwavCaLmTg0RTCsEGEbpIBN19-i_asNaVpTmNwlg6s1Jo3h_ex6zbEwSSqkitW6uijffowkQUwBArs7jErCMsZOddCexkRhVOqvvnaiagD5j_iji6yNKkYDwhoQgxuJ8lWpmxAnw\/s1600\/WhatsApp+Image+2021-09-30+at+11.50.37+%25281%2529.jpeg\" style=\"margin-left: auto; margin-right: auto;\"><img loading=\"lazy\" decoding=\"async\" alt=\"Juzbado, fiestas 2021, san miguel\" border=\"0\" data-original-height=\"793\" data-original-width=\"1600\" height=\"318\" src=\"https:\/\/blogger.googleusercontent.com\/img\/b\/R29vZ2xl\/AVvXsEisO4ITwavCaLmTg0RTCsEGEbpIBN19-i_asNaVpTmNwlg6s1Jo3h_ex6zbEwSSqkitW6uijffowkQUwBArs7jErCMsZOddCexkRhVOqvvnaiagD5j_iji6yNKkYDwhoQgxuJ8lWpmxAnw\/w640-h318\/WhatsApp+Image+2021-09-30+at+11.50.37+%25281%2529.jpeg\" title=\"Juzbado, fiestas 2021, san miguel\" width=\"640\" \/><\/a><\/td>\n<\/tr>\n<tr>\n<td style=\"text-align: center;\">Procesi\u00f3n de San Miguel por las calles de Juzbado.<\/td>\n<\/tr>\n<\/tbody>\n<\/table>\n<p><\/p>\n<table align=\"center\" cellpadding=\"0\" cellspacing=\"0\" style=\"margin-left: auto; margin-right: auto;\">\n<tbody>\n<tr>\n<td style=\"text-align: center;\"><a href=\"https:\/\/blogger.googleusercontent.com\/img\/b\/R29vZ2xl\/AVvXsEiPFd4Pp-ZtDUwdApmHc5biLJyLrfHyW0SgdWZIN65Y4sK-156oQZbH-mKSQTnPRdqHO9NQAWaL10sUA5Nyd3D5xWU8Z5lvQtOoow-fZVufaBxFZuib1fezbOzqjhZSjzvblTlnTcxV-g8\/s1600\/WhatsApp+Image+2021-09-30+at+11.50.37+%25282%2529.jpeg\" style=\"margin-left: auto; margin-right: auto;\"><img loading=\"lazy\" decoding=\"async\" alt=\"Juzbado, fiestas 2021, san miguel\" border=\"0\" data-original-height=\"720\" data-original-width=\"1600\" height=\"288\" src=\"https:\/\/blogger.googleusercontent.com\/img\/b\/R29vZ2xl\/AVvXsEiPFd4Pp-ZtDUwdApmHc5biLJyLrfHyW0SgdWZIN65Y4sK-156oQZbH-mKSQTnPRdqHO9NQAWaL10sUA5Nyd3D5xWU8Z5lvQtOoow-fZVufaBxFZuib1fezbOzqjhZSjzvblTlnTcxV-g8\/w640-h288\/WhatsApp+Image+2021-09-30+at+11.50.37+%25282%2529.jpeg\" title=\"Juzbado, fiestas 2021, san miguel\" width=\"640\" \/><\/a><\/td>\n<\/tr>\n<tr>\n<td style=\"text-align: center;\">Preg\u00f3n a cargo de nuestros amigos Teresa Miguel y Jean Louis Rossignol acompa\u00f1ados de la corporaci\u00f3n municipal y la Reina de las Fiestas: Mar\u00eda Mart\u00edn (segunda por la derecha)<\/td>\n<\/tr>\n<\/tbody>\n<\/table>\n<p><\/p>\n<table align=\"center\" cellpadding=\"0\" cellspacing=\"0\" style=\"margin-left: auto; margin-right: auto;\">\n<tbody>\n<tr>\n<td style=\"text-align: center;\"><a href=\"https:\/\/blogger.googleusercontent.com\/img\/b\/R29vZ2xl\/AVvXsEgNYULyRgjuFhE6Oo6-jzTgQIurb40zW7ulxbG4CcF1de-SbpE5uyhDk-Fzj4hyphenhyphenSUwc9Kvp9hr19YB1bJoUCjPXd0bovhI4H1gjMeKTNWkqeE_CzrKEdKmXC8res5Q2-TdpHhGSOHbt9Fs\/s1600\/WhatsApp+Image+2021-09-30+at+11.50.37+%25283%2529.jpeg\" style=\"margin-left: auto; margin-right: auto;\"><img loading=\"lazy\" decoding=\"async\" alt=\"Juzbado, fiestas 2021, san miguel\" border=\"0\" data-original-height=\"720\" data-original-width=\"1600\" height=\"288\" src=\"https:\/\/blogger.googleusercontent.com\/img\/b\/R29vZ2xl\/AVvXsEgNYULyRgjuFhE6Oo6-jzTgQIurb40zW7ulxbG4CcF1de-SbpE5uyhDk-Fzj4hyphenhyphenSUwc9Kvp9hr19YB1bJoUCjPXd0bovhI4H1gjMeKTNWkqeE_CzrKEdKmXC8res5Q2-TdpHhGSOHbt9Fs\/w640-h288\/WhatsApp+Image+2021-09-30+at+11.50.37+%25283%2529.jpeg\" title=\"Juzbado, fiestas 2021, san miguel\" width=\"640\" \/><\/a><\/td>\n<\/tr>\n<tr>\n<td style=\"text-align: center;\">El grupo de Bailes charros ensaya por primera vez desde 2019. En primer t\u00e9rmino una de las obras de Juan Antonio Mateos Polo. <\/td>\n<\/tr>\n<\/tbody>\n<\/table>\n<p><\/p>\n<table align=\"center\" cellpadding=\"0\" cellspacing=\"0\" style=\"margin-left: auto; margin-right: auto;\">\n<tbody>\n<tr>\n<td style=\"text-align: center;\"><a href=\"https:\/\/blogger.googleusercontent.com\/img\/b\/R29vZ2xl\/AVvXsEjQ7xdfoD7_QvW6OCdu_KJJA-7X9vQCpE3VmlY9eH8xXLzdnoY15z63uSJw_ANoM6K_eXBhX3tWsaPUZaO24vEDBmAOyC17A86ZQcdc1McQ_CI70VEePwLDFNHwj6Gpnf8sPJsrTeqogZM\/s1600\/WhatsApp+Image+2021-09-30+at+11.50.37.jpeg\" style=\"margin-left: auto; margin-right: auto;\"><img loading=\"lazy\" decoding=\"async\" alt=\"Juzbado, fiestas 2021, san miguel\" border=\"0\" data-original-height=\"720\" data-original-width=\"1600\" height=\"288\" src=\"https:\/\/blogger.googleusercontent.com\/img\/b\/R29vZ2xl\/AVvXsEjQ7xdfoD7_QvW6OCdu_KJJA-7X9vQCpE3VmlY9eH8xXLzdnoY15z63uSJw_ANoM6K_eXBhX3tWsaPUZaO24vEDBmAOyC17A86ZQcdc1McQ_CI70VEePwLDFNHwj6Gpnf8sPJsrTeqogZM\/w640-h288\/WhatsApp+Image+2021-09-30+at+11.50.37.jpeg\" title=\"Juzbado, fiestas 2021, san miguel\" width=\"640\" \/><\/a><\/td>\n<\/tr>\n<tr>\n<td style=\"text-align: center;\">La procesi\u00f3n se detiene en la Calle R\u00edo Tormes.<\/td>\n<\/tr>\n<\/tbody>\n<\/table>\n","protected":false},"excerpt":{"rendered":"<p>Bailes charros durante la procesi\u00f3n de San Miguel en la carpa Lidia y Cecilia vestidas para la ocasi\u00f3n. Momento del vino de honor bajo la carpa central. Procesi\u00f3n de San Miguel por las calles de Juzbado. Preg\u00f3n a cargo de nuestros amigos Teresa Miguel y Jean Louis Rossignol acompa\u00f1ados de la corporaci\u00f3n municipal y la [&hellip;]<\/p>\n","protected":false},"author":2,"featured_media":0,"comment_status":"open","ping_status":"open","sticky":false,"template":"","format":"standard","meta":{"saved_in_kubio":false,"footnotes":""},"categories":[158,114,338,323],"tags":[],"class_list":["post-269","post","type-post","status-publish","format-standard","hentry","category-fiestas","category-fiestas-de-mayores","category-grupo-de-bailes-charros","category-san-miguel"],"_links":{"self":[{"href":"https:\/\/juzbado.es\/nuevaweb\/wp-json\/wp\/v2\/posts\/269","targetHints":{"allow":["GET"]}}],"collection":[{"href":"https:\/\/juzbado.es\/nuevaweb\/wp-json\/wp\/v2\/posts"}],"about":[{"href":"https:\/\/juzbado.es\/nuevaweb\/wp-json\/wp\/v2\/types\/post"}],"author":[{"embeddable":true,"href":"https:\/\/juzbado.es\/nuevaweb\/wp-json\/wp\/v2\/users\/2"}],"replies":[{"embeddable":true,"href":"https:\/\/juzbado.es\/nuevaweb\/wp-json\/wp\/v2\/comments?post=269"}],"version-history":[{"count":0,"href":"https:\/\/juzbado.es\/nuevaweb\/wp-json\/wp\/v2\/posts\/269\/revisions"}],"wp:attachment":[{"href":"https:\/\/juzbado.es\/nuevaweb\/wp-json\/wp\/v2\/media?parent=269"}],"wp:term":[{"taxonomy":"category","embeddable":true,"href":"https:\/\/juzbado.es\/nuevaweb\/wp-json\/wp\/v2\/categories?post=269"},{"taxonomy":"post_tag","embeddable":true,"href":"https:\/\/juzbado.es\/nuevaweb\/wp-json\/wp\/v2\/tags?post=269"}],"curies":[{"name":"wp","href":"https:\/\/api.w.org\/{rel}","templated":true}]}}