{"id":270,"date":"2021-09-25T13:47:00","date_gmt":"2021-09-25T11:47:00","guid":{"rendered":"http:\/\/juzbado.es\/nuevaweb\/2021\/09\/25\/fiestas-de-san-miguel-2021\/"},"modified":"2021-09-25T13:47:00","modified_gmt":"2021-09-25T11:47:00","slug":"fiestas-de-san-miguel-2021","status":"publish","type":"post","link":"https:\/\/juzbado.es\/nuevaweb\/2021\/09\/25\/fiestas-de-san-miguel-2021\/","title":{"rendered":"FIESTAS DE SAN MIGUEL 2021"},"content":{"rendered":"<p style=\"margin-bottom: 3pt; margin-left: 5.0525pt; margin-top: 3pt; mso-pagination: none;\"><span style=\"font-size: medium;\"><span style=\"font-family: arial;\"><span lang=\"es-TRAD\" style=\"color: black;\">Queridos vecinos,&nbsp;<\/span><\/span><\/span><\/p>\n<p style=\"margin-bottom: 3pt; margin-left: 5.0525pt; margin-top: 3pt; mso-pagination: none;\"><span style=\"font-size: medium;\"><span style=\"font-family: arial;\"><span lang=\"es-TRAD\" style=\"color: black;\">&nbsp;<\/span><\/span><\/span><\/p>\n<p><span style=\"font-size: medium;\"><span style=\"font-family: arial;\"><\/p>\n<p><\/span><\/span><\/p>\n<p style=\"margin-bottom: 3pt; margin-left: 5.0525pt; margin-top: 3pt; mso-pagination: none; text-align: justify; text-justify: newspaper; text-kashida-space: 50%;\"><span style=\"font-size: medium;\"><span style=\"font-family: arial;\"><span lang=\"es-TRAD\" style=\"color: black;\">tras tanto tiempo de restricciones y ausencias, retomamos las celebraciones en honor a nuestro patr\u00f3n, San Miguel. En estos momentos, cuando por fin vemos cerca la &#8216;nueva normalidad&#8217;, es importante continuar actuando con prudencia, evitando aglomeraciones y excesos en bien de todos. Por ello os ofrecemos un programa sencillo y de transici\u00f3n, que ante todo busca ser un motivo para la uni\u00f3n vecinal, sin actos que puedan desbordar nuestras expectativas de prudencia.<\/span><\/span><\/span><\/p>\n<p><span style=\"font-size: medium;\"><span style=\"font-family: arial;\"><\/p>\n<p><\/span><\/span><\/p>\n<p style=\"margin-bottom: 3pt; margin-left: 5.0525pt; margin-top: 3pt; mso-pagination: none; text-align: justify; text-justify: newspaper; text-kashida-space: 50%;\"><span style=\"font-size: medium;\"><span style=\"font-family: arial;\"><span lang=\"es-TRAD\" style=\"color: black;\">Con el \u00e1nimo de poder retomar cuanto antes la plena normalidad, os pedimos colaboraci\u00f3n en esta intenci\u00f3n de celebrar San Miguel con seguridad y os deseamos felices d\u00edas de fiesta.<\/span><\/span><\/span><\/p>\n<p style=\"margin-bottom: 3pt; margin-left: 5.0525pt; margin-top: 3pt; mso-pagination: none; text-align: justify; text-justify: newspaper; text-kashida-space: 50%;\"><span style=\"font-size: medium;\"><span style=\"font-family: arial;\"><span lang=\"es-TRAD\" style=\"color: black;\">&nbsp;<\/span><\/span><\/span><\/p>\n<p><span style=\"font-size: medium;\"><span style=\"font-family: arial;\"><\/p>\n<p><\/span><\/span><\/p>\n<p style=\"margin-bottom: 3pt; margin-left: 5.0525pt; margin-top: 3pt; mso-pagination: none;\"><span style=\"font-size: medium;\"><span style=\"font-family: arial;\"><span lang=\"es-TRAD\" style=\"color: black;\"><span> <\/span><span> <\/span><span> <\/span><span> <\/span><span> <\/span><span> <\/span><span> <\/span><span> <\/span><span> <\/span><span> <\/span><span> <\/span><span> <\/span><span> <\/span><span> <\/span>La corporaci\u00f3n municipal.-<\/span><\/span><\/span><\/p>\n<p style=\"margin-bottom: 3pt; margin-left: 5.0525pt; margin-top: 3pt; mso-pagination: none;\"><span style=\"font-size: medium;\"><span style=\"font-family: arial;\"><span lang=\"es-TRAD\" style=\"color: black;\">&nbsp;<\/span><\/span><\/span><\/p>\n<p style=\"margin-bottom: 0cm; margin-left: 49.6pt; margin-right: 0cm; margin-top: 0cm; margin: 0cm 0cm 0cm 49.6pt; mso-line-height-alt: 1.0pt; text-indent: -49.6pt;\"><span style=\"font-size: medium;\"><span style=\"font-family: arial;\"><span lang=\"es-TRAD\" style=\"color: black;\"><\/span><\/span><\/span><\/p>\n<p><span style=\"font-size: medium;\"><\/p>\n<div style=\"clear: both; text-align: center;\"><a href=\"https:\/\/blogger.googleusercontent.com\/img\/b\/R29vZ2xl\/AVvXsEjLpkOYVRLqveZ-Ky3l_SXps7fnlGWg3ywPDzpmnb3mM734vpAanTWyCBtZWGIZDQg3jZlzl2qj4q2IAcJlA95dSW2cOLDekwiT-7bmuGEn8lRO_SMPEXSROy4Db4fEqKrj63utBPsV_ds\/s1754\/2021+cartel+fiestas+san+miguel+2021+WEB.jpg\" style=\"margin-left: 1em; margin-right: 1em;\"><img loading=\"lazy\" decoding=\"async\" alt=\"Juzbado, fiestas 2021\" border=\"0\" data-original-height=\"1754\" data-original-width=\"1240\" height=\"640\" src=\"https:\/\/blogger.googleusercontent.com\/img\/b\/R29vZ2xl\/AVvXsEjLpkOYVRLqveZ-Ky3l_SXps7fnlGWg3ywPDzpmnb3mM734vpAanTWyCBtZWGIZDQg3jZlzl2qj4q2IAcJlA95dSW2cOLDekwiT-7bmuGEn8lRO_SMPEXSROy4Db4fEqKrj63utBPsV_ds\/w452-h640\/2021+cartel+fiestas+san+miguel+2021+WEB.jpg\" title=\"Juzbado, fiestas 2021\" width=\"452\" \/><\/a><\/div>\n<p><span style=\"font-family: arial;\"><span lang=\"es-TRAD\" style=\"color: black;\">&nbsp;<\/span><\/span><span style=\"font-family: arial;\"><b><span face=\"&quot;Arial&quot;,&quot;sans-serif&quot;\" style=\"mso-fareast-font-family: &quot;Times New Roman&quot;; mso-fareast-language: ES;\">PROGRAMA DE LAS FIESTAS DE SAN MIGUEL 2021:<\/span><\/b><\/span><\/span><\/p>\n<p><span style=\"font-size: medium;\"><span style=\"font-family: arial;\"><\/p>\n<p><\/span><\/span><\/p>\n<p style=\"margin-bottom: 0cm; margin-left: 49.6pt; margin-right: 0cm; margin-top: 0cm; margin: 0cm 0cm 0cm 49.6pt; mso-line-height-alt: 1.0pt; text-indent: -49.6pt;\"><span style=\"font-size: medium;\"><span style=\"font-family: arial;\"><span face=\"&quot;Arial&quot;,&quot;sans-serif&quot;\" style=\"mso-fareast-font-family: &quot;Times New Roman&quot;; mso-fareast-language: ES;\">&nbsp;<\/span><\/span><\/span><\/p>\n<p><span style=\"font-size: medium;\"><span style=\"font-family: arial;\"><\/p>\n<p><\/span><\/span><\/p>\n<p style=\"margin-bottom: 0cm; margin-left: 49.6pt; margin-right: 0cm; margin-top: 0cm; margin: 0cm 0cm 0cm 49.6pt; mso-line-height-alt: 1.0pt; mso-pagination: none; text-indent: -49.6pt;\"><span style=\"font-size: medium;\"><span style=\"font-family: arial;\"><b><u><span face=\"&quot;Arial&quot;,&quot;sans-serif&quot;\" lang=\"ES-TRAD\" style=\"color: black; mso-ansi-language: ES-TRAD; mso-fareast-font-family: &quot;Times New Roman&quot;; mso-fareast-language: ES;\">Mi\u00c9RCOLES 29:<\/span><\/u><\/b><\/span><\/span><\/p>\n<p style=\"margin-bottom: 0cm; margin-left: 49.6pt; margin-right: 0cm; margin-top: 0cm; margin: 0cm 0cm 0cm 49.6pt; mso-line-height-alt: 1.0pt; mso-pagination: none; text-indent: -49.6pt;\"><span style=\"font-size: medium;\"><span style=\"font-family: arial;\"><br \/><\/span><\/span><\/p>\n<p><span style=\"font-size: medium;\"><span style=\"font-family: arial;\"><\/p>\n<p><\/span><\/span><\/p>\n<p style=\"mso-pagination: none;\"><span style=\"font-size: medium;\"><span style=\"font-family: arial;\"><span face=\"&quot;Arial&quot;,&quot;sans-serif&quot;\" style=\"mso-fareast-font-family: &quot;Times New Roman&quot;; mso-fareast-language: ES;\">12:00 h.<br \/>\nPREG\u00d3N a cargo de nuestros amigos Teresa Miguel y Jean Louis Rossignol en la<br \/>\nplaza.&nbsp; Nombramiento de mozo y moza de las fiestas. Chupinazos varios.&nbsp; <\/span><\/span><\/span><span style=\"font-size: medium;\"><span style=\"font-family: arial;\"><span lang=\"es\" style=\"line-height: 119%;\">Habr\u00e1 banderines disponibles para decorar nuestro pueblo.<\/span><\/span><\/span><span lang=\"es\" style=\"language: es; mso-ligatures: none;\"><\/span><\/p>\n<p><span style=\"font-size: medium;\"><span style=\"font-family: arial;\"><\/p>\n<p><\/span><\/span><\/p>\n<p style=\"margin-bottom: 0cm; margin-left: 49.6pt; margin-right: 0cm; margin-top: 0cm; margin: 0cm 0cm 0cm 49.6pt; mso-line-height-alt: 1.0pt; mso-pagination: none; text-indent: -49.6pt;\"><span style=\"font-size: medium;\"><span style=\"font-family: arial;\"><span face=\"&quot;Arial&quot;,&quot;sans-serif&quot;\" style=\"mso-fareast-font-family: &quot;Times New Roman&quot;; mso-fareast-language: ES;\">12:30 h. <span style=\"text-transform: uppercase;\">Misa en honor <\/span>a nuestro patr\u00f3n San<br \/>\nMiguel Arc\u00e1ngel.&nbsp; A continuaci\u00f3n procesi\u00f3n en compa\u00f1\u00eda&nbsp; del Grupo de<br \/>\nbailes charros de Juzbado por las calles del pueblo.<\/span><\/span><\/span><\/p>\n<p><span style=\"font-size: medium;\"><span style=\"font-family: arial;\"><\/p>\n<p><\/span><\/span><\/p>\n<p style=\"margin-bottom: 0cm; margin-left: 49.6pt; margin-right: 0cm; margin-top: 0cm; margin: 0cm 0cm 0cm 49.6pt; mso-line-height-alt: 1.0pt; mso-pagination: none; text-indent: -49.6pt;\"><span style=\"font-size: medium;\"><span style=\"font-family: arial;\"><span face=\"&quot;Arial&quot;,&quot;sans-serif&quot;\" style=\"mso-fareast-font-family: &quot;Times New Roman&quot;; mso-fareast-language: ES;\">13:30 h. <span style=\"text-transform: uppercase;\">Gran vino de honor <\/span>para todos los<br \/>\nvecinos al aire libre.<\/span><\/span><\/span><\/p>\n<p><span style=\"font-size: medium;\"><span style=\"font-family: arial;\"><\/p>\n<p><\/span><\/span><\/p>\n<p style=\"margin-bottom: 0cm; margin-left: 49.6pt; margin-right: 0cm; margin-top: 0cm; margin: 0cm 0cm 0cm 49.6pt; mso-line-height-alt: 1.0pt; text-indent: -49.6pt;\"><span style=\"font-size: medium;\"><span style=\"font-family: arial;\"><span face=\"&quot;Arial&quot;,&quot;sans-serif&quot;\" style=\"mso-fareast-font-family: &quot;Times New Roman&quot;; mso-fareast-language: ES;\">17:00 h.<br \/>\nTradicional <span style=\"text-transform: uppercase;\">partido de pelota <\/span>mano<br \/>\nen el front\u00f3n de las piscinas: Alfredo y Pocholo (Madrid) v. S\u00e1nchez y Curto (Salamanca). Los<br \/>\ntradicionales campeonatos de cartas y front\u00f3n se podr\u00e1n celebrar <i>ad libitum <\/i>en<br \/>\nlos bares.<\/span><\/span><\/span><\/p>\n<p style=\"margin-bottom: 0cm; margin-left: 49.6pt; margin-right: 0cm; margin-top: 0cm; margin: 0cm 0cm 0cm 49.6pt; mso-line-height-alt: 1.0pt; text-indent: -49.6pt;\"><span style=\"font-size: medium;\"><span style=\"font-family: arial;\"><span face=\"&quot;Arial&quot;,&quot;sans-serif&quot;\" style=\"mso-fareast-font-family: &quot;Times New Roman&quot;; mso-fareast-language: ES;\">&nbsp;<\/span><\/span><\/span><\/p>\n<p><span style=\"font-size: medium;\"><span style=\"font-family: arial;\"><\/p>\n<p><\/span><\/span><\/p>\n<p style=\"margin-bottom: 0cm; margin-left: 49.6pt; margin-right: 0cm; margin-top: 0cm; margin: 0cm 0cm 0cm 49.6pt; mso-line-height-alt: 1.0pt; mso-pagination: none; text-indent: -49.6pt;\"><span style=\"font-size: medium;\"><span style=\"font-family: arial;\"><b><u><span face=\"&quot;Arial&quot;,&quot;sans-serif&quot;\" lang=\"ES-TRAD\" style=\"color: black; mso-ansi-language: ES-TRAD; mso-fareast-font-family: &quot;Times New Roman&quot;; mso-fareast-language: ES;\">JUEVES 30:<\/span><\/u><\/b><\/span><\/span><\/p>\n<p style=\"margin-bottom: 0cm; margin-left: 49.6pt; margin-right: 0cm; margin-top: 0cm; margin: 0cm 0cm 0cm 49.6pt; mso-line-height-alt: 1.0pt; mso-pagination: none; text-indent: -49.6pt;\"><span style=\"font-size: medium;\"><span style=\"font-family: arial;\"><br \/><\/span><\/span><\/p>\n<p><span style=\"font-size: medium;\"><span style=\"font-family: arial;\"><\/p>\n<p><\/span><\/span><\/p>\n<p style=\"margin-bottom: 0cm; margin-left: 49.6pt; margin-right: 0cm; margin-top: 0cm; margin: 0cm 0cm 0cm 49.6pt; mso-line-height-alt: 1.0pt; text-indent: -49.6pt;\"><span style=\"font-size: medium;\"><span style=\"font-family: arial;\"><span face=\"&quot;Arial&quot;,&quot;sans-serif&quot;\" style=\"mso-fareast-font-family: &quot;Times New Roman&quot;; mso-fareast-language: ES;\">19:00 h.<br \/>\nInauguraci\u00f3n de la <span style=\"text-transform: uppercase;\">exposici\u00f3n <\/span>de<br \/>\nJuan Antonio Mateos Polo y <span style=\"text-transform: uppercase;\">presentaci\u00f3n<br \/>\ndel libro <\/span>publicado con su poemario \u201cHe so\u00f1ado\u201d a cargo de Lucas<br \/>\nMiguel.&nbsp; El autor firmar\u00e1 ejemplares.&nbsp;<\/span><\/span><\/span><\/p>\n<p style=\"margin-bottom: 0cm; margin-left: 49.6pt; margin-right: 0cm; margin-top: 0cm; margin: 0cm 0cm 0cm 49.6pt; mso-line-height-alt: 1.0pt; text-indent: -49.6pt;\"><span style=\"font-size: medium;\"><span style=\"font-family: arial;\"><span face=\"&quot;Arial&quot;,&quot;sans-serif&quot;\" style=\"mso-fareast-font-family: &quot;Times New Roman&quot;; mso-fareast-language: ES;\">&nbsp;<\/span><\/span><\/span><\/p>\n<p><span style=\"font-size: medium;\"><span style=\"font-family: arial;\"><\/p>\n<p><\/span><\/span><\/p>\n<p style=\"margin-bottom: 0cm; margin-left: 49.6pt; margin-right: 0cm; margin-top: 0cm; margin: 0cm 0cm 0cm 49.6pt; mso-line-height-alt: 1.0pt; mso-pagination: none; text-indent: -49.6pt;\"><span style=\"font-size: medium;\"><span style=\"font-family: arial;\"><b><u><span face=\"&quot;Arial&quot;,&quot;sans-serif&quot;\" lang=\"ES-TRAD\" style=\"color: black; mso-ansi-language: ES-TRAD; mso-fareast-font-family: &quot;Times New Roman&quot;; mso-fareast-language: ES;\">ViERNES 1:<\/span><\/u><\/b><\/span><\/span><\/p>\n<p style=\"margin-bottom: 0cm; margin-left: 49.6pt; margin-right: 0cm; margin-top: 0cm; margin: 0cm 0cm 0cm 49.6pt; mso-line-height-alt: 1.0pt; mso-pagination: none; text-indent: -49.6pt;\"><span style=\"font-size: medium;\"><span style=\"font-family: arial;\"><br \/><\/span><\/span><\/p>\n<p><span style=\"font-size: medium;\"><span style=\"font-family: arial;\"><\/p>\n<p><\/span><\/span><\/p>\n<p style=\"margin-bottom: 0cm; margin-left: 49.6pt; margin-right: 0cm; margin-top: 0cm; margin: 0cm 0cm 0cm 49.6pt; mso-line-height-alt: 1.0pt; text-indent: -49.6pt;\"><!--[if !mso]>\n\n<![endif]--><!--[if pub]><xml>\n <b:Publication type=\"OplPub\" oty=\"68\" oh=\"256\">\n  <b:OhPrintBlock priv=\"30E\">281<\/b:OhPrintBlock>\n  <b:NuDefaultUnits priv=\"1004\">1<\/b:NuDefaultUnits>\n  <b:DptlPageDimensions type=\"OplPt\" priv=\"1211\">\n   <b:Xl priv=\"104\">7560000<\/b:Xl>\n   <b:Yl priv=\"204\">10692000<\/b:Yl>\n  <\/b:DptlPageDimensions>\n  <b:DxlDefaultTab priv=\"1504\">359410<\/b:DxlDefaultTab>\n  <b:OhGallery priv=\"180E\">259<\/b:OhGallery>\n  <b:OhFancyBorders priv=\"190E\">261<\/b:OhFancyBorders>\n  <b:OhCaptions priv=\"1A0E\">257<\/b:OhCaptions>\n  <b:OhQuillDoc priv=\"200E\">276<\/b:OhQuillDoc>\n  <b:OhMailMergeData priv=\"210E\">262<\/b:OhMailMergeData>\n  <b:OhColorScheme priv=\"220E\">279<\/b:OhColorScheme>\n  <b:DwNextUniqueO priv=\"2304\">1<\/b:DwNextUniqueOid>\n  <b:IdentGUID priv=\"2A07\">0``````````````````````<\/b:IdentGUID>\n  <b:DpgSpecial priv=\"2C03\">5<\/b:DpgSpecial>\n  <b:CTimesEdited priv=\"3C04\">1<\/b:CTimesEdited>\n  <b:NuDefaultUnitsEx priv=\"4104\">1<\/b:NuDefaultUnitsEx>\n  <b:OhImpositionEngine priv=\"440E\">285<\/b:OhImpositionEngine>\n <\/b:Publication>\n <b:PrinterInfo type=\"OplPrb\" oty=\"75\" oh=\"281\">\n  <b:OhColorSepBlock priv=\"30E\">282<\/b:OhColorSepBlock>\n  <b:OpmOutsidePrintMode priv=\"B04\">1<\/b:OpmOutsidePrintMode>\n  <b:FInitComplete priv=\"1400\">False<\/b:FInitComplete>\n  <b:DpiX priv=\"2203\">0<\/b:DpiX>\n  <b:DpiY priv=\"2303\">0<\/b:DpiY>\n  <b:DxlOverlap priv=\"2404\">0<\/b:DxlOverlap>\n  <b:DylOverlap priv=\"2504\">0<\/b:DylOverlap>\n <\/b:PrinterInfo>\n <b:ColorSeperationInfo type=\"OplCsb\" oty=\"79\" oh=\"282\">\n  <b:Plates type=\"OplCsp\" priv=\"214\">\n   <b:OplCsp type=\"OplCsp\" priv=\"11\">\n    <b:EcpPlate type=\"OplEcp\" priv=\"213\">\n     <b:Color priv=\"104\">-1<\/b:Color>\n    <\/b:EcpPlate>\n   <\/b:OplCsp>\n  <\/b:Plates>\n  <b:DzlOverprintMost priv=\"304\">304800<\/b:DzlOverprintMost>\n  <b:CprOverprintMin priv=\"404\">243<\/b:CprOverprintMin>\n  <b:FKeepawayTrap priv=\"700\">True<\/b:FKeepawayTrap>\n  <b:CprTrapMin1 priv=\"904\">128<\/b:CprTrapMin1>\n  <b:CprTrapMin2 priv=\"A04\">77<\/b:CprTrapMin2>\n  <b:CprKeepawayMin priv=\"B04\">255<\/b:CprKeepawayMin>\n  <b:DzlTrap priv=\"C04\">3175<\/b:DzlTrap>\n  <b:DzlIndTrap priv=\"D04\">3175<\/b:DzlIndTrap>\n  <b:PctCenterline priv=\"E04\">70<\/b:PctCenterline>\n  <b:FMarksRegistration priv=\"F00\">True<\/b:FMarksRegistration>\n  <b:FMarksJob priv=\"1000\">True<\/b:FMarksJob>\n  <b:FMarksDensity priv=\"1100\">True<\/b:FMarksDensity>\n  <b:FMarksColor priv=\"1200\">True<\/b:FMarksColor>\n  <b:FLineScreenDefault priv=\"1300\">True<\/b:FLineScreenDefault>\n <\/b:ColorSeperationInfo>\n <b:TextDocProperties type=\"OplDocq\" oty=\"91\" oh=\"276\">\n  <b:OhPlcqsb priv=\"20E\">278<\/b:OhPlcqsb>\n  <b:EcpSplitMenu type=\"OplEcp\" priv=\"A13\">\n   <b:Color>134217728<\/b:Color>\n  <\/b:EcpSplitMenu>\n <\/b:TextDocProperties>\n <b:StoryBlock type=\"OplPlcQsb\" oty=\"101\" oh=\"278\">\n  <b:IqsbMax priv=\"104\">1<\/b:IqsbMax>\n  <b:Rgqsb type=\"OplQsb\" priv=\"214\">\n   <b:OplQsb type=\"OplQsb\" priv=\"11\">\n    <b:Qs priv=\"104\">1<\/b:Qsid>\n    <b:TomfCopyfitBase priv=\"80B\">-9999996.000000<\/b:TomfCopyfitBase>\n    <b:TomfCopyfitBase2 priv=\"90B\">-9999996.000000<\/b:TomfCopyfitBase2>\n    <b:DzlHotZone priv=\"A04\">229870<\/b:DzlHotZone>\n   <\/b:OplQsb>\n  <\/b:Rgqsb>\n <\/b:StoryBlock>\n <b:ColorScheme type=\"OplSccm\" oty=\"92\" oh=\"279\">\n  <b:Cecp priv=\"104\">8<\/b:Cecp>\n  <b:Rgecp type=\"OplEcp\" priv=\"214\">\n   <b:OplEcp priv=\"F\">Empty<\/b:OplEcp>\n   <b:OplEcp type=\"OplEcp\" priv=\"111\">\n    <b:Color>10066176<\/b:Color>\n   <\/b:OplEcp>\n   <b:OplEcp type=\"OplEcp\" priv=\"211\">\n    <b:Color>8420607<\/b:Color>\n   <\/b:OplEcp>\n   <b:OplEcp type=\"OplEcp\" priv=\"311\">\n    <b:Color>10092543<\/b:Color>\n   <\/b:OplEcp>\n   <b:OplEcp type=\"OplEcp\" priv=\"411\">\n    <b:Color>13421772<\/b:Color>\n   <\/b:OplEcp>\n   <b:OplEcp type=\"OplEcp\" priv=\"511\">\n    <b:Color>8421376<\/b:Color>\n   <\/b:OplEcp>\n   <b:OplEcp type=\"OplEcp\" priv=\"611\">\n    <b:Color>153<\/b:Color>\n   <\/b:OplEcp>\n   <b:OplEcp type=\"OplEcp\" priv=\"711\">\n    <b:Color>16777215<\/b:Color>\n   <\/b:OplEcp>\n  <\/b:Rgecp>\n  <b:IScheme priv=\"304\">43<\/b:IScheme>\n  <b:SzSchemeName priv=\"618\">Arrecife<\/b:SzSchemeName>\n <\/b:ColorScheme>\n <![if pub11]>\n <![endif]>\n<\/xml><![endif]--><!--[if pub]><xml>\n <b:Page type=\"OplPd\" oty=\"67\" oh=\"265\">\n  <b:PtlvOrigin type=\"OplPt\" priv=\"511\">\n   <b:Xl>22858575<\/b:Xl>\n   <b:Yl>22852950<\/b:Yl>\n  <\/b:PtlvOrigin>\n  <b:O priv=\"605\">(`@`````````<\/b:Oid>\n  <b:OhoplWebPageProps priv=\"90E\">266<\/b:OhoplWebPageProps>\n  <b:OhpdMaster priv=\"D0D\">263<\/b:OhpdMaster>\n  <b:PgtType priv=\"1004\">5<\/b:PgtType>\n  <b:PtlvOriginEx type=\"OplPt\" priv=\"1111\">\n   <b:Xl>110183775<\/b:Xl>\n   <b:Yl>110178150<\/b:Yl>\n  <\/b:PtlvOriginEx>\n <\/b:Page>\n<\/xml><![endif]--><!--[if gte mso 9]><xml>\n <o:shapedefaults v:ext=\"edit\" spidmax=\"3075\" fill=\"f\" fillcolor=\"white [7]\"\n  strokecolor=\"black [0]\">\n  <v:fill color=\"white [7]\" color2=\"white [7]\" on=\"f\"\/>\n  <v:stroke color=\"black [0]\" color2=\"white [7]\">\n   <o:left v:ext=\"view\" color=\"black [0]\" color2=\"white [7]\"\/>\n   <o:top v:ext=\"view\" color=\"black [0]\" color2=\"white [7]\"\/>\n   <o:right v:ext=\"view\" color=\"black [0]\" color2=\"white [7]\"\/>\n   <o:bottom v:ext=\"view\" color=\"black [0]\" color2=\"white [7]\"\/>\n   <o:column v:ext=\"view\" color=\"black [0]\" color2=\"white [7]\"\/>\n  <\/v:stroke>\n  <v:shadow color=\"#ccc [4]\"\/>\n  <v:textbox inset=\"2.88pt,2.88pt,2.88pt,2.88pt\"\/>\n  <o:colormenu v:ext=\"edit\" fillcolor=\"#099 [1]\" strokecolor=\"black [0]\"\n   shadowcolor=\"#ccc [4]\"\/>\n <\/o:shapedefaults><o:shapelayout v:ext=\"edit\">\n  <o:idmap v:ext=\"edit\" data=\"1\"\/>\n <\/o:shapelayout><\/xml><![endif]--><\/p>\n<p><span style=\"font-size: medium;\"><span style=\"font-family: arial;\"><span lang=\"es\" style=\"line-height: 119%;\"><span dir=\"ltr\"><\/span>17:00 h. E<\/span><span lang=\"es\" style=\"line-height: 119%; text-transform: uppercase;\">Scape<\/span><span lang=\"es\" style=\"line-height: 119%;\"> \u201cODS-JUZBADO\u201d (juego de pistas) para los m\u00e1s peque\u00f1os y&nbsp;&nbsp;&nbsp; familias.&nbsp;<\/span><\/span><\/span><\/p>\n<p><span style=\"font-size: medium;\"><span style=\"font-family: arial;\"><span lang=\"es\" style=\"line-height: 119%;\">19:00 h. Al finalizar se servir\u00e1 una rica chocolatada a los participantes ofrecida por Chocolater\u00eda Valor.<span>&nbsp; <\/span><span><\/span><span><\/span>Pintacaras en la plaza.<\/span><span lang=\"es\"><\/span><\/span><\/span><\/p>\n<p><span style=\"font-size: medium;\"><span style=\"font-family: arial;\"><\/p>\n<p><\/span><span style=\"font-family: arial;\"><\/p>\n<p><\/span><\/span><\/p>\n<p style=\"margin-bottom: 0cm; margin-left: 49.6pt; margin-right: 0cm; margin-top: 0cm; margin: 0cm 0cm 0cm 49.6pt; mso-line-height-alt: 1.0pt; text-indent: -49.6pt;\"><span style=\"font-size: medium;\"><span style=\"font-family: arial;\"><span face=\"&quot;Arial&quot;,&quot;sans-serif&quot;\" style=\"mso-fareast-font-family: &quot;Times New Roman&quot;; mso-fareast-language: ES;\">22:30 h. <span style=\"text-transform: uppercase;\">Concierto de Rock <\/span>a cargo de la banda<br \/>\nde pop-rock de los 80 y 90 \u201cDistrito POP\u201d.<\/span><\/span><\/span><\/p>\n<p style=\"margin-bottom: 0cm; margin-left: 49.6pt; margin-right: 0cm; margin-top: 0cm; margin: 0cm 0cm 0cm 49.6pt; mso-line-height-alt: 1.0pt; text-indent: -49.6pt;\"><span style=\"font-size: medium;\"><span style=\"font-family: arial;\"><span face=\"&quot;Arial&quot;,&quot;sans-serif&quot;\" style=\"mso-fareast-font-family: &quot;Times New Roman&quot;; mso-fareast-language: ES;\">&nbsp;<\/span><\/span><\/span><\/p>\n<p><span style=\"font-size: medium;\"><span style=\"font-family: arial;\"><\/p>\n<p><\/span><\/span><\/p>\n<p style=\"margin-bottom: 0cm; margin-left: 49.6pt; margin-right: 0cm; margin-top: 0cm; margin: 0cm 0cm 0cm 49.6pt; mso-line-height-alt: 1.0pt; mso-pagination: none; text-indent: -49.6pt;\"><span style=\"font-size: medium;\"><span style=\"font-family: arial;\"><b><u><span face=\"&quot;Arial&quot;,&quot;sans-serif&quot;\" lang=\"ES-TRAD\" style=\"color: black; mso-ansi-language: ES-TRAD; mso-fareast-font-family: &quot;Times New Roman&quot;; mso-fareast-language: ES;\">S\u00c1BADO 2:<\/span><\/u><\/b><\/span><\/span><\/p>\n<p style=\"margin-bottom: 0cm; margin-left: 49.6pt; margin-right: 0cm; margin-top: 0cm; margin: 0cm 0cm 0cm 49.6pt; mso-line-height-alt: 1.0pt; mso-pagination: none; text-indent: -49.6pt;\"><span style=\"font-size: medium;\"><span style=\"font-family: arial;\"><b><u><span face=\"&quot;Arial&quot;,&quot;sans-serif&quot;\" lang=\"ES-TRAD\" style=\"color: black; mso-ansi-language: ES-TRAD; mso-fareast-font-family: &quot;Times New Roman&quot;; mso-fareast-language: ES;\">&nbsp;<\/span><\/u><\/b><\/span><\/span><\/p>\n<p><span style=\"font-size: medium;\"><span style=\"font-family: arial;\"><\/p>\n<p><\/span><\/span><\/p>\n<p style=\"margin-bottom: 0cm; margin-left: 49.6pt; margin-right: 0cm; margin-top: 0cm; margin: 0cm 0cm 0cm 49.6pt; mso-line-height-alt: 1.0pt; text-indent: -49.6pt;\"><span style=\"font-size: medium;\"><span style=\"font-family: arial;\"><span face=\"&quot;Arial&quot;,&quot;sans-serif&quot;\" style=\"mso-fareast-font-family: &quot;Times New Roman&quot;; mso-fareast-language: ES;\">12:00 h. <span style=\"text-transform: uppercase;\">Paseo en bici <\/span>por Juzbado. Recorrido<br \/>\ncorto por los caminos del municipio. Y sorteo de dos bicicletas al finalizar.<\/span><\/span><\/span><\/p>\n<p><span style=\"font-size: medium;\"><span style=\"font-family: arial;\"><\/p>\n<p><\/span><\/span><\/p>\n<p style=\"margin-bottom: 0cm; margin-left: 49.6pt; margin-right: 0cm; margin-top: 0cm; margin: 0cm 0cm 0cm 49.6pt; mso-line-height-alt: 1.0pt; text-indent: -49.6pt;\"><span style=\"font-size: medium;\"><span style=\"font-family: arial;\"><span face=\"&quot;Arial&quot;,&quot;sans-serif&quot;\" style=\"mso-fareast-font-family: &quot;Times New Roman&quot;; mso-fareast-language: ES;\">17:00 h.<br \/>\nPartido en el vado: F.C. Juzbado v. Villares. Con el acompa\u00f1amiento de la <span style=\"text-transform: uppercase;\">Charanga<\/span>.<\/span><\/span><\/span><\/p>\n<p><span style=\"font-size: medium;\"><span style=\"font-family: arial;\"><\/p>\n<p><\/span><\/span><\/p>\n<p style=\"margin-bottom: 0cm; margin-left: 49.6pt; margin-right: 0cm; margin-top: 0cm; margin: 0cm 0cm 0cm 49.6pt; mso-line-height-alt: 1.0pt; text-indent: -49.6pt;\"><span style=\"font-size: medium;\"><span style=\"font-family: arial;\"><span face=\"&quot;Arial&quot;,&quot;sans-serif&quot;\" style=\"mso-fareast-font-family: &quot;Times New Roman&quot;; mso-fareast-language: ES;\">20:00 h. <span style=\"text-transform: uppercase;\">Teatro<\/span> familiar: \u201cDecid, m\u00edo Cid\u201d de la<br \/>\ncompa\u00f1\u00eda Kamaru teatro. <\/span><\/span><\/span><\/p>\n<p><span style=\"font-size: medium;\"><span style=\"font-family: arial;\"><\/p>\n<p><\/span><\/span><\/p>\n<p style=\"margin-bottom: 0cm; margin-left: 49.6pt; margin-right: 0cm; margin-top: 0cm; margin: 0cm 0cm 0cm 49.6pt; mso-line-height-alt: 1.0pt; text-indent: -49.6pt;\"><span style=\"font-size: medium;\"><span style=\"font-family: arial;\"><span face=\"&quot;Arial&quot;,&quot;sans-serif&quot;\" style=\"mso-fareast-font-family: &quot;Times New Roman&quot;; mso-fareast-language: ES;\">22:30 h. <span style=\"text-transform: uppercase;\">Concierto <\/span>de Flamenco.&nbsp;<\/span><\/span><\/span><\/p>\n<p style=\"margin-bottom: 0cm; margin-left: 49.6pt; margin-right: 0cm; margin-top: 0cm; margin: 0cm 0cm 0cm 49.6pt; mso-line-height-alt: 1.0pt; text-indent: -49.6pt;\"><span style=\"font-size: medium;\"><span style=\"font-family: arial;\"><span face=\"&quot;Arial&quot;,&quot;sans-serif&quot;\" style=\"mso-fareast-font-family: &quot;Times New Roman&quot;; mso-fareast-language: ES;\">&nbsp;<\/span><\/span><\/span><\/p>\n<p><span style=\"font-size: medium;\"><span style=\"font-family: arial;\"><\/p>\n<p><\/span><\/span><\/p>\n<p style=\"margin-bottom: 0cm; margin-left: 49.6pt; margin-right: 0cm; margin-top: 0cm; margin: 0cm 0cm 0cm 49.6pt; mso-line-height-alt: 1.0pt; mso-pagination: none; text-indent: -49.6pt;\"><span style=\"font-size: medium;\"><span style=\"font-family: arial;\"><b><u><span face=\"&quot;Arial&quot;,&quot;sans-serif&quot;\" style=\"color: black; mso-fareast-font-family: &quot;Times New Roman&quot;; mso-fareast-language: ES;\">DOMiNGO 3:<\/span><\/u><\/b><\/span><\/span><\/p>\n<p style=\"margin-bottom: 0cm; margin-left: 49.6pt; margin-right: 0cm; margin-top: 0cm; margin: 0cm 0cm 0cm 49.6pt; mso-line-height-alt: 1.0pt; mso-pagination: none; text-indent: -49.6pt;\"><span style=\"font-size: medium;\"><span style=\"font-family: arial;\"><br \/><\/span><\/span><\/p>\n<p><span style=\"font-size: medium;\"><span style=\"font-family: arial;\"><\/p>\n<p><\/span><\/span><\/p>\n<p style=\"margin-bottom: 0cm; margin-left: 49.6pt; margin-right: 0cm; margin-top: 0cm; margin: 0cm 0cm 0cm 49.6pt; mso-line-height-alt: 1.0pt; text-indent: -49.6pt;\"><span style=\"font-size: medium;\"><span style=\"font-family: arial;\"><span face=\"&quot;Arial&quot;,&quot;sans-serif&quot;\" style=\"mso-fareast-font-family: &quot;Times New Roman&quot;; mso-fareast-language: ES;\">11:00 h.<br \/>\nMisa dominical<\/span><\/span><\/span><\/p>\n<p style=\"margin-bottom: 0cm; margin-left: 49.6pt; margin-right: 0cm; margin-top: 0cm; margin: 0cm 0cm 0cm 49.6pt; mso-line-height-alt: 1.0pt; text-indent: -49.6pt;\"><span style=\"font-size: medium;\"><span style=\"font-family: arial;\"><span face=\"&quot;Arial&quot;,&quot;sans-serif&quot;\" style=\"mso-fareast-font-family: &quot;Times New Roman&quot;; mso-fareast-language: ES;\"><span face=\"&quot;Arial&quot;,&quot;sans-serif&quot;\" style=\"mso-fareast-font-family: &quot;Times New Roman&quot;; mso-fareast-language: ES;\">11:00 h. <span style=\"text-transform: uppercase;\">I Feria de minerales <\/span>de Juzbado.<br \/>\nJornada de puertas abiertas en el Museo de la Falla.<\/span> <br \/><\/span><\/span><\/span><\/p>\n<p><span style=\"font-size: medium;\"><span style=\"font-family: arial;\"><\/p>\n<p><\/span><\/span><\/p>\n<p style=\"margin-bottom: 0cm; margin-left: 49.6pt; margin-right: 0cm; margin-top: 0cm; margin: 0cm 0cm 0cm 49.6pt; mso-line-height-alt: 1.0pt; text-indent: -49.6pt;\"><span style=\"font-size: medium;\"><span style=\"font-family: arial;\"><span face=\"&quot;Arial&quot;,&quot;sans-serif&quot;\" style=\"mso-fareast-font-family: &quot;Times New Roman&quot;; mso-fareast-language: ES;\">12:00 h. <span style=\"text-transform: uppercase;\">Paseo <\/span>guiado por la galer\u00eda de arte al<br \/>\naire libre de Juzbado Salida desde el Museo desde el Museo de la Falla.<br \/><\/span><\/span><\/span><\/p>\n<p><span style=\"font-size: medium;\"><span style=\"font-family: arial;\"><\/p>\n<p><\/span><\/span><\/p>\n<p style=\"margin-bottom: 0cm; margin-left: 49.6pt; margin-right: 0cm; margin-top: 0cm; margin: 0cm 0cm 0cm 49.6pt; mso-line-height-alt: 1.0pt; text-indent: -49.6pt;\"><span style=\"font-size: medium;\"><span style=\"font-family: arial;\"><span face=\"&quot;Arial&quot;,&quot;sans-serif&quot;\" style=\"mso-fareast-font-family: &quot;Times New Roman&quot;; mso-fareast-language: ES;\">14:00 h. <span style=\"text-transform: uppercase;\">Paella Popular<\/span>.<\/span><\/span><\/span><\/p>\n<p style=\"margin-bottom: 0cm; margin-left: 49.65pt; margin-right: 0cm; margin-top: 0cm; margin: 0cm 0cm 0cm 49.65pt; text-indent: -49.65pt;\"><span face=\"&quot;Arial&quot;,&quot;sans-serif&quot;\" style=\"font-size: 12pt; line-height: 115%;\">&nbsp;<\/span><\/p>\n<p style=\"mso-pagination: none;\">\n<p style=\"mso-pagination: none;\"><span lang=\"es\" style=\"language: es; mso-ligatures: none;\">&nbsp;<\/span><\/p>\n<p style=\"mso-pagination: none;\"><span lang=\"es\" style=\"language: es; mso-ligatures: none;\">&nbsp;<\/span><\/p>\n","protected":false},"excerpt":{"rendered":"<p>Queridos vecinos,&nbsp; &nbsp; tras tanto tiempo de restricciones y ausencias, retomamos las celebraciones en honor a nuestro patr\u00f3n, San Miguel. En estos momentos, cuando por fin vemos cerca la &#8216;nueva normalidad&#8217;, es importante continuar actuando con prudencia, evitando aglomeraciones y excesos en bien de todos. Por ello os ofrecemos un programa sencillo y de transici\u00f3n, [&hellip;]<\/p>\n","protected":false},"author":2,"featured_media":0,"comment_status":"open","ping_status":"open","sticky":false,"template":"","format":"standard","meta":{"saved_in_kubio":false,"footnotes":""},"categories":[573,586,158,319,323,108],"tags":[],"class_list":["post-270","post","type-post","status-publish","format-standard","hentry","category-573","category-29-de-septiembre","category-fiestas","category-otono","category-san-miguel","category-septiembre"],"_links":{"self":[{"href":"https:\/\/juzbado.es\/nuevaweb\/wp-json\/wp\/v2\/posts\/270","targetHints":{"allow":["GET"]}}],"collection":[{"href":"https:\/\/juzbado.es\/nuevaweb\/wp-json\/wp\/v2\/posts"}],"about":[{"href":"https:\/\/juzbado.es\/nuevaweb\/wp-json\/wp\/v2\/types\/post"}],"author":[{"embeddable":true,"href":"https:\/\/juzbado.es\/nuevaweb\/wp-json\/wp\/v2\/users\/2"}],"replies":[{"embeddable":true,"href":"https:\/\/juzbado.es\/nuevaweb\/wp-json\/wp\/v2\/comments?post=270"}],"version-history":[{"count":0,"href":"https:\/\/juzbado.es\/nuevaweb\/wp-json\/wp\/v2\/posts\/270\/revisions"}],"wp:attachment":[{"href":"https:\/\/juzbado.es\/nuevaweb\/wp-json\/wp\/v2\/media?parent=270"}],"wp:term":[{"taxonomy":"category","embeddable":true,"href":"https:\/\/juzbado.es\/nuevaweb\/wp-json\/wp\/v2\/categories?post=270"},{"taxonomy":"post_tag","embeddable":true,"href":"https:\/\/juzbado.es\/nuevaweb\/wp-json\/wp\/v2\/tags?post=270"}],"curies":[{"name":"wp","href":"https:\/\/api.w.org\/{rel}","templated":true}]}}