{"id":272,"date":"2021-09-19T14:14:00","date_gmt":"2021-09-19T12:14:00","guid":{"rendered":"http:\/\/juzbado.es\/nuevaweb\/2021\/09\/19\/fiestas-de-los-mayores-al-aire-libre\/"},"modified":"2021-09-19T14:14:00","modified_gmt":"2021-09-19T12:14:00","slug":"fiestas-de-los-mayores-al-aire-libre","status":"publish","type":"post","link":"https:\/\/juzbado.es\/nuevaweb\/2021\/09\/19\/fiestas-de-los-mayores-al-aire-libre\/","title":{"rendered":"FIESTAS DE LOS MAYORES AL AIRE LIBRE"},"content":{"rendered":"<p style=\"margin-bottom: 0.0001pt; text-align: justify;\"><span style=\"font-size: medium;\"><span style=\"font-family: arial;\"><span>Un a\u00f1o m\u00e1s<br \/>\ncelebramos en Juzbado las fiestas de los mayores como anticipo a las fiestas<br \/>\npatronales de San Miguel.<span>&nbsp; <\/span>Este a\u00f1o, como<br \/>\nes obvio, una parte de la programaci\u00f3n se ha anulado aunque desde la Asociaci\u00f3n<br \/>\nde Mayores se ha querido mantener la esencia con algunas novedades. Es decir,<br \/>\nhomenajear a los que ya no est\u00e1n con nosotros y felicitar a los pr\u00f3spero y<br \/>\nlongevos casamientos de nuestros vecinos mayores. Todo ello acompa\u00f1ado este a\u00f1o<br \/>\ny por primera vez \u2013s\u00edntoma de la buena salud que ya vamos recuperando- del<br \/>\nGrupo de Bailes Charros de Juzbado.<span>&nbsp; <\/span>Nos<br \/>\nconsta que han tenido que practicar tras m\u00e1s de un a\u00f1o de par\u00f3n pero que lo han<br \/>\nhecho con mucha ilusi\u00f3n y ya pensando en los bailes del d\u00eda de San Miguel.<span>&nbsp; <\/span>&nbsp;<\/span><\/span><\/span><\/p>\n<p style=\"margin-bottom: 0.0001pt; text-align: justify;\"><span style=\"font-size: medium;\"><span style=\"font-family: arial;\"><span>A continuaci\u00f3n os presentamos algunas<br \/>\nfotograf\u00edas de las fiestas (por cortes\u00eda de Miguel Angel Miguel Mart\u00edn) que, como de costumbre, se reparten en dos fines de<br \/>\nsemana y con las medidas de precauci\u00f3n pertinentes.<span>&nbsp; <\/span>Desde aqu\u00ed felicitamos a los matrimonios<br \/>\nhomenajeados que este a\u00f1o son: J\u00f3se e Isi y Jes\u00fas e Isabel. \u00a1enhorabuena!<\/span><\/span><\/span><\/p>\n<p><span style=\"font-size: medium;\"><span style=\"font-family: arial;\"><\/p>\n<p><\/span><\/span><\/p>\n<p style=\"margin-bottom: 0cm; mso-line-height-alt: 1.0pt;\"><span style=\"font-size: medium;\"><span style=\"font-family: arial;\"><span><\/span><\/span><\/span><u><span style=\"font-size: medium;\"><span style=\"font-family: arial;\"><span><\/span><\/span><\/span><\/u><\/p>\n<p><\/p>\n<table align=\"center\" cellpadding=\"0\" cellspacing=\"0\" style=\"margin-left: auto; margin-right: auto;\">\n<tbody>\n<tr>\n<td style=\"text-align: center;\"><a href=\"https:\/\/blogger.googleusercontent.com\/img\/b\/R29vZ2xl\/AVvXsEgOMq5adUz7uJIHWw6cI-C5ri9G89P6TasjiVwh18iGROVySuNWQ94e0Iz6VQvmphczSe507bhXi1oDWOGPo32U9P9MhjI9zekSC_1xsqdzv9dohJA_uX7HzopNAOBoZoW9cz6-w1VGqv8\/s1599\/FIESTAS+MAYORES+2021+MIGUEL+%25281%2529.jpeg\" style=\"margin-left: auto; margin-right: auto;\"><img loading=\"lazy\" decoding=\"async\" border=\"0\" data-original-height=\"1066\" data-original-width=\"1599\" height=\"426\" src=\"https:\/\/blogger.googleusercontent.com\/img\/b\/R29vZ2xl\/AVvXsEgOMq5adUz7uJIHWw6cI-C5ri9G89P6TasjiVwh18iGROVySuNWQ94e0Iz6VQvmphczSe507bhXi1oDWOGPo32U9P9MhjI9zekSC_1xsqdzv9dohJA_uX7HzopNAOBoZoW9cz6-w1VGqv8\/w640-h426\/FIESTAS+MAYORES+2021+MIGUEL+%25281%2529.jpeg\" width=\"640\" \/><\/a><\/td>\n<\/tr>\n<tr>\n<td style=\"text-align: center;\">Isi y J\u00f3se (primer t\u00e9rmino) y Jes\u00fas e Isabel (detr\u00e1s) posan tras recibir el homenaje por los 50 a\u00f1os de casados.<\/td>\n<\/tr>\n<\/tbody>\n<\/table>\n<p><\/p>\n<table align=\"center\" cellpadding=\"0\" cellspacing=\"0\" style=\"margin-left: auto; margin-right: auto;\">\n<tbody>\n<tr>\n<td style=\"text-align: center;\"><a href=\"https:\/\/blogger.googleusercontent.com\/img\/b\/R29vZ2xl\/AVvXsEjTBkgo5YdrraxTwlruABt-l3FBzhIYqlc_T02zDz45rMWMMmG09ucovzGpo2xc8PNoK3aLV7fSMFR0P-sKl8L0epftaSVcdgUqcMNcf0Hg4_2cIbhtcItF7AoRbN-Uv8CdiI_uL98dNZc\/s1599\/FIESTAS+MAYORES+2021+MIGUEL+%25282%2529.jpeg\" style=\"margin-left: auto; margin-right: auto;\"><img loading=\"lazy\" decoding=\"async\" border=\"0\" data-original-height=\"1066\" data-original-width=\"1599\" height=\"426\" src=\"https:\/\/blogger.googleusercontent.com\/img\/b\/R29vZ2xl\/AVvXsEjTBkgo5YdrraxTwlruABt-l3FBzhIYqlc_T02zDz45rMWMMmG09ucovzGpo2xc8PNoK3aLV7fSMFR0P-sKl8L0epftaSVcdgUqcMNcf0Hg4_2cIbhtcItF7AoRbN-Uv8CdiI_uL98dNZc\/w640-h426\/FIESTAS+MAYORES+2021+MIGUEL+%25282%2529.jpeg\" width=\"640\" \/><\/a><\/td>\n<\/tr>\n<tr>\n<td style=\"text-align: center;\">Los dos matrimonios homenajeados (Jes\u00fas e Isabel y J\u00f3se e Isi) posan en la iglesia parroquial.<\/td>\n<\/tr>\n<\/tbody>\n<\/table>\n<p><span><a name='more'><\/a><\/span><\/p>\n<table align=\"center\" cellpadding=\"0\" cellspacing=\"0\" style=\"margin-left: auto; margin-right: auto;\">\n<tbody>\n<tr>\n<td style=\"text-align: center;\"><a href=\"https:\/\/blogger.googleusercontent.com\/img\/b\/R29vZ2xl\/AVvXsEjqc_9TK7l0hrfF_KLdlK0XDh6yxELkYCQkiUZbNF0wSN7S6wZhDH0489FCr5A4YXyoBC3DZbG0uIE6ktN4M4c2ryKNMuKdjqohI0gS3S4yx-Pb7srL4I_rc3bg5tpe89XjovthneVTFDI\/s1599\/FIESTAS+MAYORES+2021+MIGUEL+%25283%2529.jpeg\" style=\"margin-left: auto; margin-right: auto;\"><img loading=\"lazy\" decoding=\"async\" border=\"0\" data-original-height=\"1066\" data-original-width=\"1599\" height=\"426\" src=\"https:\/\/blogger.googleusercontent.com\/img\/b\/R29vZ2xl\/AVvXsEjqc_9TK7l0hrfF_KLdlK0XDh6yxELkYCQkiUZbNF0wSN7S6wZhDH0489FCr5A4YXyoBC3DZbG0uIE6ktN4M4c2ryKNMuKdjqohI0gS3S4yx-Pb7srL4I_rc3bg5tpe89XjovthneVTFDI\/w640-h426\/FIESTAS+MAYORES+2021+MIGUEL+%25283%2529.jpeg\" width=\"640\" \/><\/a><\/td>\n<\/tr>\n<tr>\n<td style=\"text-align: center;\">Los dos matrimonios homenajeados durante el acto celebrado al aire libre.<\/td>\n<\/tr>\n<\/tbody>\n<\/table>\n<table align=\"center\" cellpadding=\"0\" cellspacing=\"0\" style=\"margin-left: auto; margin-right: auto;\">\n<tbody>\n<tr>\n<td style=\"text-align: center;\"><a href=\"https:\/\/blogger.googleusercontent.com\/img\/b\/R29vZ2xl\/AVvXsEgdmF6kf7dZstLKFsT8ibNh0dixO8JcvrnqbIwpmciCGIHqAiDPkuzla3m7iPfszDu67YD2swLFkqcBjf6WSf4zh4sqrqY6aoR1dLn2mBp4djvoSHJLZprQwoPyDUxD4r14cDZrUuRNNDI\/s1599\/FIESTAS+MAYORES+2021+MIGUEL+%25285%2529.jpeg\" style=\"margin-left: auto; margin-right: auto;\"><img loading=\"lazy\" decoding=\"async\" border=\"0\" data-original-height=\"1066\" data-original-width=\"1599\" height=\"426\" src=\"https:\/\/blogger.googleusercontent.com\/img\/b\/R29vZ2xl\/AVvXsEgdmF6kf7dZstLKFsT8ibNh0dixO8JcvrnqbIwpmciCGIHqAiDPkuzla3m7iPfszDu67YD2swLFkqcBjf6WSf4zh4sqrqY6aoR1dLn2mBp4djvoSHJLZprQwoPyDUxD4r14cDZrUuRNNDI\/w640-h426\/FIESTAS+MAYORES+2021+MIGUEL+%25285%2529.jpeg\" width=\"640\" \/><\/a><\/td>\n<\/tr>\n<tr>\n<td style=\"text-align: center;\">El Grupo de Bailes Charros de Juzbado con Cecilia y Lidia a la cabeza avanza por la calle Juan Bustos tras recoger en su domicilio a uno de los matrimonios homenajeados.<\/td>\n<\/tr>\n<\/tbody>\n<\/table>\n<p><span><!--more--><\/span><span><!--more--><\/span><\/p>\n","protected":false},"excerpt":{"rendered":"<p>Un a\u00f1o m\u00e1s celebramos en Juzbado las fiestas de los mayores como anticipo a las fiestas patronales de San Miguel.&nbsp; Este a\u00f1o, como es obvio, una parte de la programaci\u00f3n se ha anulado aunque desde la Asociaci\u00f3n de Mayores se ha querido mantener la esencia con algunas novedades. Es decir, homenajear a los que ya [&hellip;]<\/p>\n","protected":false},"author":2,"featured_media":0,"comment_status":"open","ping_status":"open","sticky":false,"template":"","format":"standard","meta":{"saved_in_kubio":false,"footnotes":""},"categories":[158,114,108],"tags":[],"class_list":["post-272","post","type-post","status-publish","format-standard","hentry","category-fiestas","category-fiestas-de-mayores","category-septiembre"],"_links":{"self":[{"href":"https:\/\/juzbado.es\/nuevaweb\/wp-json\/wp\/v2\/posts\/272","targetHints":{"allow":["GET"]}}],"collection":[{"href":"https:\/\/juzbado.es\/nuevaweb\/wp-json\/wp\/v2\/posts"}],"about":[{"href":"https:\/\/juzbado.es\/nuevaweb\/wp-json\/wp\/v2\/types\/post"}],"author":[{"embeddable":true,"href":"https:\/\/juzbado.es\/nuevaweb\/wp-json\/wp\/v2\/users\/2"}],"replies":[{"embeddable":true,"href":"https:\/\/juzbado.es\/nuevaweb\/wp-json\/wp\/v2\/comments?post=272"}],"version-history":[{"count":0,"href":"https:\/\/juzbado.es\/nuevaweb\/wp-json\/wp\/v2\/posts\/272\/revisions"}],"wp:attachment":[{"href":"https:\/\/juzbado.es\/nuevaweb\/wp-json\/wp\/v2\/media?parent=272"}],"wp:term":[{"taxonomy":"category","embeddable":true,"href":"https:\/\/juzbado.es\/nuevaweb\/wp-json\/wp\/v2\/categories?post=272"},{"taxonomy":"post_tag","embeddable":true,"href":"https:\/\/juzbado.es\/nuevaweb\/wp-json\/wp\/v2\/tags?post=272"}],"curies":[{"name":"wp","href":"https:\/\/api.w.org\/{rel}","templated":true}]}}