{"id":274,"date":"2021-09-07T11:49:00","date_gmt":"2021-09-07T09:49:00","guid":{"rendered":"http:\/\/juzbado.es\/nuevaweb\/2021\/09\/07\/fiestas-de-los-mayores-2021\/"},"modified":"2021-09-07T11:49:00","modified_gmt":"2021-09-07T09:49:00","slug":"fiestas-de-los-mayores-2021","status":"publish","type":"post","link":"https:\/\/juzbado.es\/nuevaweb\/2021\/09\/07\/fiestas-de-los-mayores-2021\/","title":{"rendered":"FIESTAS DE LOS MAYORES 2021"},"content":{"rendered":"<p style=\"text-align: justify;\"><span style=\"font-size: medium;\"><span style=\"font-family: arial;\">Como cada septiembre, Juzbado celebra sus fiestas<br \/>\npatronales. Pero como cada septiembre, tambi\u00e9n se celebran las <a href=\"https:\/\/juzbado.blogspot.com\/2019\/09\/la-asociacion-de-mayores-celebra-sus.html\" target=\"_blank\">Fiestas de los Mayores<\/a>.<br \/>\nUnas y otras van unidas de la mano.<span>&nbsp; <\/span>En<br \/>\nesta ocasi\u00f3n os anunciamos la celebraci\u00f3n de las fiestas de los mayores \u2013siempre<br \/>\nantecesoras de las patronales- durante las jornadas del s\u00e1bado 11 y domingo 19.<span>&nbsp; <\/span>A\u00fan a pesar de las medidas y restricciones<br \/>\nvigentes en materia sanitaria que l\u00f3gicamente hay que mantener, la Asociaci\u00f3n<br \/>\nde Mayores nos propone de forma responsable y sensata una serie de actos para<br \/>\ncelebrar estas fechas tan entra\u00f1ables para los juzbadinos.<span>&nbsp; <\/span><\/span><\/span><\/p>\n<div style=\"text-align: justify;\"><span style=\"font-size: medium;\"><span style=\"font-family: arial;\"><\/p>\n<p><\/span><\/span><\/div>\n<p style=\"text-align: justify;\"><span style=\"font-size: medium;\"><span style=\"font-family: arial;\">As\u00ed, el s\u00e1bado 11 de celebrar\u00e1 a las 18:30 h. la misa por<br \/>\nlos difuntos en nuestra iglesia parroquial.<span>&nbsp;<br \/>\n<\/span>El siguiente fin de semana, el domingo 19 se celebrar\u00e1 una misa solemne<br \/>\nde los mayores en compa\u00f1\u00eda de los nietos e hijos a las 13:00 h.<span>&nbsp; <\/span>En la misma iglesia se homenajear\u00e1 a dos<br \/>\nmatrimonios que cumplen este a\u00f1o sus bodas de oro. \u00a1Enhorabuena! Para ello<br \/>\ncontaremos, como novedad este a\u00f1o, con el Grupo de Bailes Charros de Juzbado que<br \/>\nactuar\u00e1 por primera vez desde las \u00faltimas fiestas celebradas de 2019.<\/span><\/span><\/p>\n<div style=\"text-align: justify;\"><span style=\"font-size: medium;\"><span style=\"font-family: arial;\"><\/p>\n<p><\/span><\/span><\/div>\n<p style=\"text-align: justify;\"><span style=\"font-size: medium;\"><span style=\"font-family: arial;\">Ser\u00e1 sin duda una buena ocasi\u00f3n para disfrutar del pueblo y de<br \/>\nlos vecinos y amigos.<span>&nbsp; <\/span>Mucha salud.&nbsp;<\/span><\/span><\/p>\n<p style=\"text-align: justify;\"><span style=\"font-size: medium;\"><span style=\"font-family: arial;\"><\/p>\n<table align=\"center\" cellpadding=\"0\" cellspacing=\"0\" style=\"margin-left: auto; margin-right: auto;\">\n<tbody>\n<tr>\n<td style=\"text-align: center;\"><a href=\"https:\/\/blogger.googleusercontent.com\/img\/b\/R29vZ2xl\/AVvXsEjLjzKpThS5IXqL8qDIH1VoeuWLGVCL3zcUdbTOvU_cXn2fpB5-FfRwo-m2BI5MUWfQqIEKu7TrWx8s4z1CRgWn2BRjty_Zp5_sECBFiyfg_w4jN2nGzHgKNd3ZVZGp083aDzZoYkyB0Ds\/s2048\/cartel+fiestas+mayores+2021.jpg\" style=\"margin-left: auto; margin-right: auto;\"><img loading=\"lazy\" decoding=\"async\" alt=\"Juzbado, Fiestas de los Mayores 2021\" border=\"0\" data-original-height=\"2048\" data-original-width=\"1448\" height=\"640\" src=\"https:\/\/blogger.googleusercontent.com\/img\/b\/R29vZ2xl\/AVvXsEjLjzKpThS5IXqL8qDIH1VoeuWLGVCL3zcUdbTOvU_cXn2fpB5-FfRwo-m2BI5MUWfQqIEKu7TrWx8s4z1CRgWn2BRjty_Zp5_sECBFiyfg_w4jN2nGzHgKNd3ZVZGp083aDzZoYkyB0Ds\/w452-h640\/cartel+fiestas+mayores+2021.jpg\" title=\"Juzbado, Fiestas de los Mayores 2021\" width=\"452\" \/><\/a><\/td>\n<\/tr>\n<tr>\n<td style=\"text-align: center;\"><\/td>\n<\/tr>\n<\/tbody>\n<\/table>\n<p>&nbsp;<\/span><\/span><\/p>\n","protected":false},"excerpt":{"rendered":"<p>Como cada septiembre, Juzbado celebra sus fiestas patronales. Pero como cada septiembre, tambi\u00e9n se celebran las Fiestas de los Mayores. Unas y otras van unidas de la mano.&nbsp; En esta ocasi\u00f3n os anunciamos la celebraci\u00f3n de las fiestas de los mayores \u2013siempre antecesoras de las patronales- durante las jornadas del s\u00e1bado 11 y domingo 19.&nbsp; [&hellip;]<\/p>\n","protected":false},"author":2,"featured_media":0,"comment_status":"open","ping_status":"open","sticky":false,"template":"","format":"standard","meta":{"saved_in_kubio":false,"footnotes":""},"categories":[573,592,114,338,591,108],"tags":[],"class_list":["post-274","post","type-post","status-publish","format-standard","hentry","category-573","category-bodas-de-oro","category-fiestas-de-mayores","category-grupo-de-bailes-charros","category-misa","category-septiembre"],"_links":{"self":[{"href":"https:\/\/juzbado.es\/nuevaweb\/wp-json\/wp\/v2\/posts\/274","targetHints":{"allow":["GET"]}}],"collection":[{"href":"https:\/\/juzbado.es\/nuevaweb\/wp-json\/wp\/v2\/posts"}],"about":[{"href":"https:\/\/juzbado.es\/nuevaweb\/wp-json\/wp\/v2\/types\/post"}],"author":[{"embeddable":true,"href":"https:\/\/juzbado.es\/nuevaweb\/wp-json\/wp\/v2\/users\/2"}],"replies":[{"embeddable":true,"href":"https:\/\/juzbado.es\/nuevaweb\/wp-json\/wp\/v2\/comments?post=274"}],"version-history":[{"count":0,"href":"https:\/\/juzbado.es\/nuevaweb\/wp-json\/wp\/v2\/posts\/274\/revisions"}],"wp:attachment":[{"href":"https:\/\/juzbado.es\/nuevaweb\/wp-json\/wp\/v2\/media?parent=274"}],"wp:term":[{"taxonomy":"category","embeddable":true,"href":"https:\/\/juzbado.es\/nuevaweb\/wp-json\/wp\/v2\/categories?post=274"},{"taxonomy":"post_tag","embeddable":true,"href":"https:\/\/juzbado.es\/nuevaweb\/wp-json\/wp\/v2\/tags?post=274"}],"curies":[{"name":"wp","href":"https:\/\/api.w.org\/{rel}","templated":true}]}}