{"id":275,"date":"2021-08-30T13:59:00","date_gmt":"2021-08-30T11:59:00","guid":{"rendered":"http:\/\/juzbado.es\/nuevaweb\/2021\/08\/30\/se-amplia-la-temporada-de-piscinas-hasta-el-12-de-septiembre\/"},"modified":"2021-08-30T13:59:00","modified_gmt":"2021-08-30T11:59:00","slug":"se-amplia-la-temporada-de-piscinas-hasta-el-12-de-septiembre","status":"publish","type":"post","link":"https:\/\/juzbado.es\/nuevaweb\/2021\/08\/30\/se-amplia-la-temporada-de-piscinas-hasta-el-12-de-septiembre\/","title":{"rendered":"SE AMPLIA LA TEMPORADA DE PISCINAS HASTA EL 12 DE SEPTIEMBRE"},"content":{"rendered":"<p style=\"text-align: justify;\"><span style=\"font-family: arial; font-size: medium;\"><span>Tras escuchar la petici\u00f3n de varios vecinos y comprobar que en las instalaciones de las <a href=\"https:\/\/juzbado.blogspot.com\/p\/piscinas.html\" target=\"_blank\">piscinas municipale<\/a><a href=\"https:\/\/juzbado.blogspot.com\/p\/piscinas.html\" target=\"_blank\">s<\/a> se ha funcionado con alta seguridad en la prevenci\u00f3n del Covid, <b>anunciamos la ampliaci\u00f3n de la temporada de las piscinas municipales hasta el domingo 12 de septiembre.&nbsp;<\/b><\/span><\/span><\/p>\n<p style=\"text-align: justify;\"><span style=\"font-family: arial;\"><\/span><\/p>\n<div style=\"clear: both; text-align: center;\"><a href=\"https:\/\/blogger.googleusercontent.com\/img\/b\/R29vZ2xl\/AVvXsEhSc5mKvVu8pQrupIiqKoQ4iStB2l0ahhtQD_fkx0MKxG8xb63HE4MQsEoc-WGV7GnL3yc0jiBMsDyBM_2cUqcHeTSVu2pDTs_WGJZM-Rp462ZRZed-yQK_y5N3thO_8ycLgWCdPZSxaik\/s967\/Juzbado+piscinas+2021+ampliaci%25C3%25B3n.jpeg\" style=\"margin-left: 1em; margin-right: 1em;\"><img loading=\"lazy\" decoding=\"async\" alt=\"Piscinas municipales de Juzbado\" border=\"0\" data-original-height=\"685\" data-original-width=\"967\" height=\"454\" src=\"https:\/\/blogger.googleusercontent.com\/img\/b\/R29vZ2xl\/AVvXsEhSc5mKvVu8pQrupIiqKoQ4iStB2l0ahhtQD_fkx0MKxG8xb63HE4MQsEoc-WGV7GnL3yc0jiBMsDyBM_2cUqcHeTSVu2pDTs_WGJZM-Rp462ZRZed-yQK_y5N3thO_8ycLgWCdPZSxaik\/w640-h454\/Juzbado+piscinas+2021+ampliaci%25C3%25B3n.jpeg\" title=\"Piscinas municipales de Juzbado\" width=\"640\" \/><\/a><\/div>\n<p><span style=\"font-family: arial;\"><span style=\"font-size: medium;\"><br \/><\/span><\/span><\/p>\n<div style=\"text-align: justify;\"><span style=\"font-family: arial;\"><span style=\"font-size: medium;\"><span>El horario se reduce un poco, tratando de mantener las horas principales del d\u00eda: hemos contado con que quien tiene costumbre de darse un ba\u00f1o antes de comer, aunque m\u00e1s tarde, pueda seguir haci\u00e9ndolo, y con que la jornada de tarde, teniendo en cuenta que vamos hacia menos luz y m\u00e1s fresco, pueda terminar un poco antes. Creemos que tambi\u00e9n se garantiza el movimiento en el bar, las ca\u00f1as de la tarde, las comidas&#8230;<\/span><\/span><\/span><\/div>\n<p style=\"text-align: justify;\">\n<p style=\"text-align: justify;\"><span style=\"font-family: arial;\"><span style=\"font-size: medium;\">Por supuesto, los abonos valen para estos d\u00edas de septiembre.<br \/><\/span><\/span><\/p>\n<p style=\"text-align: justify;\"><span style=\"font-family: arial;\"><span style=\"font-size: medium;\"><br \/><\/span><\/span><\/p>\n","protected":false},"excerpt":{"rendered":"<p>Tras escuchar la petici\u00f3n de varios vecinos y comprobar que en las instalaciones de las piscinas municipales se ha funcionado con alta seguridad en la prevenci\u00f3n del Covid, anunciamos la ampliaci\u00f3n de la temporada de las piscinas municipales hasta el domingo 12 de septiembre.&nbsp; El horario se reduce un poco, tratando de mantener las horas [&hellip;]<\/p>\n","protected":false},"author":2,"featured_media":0,"comment_status":"open","ping_status":"open","sticky":false,"template":"","format":"standard","meta":{"saved_in_kubio":false,"footnotes":""},"categories":[342,178,108,139],"tags":[],"class_list":["post-275","post","type-post","status-publish","format-standard","hentry","category-agosto","category-piscinas-municipales","category-septiembre","category-verano"],"_links":{"self":[{"href":"https:\/\/juzbado.es\/nuevaweb\/wp-json\/wp\/v2\/posts\/275","targetHints":{"allow":["GET"]}}],"collection":[{"href":"https:\/\/juzbado.es\/nuevaweb\/wp-json\/wp\/v2\/posts"}],"about":[{"href":"https:\/\/juzbado.es\/nuevaweb\/wp-json\/wp\/v2\/types\/post"}],"author":[{"embeddable":true,"href":"https:\/\/juzbado.es\/nuevaweb\/wp-json\/wp\/v2\/users\/2"}],"replies":[{"embeddable":true,"href":"https:\/\/juzbado.es\/nuevaweb\/wp-json\/wp\/v2\/comments?post=275"}],"version-history":[{"count":0,"href":"https:\/\/juzbado.es\/nuevaweb\/wp-json\/wp\/v2\/posts\/275\/revisions"}],"wp:attachment":[{"href":"https:\/\/juzbado.es\/nuevaweb\/wp-json\/wp\/v2\/media?parent=275"}],"wp:term":[{"taxonomy":"category","embeddable":true,"href":"https:\/\/juzbado.es\/nuevaweb\/wp-json\/wp\/v2\/categories?post=275"},{"taxonomy":"post_tag","embeddable":true,"href":"https:\/\/juzbado.es\/nuevaweb\/wp-json\/wp\/v2\/tags?post=275"}],"curies":[{"name":"wp","href":"https:\/\/api.w.org\/{rel}","templated":true}]}}