{"id":276,"date":"2021-08-27T10:43:00","date_gmt":"2021-08-27T08:43:00","guid":{"rendered":"http:\/\/juzbado.es\/nuevaweb\/2021\/08\/27\/grupos-burbuja-para-el-depende-de-ti-2021\/"},"modified":"2021-08-27T10:43:00","modified_gmt":"2021-08-27T08:43:00","slug":"grupos-burbuja-para-el-depende-de-ti-2021","status":"publish","type":"post","link":"https:\/\/juzbado.es\/nuevaweb\/2021\/08\/27\/grupos-burbuja-para-el-depende-de-ti-2021\/","title":{"rendered":"GRUPOS BURBUJA PARA EL DEPENDE DE TI 2021"},"content":{"rendered":"<p style=\"text-align: justify;\"><span style=\"font-family: arial;\"><span style=\"font-size: medium;\">El programa de envejecimiento activo de<br \/>\nla Diputaci\u00f3n de Salamanca remata sus sesiones juzbadinas que se han celebrado durante los meses de junio, julio y agosto.&nbsp; La participaci\u00f3n ha sido numerosa, asistiendo una media de 10 personas por sesi\u00f3n. A consecuencia de la Covid y a diferencia de la <a href=\"https:\/\/juzbado.blogspot.com\/2021\/06\/una-nueva-edicion-del-depende-de-ti.html\" target=\"_blank\">ediciones anteriores<\/a>, en esta edici\u00f3n se ha creado un grupo burbuja con un \u00fanico monitor para todas las<br \/>\nactividades.&nbsp; La gran mayor\u00eda se han celebrado en el amplio sal\u00f3n de actos con que cuenta el Ayuntamiento y han tratado cuestiones como la <\/span><span style=\"font-size: medium;\">inteligencia emocional, la relaci\u00f3n<br \/>\ndel ser humano con el medio ambiente, ejercicios para el mantenimiento de la memoria o la preparaci\u00f3n para evitar fraudes.&nbsp; De entre todas ellas la gimnasia ha sido la actividad m\u00e1s celebrada.&nbsp;&nbsp;<\/span><\/span><\/p>\n<p style=\"text-align: justify;\"><span style=\"font-family: arial;\"><span style=\"font-size: medium;\">Seg\u00fan Faustino Iglesias, presidente de la <a href=\"https:\/\/juzbado.blogspot.com\/p\/asociaciones.html\" target=\"_blank\">Asociaci\u00f3n de Mayores de Juzba<\/a>do \u00ablos vecinos se han mostrado muy satisfechos con las actividades programadas y tambi\u00e9n con el profesor que han tenido\u00bb.<\/span><\/span><span style=\"font-family: arial;\"><span style=\"font-size: medium;\"><span style=\"font-family: arial;\"><span style=\"font-size: medium;\"> <\/span><\/span><\/span><\/span><\/p>\n<p><span style=\"font-family: arial;\"><span style=\"font-size: medium;\"><span style=\"font-family: arial;\"><\/p>\n<table align=\"center\" cellpadding=\"0\" cellspacing=\"0\" style=\"margin-left: auto; margin-right: auto;\">\n<tbody>\n<tr>\n<td style=\"text-align: center;\"><a href=\"https:\/\/blogger.googleusercontent.com\/img\/b\/R29vZ2xl\/AVvXsEh2r0IGapVufAHX5L1ozG7-uNXVKgwzyLanH-R843nVeLjXu1xyTRYHndO-1OQGJhxJpnoorawW7A5mu5dEBEM0MqYNKuQ6L6XztAarnfthU6iN7pwBka3U_fugJ1EXwZzem-VykcATYpg\/s624\/Juzbado+depende+de+ti+2021.jpg\" style=\"margin-left: auto; margin-right: auto;\"><img loading=\"lazy\" decoding=\"async\" alt=\"Juzbado\" border=\"0\" data-original-height=\"385\" data-original-width=\"624\" height=\"394\" src=\"https:\/\/blogger.googleusercontent.com\/img\/b\/R29vZ2xl\/AVvXsEh2r0IGapVufAHX5L1ozG7-uNXVKgwzyLanH-R843nVeLjXu1xyTRYHndO-1OQGJhxJpnoorawW7A5mu5dEBEM0MqYNKuQ6L6XztAarnfthU6iN7pwBka3U_fugJ1EXwZzem-VykcATYpg\/w640-h394\/Juzbado+depende+de+ti+2021.jpg\" title=\"Juzbado\" width=\"640\" \/><\/a><\/td>\n<\/tr>\n<tr>\n<td style=\"text-align: center;\">En la foto las particpantes en la \u00faltima sesi\u00f3n. (foto cedida por F.I.)<\/td>\n<\/tr>\n<\/tbody>\n<\/table>\n<p><\/span><\/span><\/span><\/p>\n<p><span style=\"font-family: arial;\"><br \/><\/span><\/p>\n","protected":false},"excerpt":{"rendered":"<p>El programa de envejecimiento activo de la Diputaci\u00f3n de Salamanca remata sus sesiones juzbadinas que se han celebrado durante los meses de junio, julio y agosto.&nbsp; La participaci\u00f3n ha sido numerosa, asistiendo una media de 10 personas por sesi\u00f3n. A consecuencia de la Covid y a diferencia de la ediciones anteriores, en esta edici\u00f3n se [&hellip;]<\/p>\n","protected":false},"author":2,"featured_media":0,"comment_status":"open","ping_status":"open","sticky":false,"template":"","format":"standard","meta":{"saved_in_kubio":false,"footnotes":""},"categories":[573,342,6,59,55,144,381,139],"tags":[],"class_list":["post-276","post","type-post","status-publish","format-standard","hentry","category-573","category-agosto","category-asociacion-de-mayores","category-depende-de-ti","category-diputacion-de-salamanca","category-julio","category-junio","category-verano"],"_links":{"self":[{"href":"https:\/\/juzbado.es\/nuevaweb\/wp-json\/wp\/v2\/posts\/276","targetHints":{"allow":["GET"]}}],"collection":[{"href":"https:\/\/juzbado.es\/nuevaweb\/wp-json\/wp\/v2\/posts"}],"about":[{"href":"https:\/\/juzbado.es\/nuevaweb\/wp-json\/wp\/v2\/types\/post"}],"author":[{"embeddable":true,"href":"https:\/\/juzbado.es\/nuevaweb\/wp-json\/wp\/v2\/users\/2"}],"replies":[{"embeddable":true,"href":"https:\/\/juzbado.es\/nuevaweb\/wp-json\/wp\/v2\/comments?post=276"}],"version-history":[{"count":0,"href":"https:\/\/juzbado.es\/nuevaweb\/wp-json\/wp\/v2\/posts\/276\/revisions"}],"wp:attachment":[{"href":"https:\/\/juzbado.es\/nuevaweb\/wp-json\/wp\/v2\/media?parent=276"}],"wp:term":[{"taxonomy":"category","embeddable":true,"href":"https:\/\/juzbado.es\/nuevaweb\/wp-json\/wp\/v2\/categories?post=276"},{"taxonomy":"post_tag","embeddable":true,"href":"https:\/\/juzbado.es\/nuevaweb\/wp-json\/wp\/v2\/tags?post=276"}],"curies":[{"name":"wp","href":"https:\/\/api.w.org\/{rel}","templated":true}]}}