{"id":277,"date":"2021-08-27T10:31:00","date_gmt":"2021-08-27T08:31:00","guid":{"rendered":"http:\/\/juzbado.es\/nuevaweb\/2021\/08\/27\/arte-en-verano-2021-finaliza-con-exito\/"},"modified":"2021-08-27T10:31:00","modified_gmt":"2021-08-27T08:31:00","slug":"arte-en-verano-2021-finaliza-con-exito","status":"publish","type":"post","link":"https:\/\/juzbado.es\/nuevaweb\/2021\/08\/27\/arte-en-verano-2021-finaliza-con-exito\/","title":{"rendered":"ARTE EN VERANO 2021 FINALIZA CON \u00c9XITO"},"content":{"rendered":"<p style=\"text-align: justify;\"><span style=\"font-family: arial;\"><span style=\"font-size: medium;\">El programa estival de arte en verano concluye <a href=\"https:\/\/juzbado.blogspot.com\/2018\/08\/arte-en-verano-2018.html\" target=\"_blank\">un a\u00f1o m\u00e1s<\/a><br \/>\n con \u00e9xito de participaci\u00f3n y consolidaci\u00f3n entre las familias de<br \/>\nJuzbado.&nbsp; En esta ocasi\u00f3n, ante la demanda de actividades por parte de<br \/>\nlos vecinos de Juzbado, se ha tenido que prorrogar.&nbsp; La propuesta<br \/>\nic\u00f3nica y decana de intervenci\u00f3n art\u00edstica en el espacio p\u00fablico <a href=\"https:\/\/juzbado.blogspot.com\/2021\/07\/arte-en-verano-2021.html\" target=\"_blank\">arranc\u00f3 en julio con la previsi\u00f3n de clausura a finales de mes<\/a>.&nbsp; Tras las obras<br \/>\n art\u00edsticas emprendidas y la buena acogida durante las ma\u00f1anas de los<br \/>\nmi\u00e9rcoles y viernes, el Ayuntamiento decidi\u00f3 alargar esta edici\u00f3n unas<br \/>\njornadas adicionales.&nbsp; Ello ha permitido que los m\u00e1s peque\u00f1os pudieran<br \/>\nrematar una oca gigante ubicada en la plaza de la iglesia gracias a la<br \/>\ncoordinaci\u00f3n de la <a href=\"https:\/\/juzbado.blogspot.com\/p\/contacto_28.html\" target=\"_blank\">Oficina de Desarrollo local<\/a> y la direcci\u00f3n de la pintora y profesora: Montserrat Gonz\u00e1lez.&nbsp;&nbsp;<\/span><\/span><\/p>\n<p style=\"text-align: justify;\"><span style=\"font-family: arial;\"><span style=\"font-size: medium;\">Durante<br \/>\n las primeras jornadas de arte en verano 2021 se pintaron las vallas del<br \/>\n municipio -que ya se utilizan en obras y trabajos varios que se<br \/>\ndesarrollan estos d\u00edas en el entorno urbano de Juzbado- y el pavimento<br \/>\nde la plaza de la iglesia de Juzbado.<br \/>Ya son m\u00e1s de 10 a\u00f1os<br \/>\nexperimentando con los m\u00e1s peque\u00f1os en torno a la expresi\u00f3n art\u00edstica y<br \/>\nla intervenci\u00f3n en los espacios p\u00fablicos.&nbsp; Desde aquellas primeras<br \/>\nediciones en las que se pintaron todas las <a href=\"https:\/\/juzbado.blogspot.com\/2019\/07\/arte-en-verano-2019.html\" target=\"_blank\">papeleras de Juzbado<\/a><br \/>\n hasta los mandalas y juegos en la plaza, las posibilidades son<br \/>\nilimitadas para la brigada de peque\u00f1os artistas:&nbsp; bancos, farolas,<br \/>\nmuros, alcantarillas, escudos, paradas de autob\u00fas, regantes, etc\u2026. todos<br \/>\n ellos son parte ya de nuestro legado art\u00edstico fruto de la imaginaci\u00f3n y<br \/>\n entusiasmo de los m\u00e1s peque\u00f1os.<br \/>La implicaci\u00f3n de familias y j\u00f3venes<br \/>\n en Arte en Verano se complementa con la creaci\u00f3n de grandes murales al<br \/>\naire libre que jalonan las calles y alrededores de Juzbado y que<br \/>\nconforman una de las galer\u00edas m\u00e1s relevantes y visitadas de la<br \/>\nprovincia.&nbsp; Tambi\u00e9n hay que destacar las obras de arte que salpican<br \/>\nalgunos de los rincones m\u00e1s singulares del municipio como son el <a href=\"https:\/\/juzbado.blogspot.com\/2017\/07\/hephaistos-71-continua-creciendo.html\" target=\"_blank\">\u00c1rbol del Tiempo de Fernando S\u00e1nchez Blanco<\/a> o el \u00c1rbol de la m\u00fasica del artista local Juan Antonio Mateos Polo.&nbsp; Las placas de poes\u00eda del <a href=\"https:\/\/juzbado.blogspot.com\/p\/libro-abierto.html\" target=\"_blank\">Libro Abierto<\/a> o las grandes propuestas de divulgaci\u00f3n geol\u00f3gico o bot\u00e1nica como son el <a href=\"http:\/\/www.museodelafalla.com\/\" target=\"_blank\">Museo de la Falla<\/a> o el Centro Bot\u00e1nico convierten a Juzbado en un pueblo con una oferta cultural destacada.<\/span><\/span><\/p>\n<table align=\"center\" cellpadding=\"0\" cellspacing=\"0\" style=\"margin-left: auto; margin-right: auto;\">\n<tbody>\n<tr>\n<td style=\"text-align: center;\"><a href=\"https:\/\/blogger.googleusercontent.com\/img\/b\/R29vZ2xl\/AVvXsEiJpCBMBXn8HEcGu_z0lp1wzBRWXLmmkJEowf6msgbngf-33zD5IJBsY2FWBk862rjPri9hHjIFvD5NegdHSDUxlqBUPhBGPE7X5DbiebtMQMbnpJ9FaFkYRUaNtikJxBkZzZOJ1EnL3nRe\/s1600\/JUBZADO+ARTE+EN+VERANO+2021.jpeg\" style=\"margin-left: auto; margin-right: auto;\"><img loading=\"lazy\" decoding=\"async\" alt=\"Juzbado arte en verano 2021\" border=\"0\" data-original-height=\"738\" data-original-width=\"1600\" height=\"296\" src=\"https:\/\/blogger.googleusercontent.com\/img\/b\/R29vZ2xl\/AVvXsEiJpCBMBXn8HEcGu_z0lp1wzBRWXLmmkJEowf6msgbngf-33zD5IJBsY2FWBk862rjPri9hHjIFvD5NegdHSDUxlqBUPhBGPE7X5DbiebtMQMbnpJ9FaFkYRUaNtikJxBkZzZOJ1EnL3nRe\/w640-h296\/JUBZADO+ARTE+EN+VERANO+2021.jpeg\" title=\"Juzbado arte en verano 2021\" width=\"640\" \/><\/a><\/td>\n<\/tr>\n<tr>\n<td style=\"text-align: center;\">Peque\u00f1os participantes durante el proceso de creaci\u00f3n de una oca gigante en la plaza (Foto: M.G.)<\/td>\n<\/tr>\n<\/tbody>\n<\/table>\n<p><span style=\"font-family: arial;\"><span style=\"font-size: medium;\"><br \/>&nbsp;<\/span><\/span><\/p>\n","protected":false},"excerpt":{"rendered":"<p>El programa estival de arte en verano concluye un a\u00f1o m\u00e1s con \u00e9xito de participaci\u00f3n y consolidaci\u00f3n entre las familias de Juzbado.&nbsp; En esta ocasi\u00f3n, ante la demanda de actividades por parte de los vecinos de Juzbado, se ha tenido que prorrogar.&nbsp; La propuesta ic\u00f3nica y decana de intervenci\u00f3n art\u00edstica en el espacio p\u00fablico arranc\u00f3 [&hellip;]<\/p>\n","protected":false},"author":2,"featured_media":0,"comment_status":"open","ping_status":"open","sticky":false,"template":"","format":"standard","meta":{"saved_in_kubio":false,"footnotes":""},"categories":[573,342,160,324,144,162,165,168,139],"tags":[],"class_list":["post-277","post","type-post","status-publish","format-standard","hentry","category-573","category-agosto","category-arte-en-verano","category-infancia","category-julio","category-montserrat-gonzalez","category-pequeclub","category-pequeteca","category-verano"],"_links":{"self":[{"href":"https:\/\/juzbado.es\/nuevaweb\/wp-json\/wp\/v2\/posts\/277","targetHints":{"allow":["GET"]}}],"collection":[{"href":"https:\/\/juzbado.es\/nuevaweb\/wp-json\/wp\/v2\/posts"}],"about":[{"href":"https:\/\/juzbado.es\/nuevaweb\/wp-json\/wp\/v2\/types\/post"}],"author":[{"embeddable":true,"href":"https:\/\/juzbado.es\/nuevaweb\/wp-json\/wp\/v2\/users\/2"}],"replies":[{"embeddable":true,"href":"https:\/\/juzbado.es\/nuevaweb\/wp-json\/wp\/v2\/comments?post=277"}],"version-history":[{"count":0,"href":"https:\/\/juzbado.es\/nuevaweb\/wp-json\/wp\/v2\/posts\/277\/revisions"}],"wp:attachment":[{"href":"https:\/\/juzbado.es\/nuevaweb\/wp-json\/wp\/v2\/media?parent=277"}],"wp:term":[{"taxonomy":"category","embeddable":true,"href":"https:\/\/juzbado.es\/nuevaweb\/wp-json\/wp\/v2\/categories?post=277"},{"taxonomy":"post_tag","embeddable":true,"href":"https:\/\/juzbado.es\/nuevaweb\/wp-json\/wp\/v2\/tags?post=277"}],"curies":[{"name":"wp","href":"https:\/\/api.w.org\/{rel}","templated":true}]}}