{"id":28,"date":"2024-11-11T13:06:00","date_gmt":"2024-11-11T12:06:00","guid":{"rendered":"http:\/\/juzbado.es\/nuevaweb\/2024\/11\/11\/talleres-de-salud-en-la-comarca\/"},"modified":"2024-11-11T13:06:00","modified_gmt":"2024-11-11T12:06:00","slug":"talleres-de-salud-en-la-comarca","status":"publish","type":"post","link":"https:\/\/juzbado.es\/nuevaweb\/2024\/11\/11\/talleres-de-salud-en-la-comarca\/","title":{"rendered":"TALLERES DE SALUD EN LA COMARCA"},"content":{"rendered":"<p style=\"text-align: justify;\"><span style=\"font-family: arial;\">Iniciamos los talleres de salud en los<br \/>\npueblos de Juzbado, Almenara de Tormes y Valverd\u00f3n.&nbsp; Son encuentros<br \/>\nvecinales dirigidos a todos nuestros vecinos de la comarca para atender mejor<br \/>\nsus necesidades de salud.<span style=\"mso-spacerun: yes;\">&nbsp; <\/span>El m\u00e9dico de<br \/>\nfamilia Ignacio Casado ser\u00e1 la persona que coordine y celebre un encuentro mensual<br \/>\nen cada una de estas localidades.<span style=\"mso-spacerun: yes;\">&nbsp; <\/span>Tras<br \/>\nla celebraci\u00f3n del primer encuentro el 6 de noviembre en Almenara de Tormes, la<br \/>\npr\u00f3xima cita ser\u00e1 en <b>Juzbado el 4 de noviembre (mi\u00e9rcoles) a las 17:00 h. en el<br \/>\nsal\u00f3n del hogar. <\/b><span style=\"mso-spacerun: yes;\">&nbsp;<\/span><\/span><\/p>\n<p style=\"text-align: justify;\"><span style=\"font-family: arial;\">Mientras tanto, hemos habilitado un<br \/>\n<a href=\"https:\/\/forms.gle\/pfNvxs7oqPFwjiR96\" target=\"_blank\">FORMULARIO ONLINE<\/a> para que todas aquellas personas interesadas puedan indicarnos<br \/>\nqu\u00e9 temas son m\u00e1s relevantes para tratar en las sesiones de salud.<span style=\"mso-spacerun: yes;\">&nbsp; <\/span>Son los contenidos de la Gu\u00eda pr\u00e1ctica de la<br \/>\nsalud realizada por la <a href=\"https:\/\/www.semfyc.es\/\" target=\"_blank\">Sociedad Espa\u00f1ola de Medicina de Familia y Comunitaria<\/a><br \/>\n(semFYC). Con la participaci\u00f3n en el <a href=\"https:\/\/forms.gle\/pfNvxs7oqPFwjiR96\">FORMULARIO ONLINE<\/a> se podr\u00e1n seleccionar y abordar<br \/>\naquellas cuestiones y tem\u00e1ticas de salud que m\u00e1s interesan. La encuesta es<br \/>\nTOTALMENTE AN\u00d3NIMA y los resultados se utilizar\u00e1n \u00daNICA Y EXCLUSIVAMENTE para<br \/>\nlos fines anteriormente indicados.<\/span><\/p>\n<p style=\"text-align: justify;\"><span style=\"font-family: arial;\"><\/span><\/p>\n<div style=\"clear: both; text-align: center;\"><a href=\"https:\/\/forms.gle\/pfNvxs7oqPFwjiR96\" style=\"margin-left: 1em; margin-right: 1em;\" target=\"_blank\"><img loading=\"lazy\" decoding=\"async\" alt=\"Juzbado, Taller de salud, Ignacio Casado, M\u00e9dico de familia, Nuestro m\u00e9dico se queda, semFYC, cuestionario, formulario, noviembre 2024, 2024\" border=\"0\" data-original-height=\"158\" data-original-width=\"1116\" height=\"90\" src=\"https:\/\/blogger.googleusercontent.com\/img\/b\/R29vZ2xl\/AVvXsEiWJuFoE_OouFMLj6Q-xW_5Cm7rj2CCFEEeIFqbuj_w7mE2xwPW0cmrPQGHEEz-hQGg-M3cher2hljtopreMqy-R3_OgjEKUGhIW5x7AEZ9wXkkheJQFK6FQC0otbM3ZIbIALuxQzaNZnvzEyF0eVCWdGEsglocH64BlkyDu3dK_4WIK8bj3LlbSxzJT2w\/w640-h90\/Imagen2.jpg\" title=\"Juzbado, Taller de salud, Ignacio Casado, M\u00e9dico de familia, Nuestro m\u00e9dico se queda, semFYC, cuestionario, formulario, noviembre 2024, 2024\" width=\"640\" \/><\/a><\/div>\n<p>&nbsp;<\/p>\n","protected":false},"excerpt":{"rendered":"<p>Iniciamos los talleres de salud en los pueblos de Juzbado, Almenara de Tormes y Valverd\u00f3n.&nbsp; Son encuentros vecinales dirigidos a todos nuestros vecinos de la comarca para atender mejor sus necesidades de salud.&nbsp; El m\u00e9dico de familia Ignacio Casado ser\u00e1 la persona que coordine y celebre un encuentro mensual en cada una de estas localidades.&nbsp; [&hellip;]<\/p>\n","protected":false},"author":2,"featured_media":0,"comment_status":"open","ping_status":"open","sticky":false,"template":"","format":"standard","meta":{"saved_in_kubio":false,"footnotes":""},"categories":[43,97,93,94,96,79,91,92,95],"tags":[],"class_list":["post-28","post","type-post","status-publish","format-standard","hentry","category-43","category-cuestionario","category-formulario","category-ignacio-casado","category-medico-de-familia","category-noviembre-2024","category-nuestro-medico-se-queda","category-semfyc","category-taller-de-salud"],"_links":{"self":[{"href":"https:\/\/juzbado.es\/nuevaweb\/wp-json\/wp\/v2\/posts\/28","targetHints":{"allow":["GET"]}}],"collection":[{"href":"https:\/\/juzbado.es\/nuevaweb\/wp-json\/wp\/v2\/posts"}],"about":[{"href":"https:\/\/juzbado.es\/nuevaweb\/wp-json\/wp\/v2\/types\/post"}],"author":[{"embeddable":true,"href":"https:\/\/juzbado.es\/nuevaweb\/wp-json\/wp\/v2\/users\/2"}],"replies":[{"embeddable":true,"href":"https:\/\/juzbado.es\/nuevaweb\/wp-json\/wp\/v2\/comments?post=28"}],"version-history":[{"count":0,"href":"https:\/\/juzbado.es\/nuevaweb\/wp-json\/wp\/v2\/posts\/28\/revisions"}],"wp:attachment":[{"href":"https:\/\/juzbado.es\/nuevaweb\/wp-json\/wp\/v2\/media?parent=28"}],"wp:term":[{"taxonomy":"category","embeddable":true,"href":"https:\/\/juzbado.es\/nuevaweb\/wp-json\/wp\/v2\/categories?post=28"},{"taxonomy":"post_tag","embeddable":true,"href":"https:\/\/juzbado.es\/nuevaweb\/wp-json\/wp\/v2\/tags?post=28"}],"curies":[{"name":"wp","href":"https:\/\/api.w.org\/{rel}","templated":true}]}}