{"id":282,"date":"2021-07-20T13:10:00","date_gmt":"2021-07-20T11:10:00","guid":{"rendered":"http:\/\/juzbado.es\/nuevaweb\/2021\/07\/20\/noches-de-cultura-2021\/"},"modified":"2021-07-20T13:10:00","modified_gmt":"2021-07-20T11:10:00","slug":"noches-de-cultura-2021","status":"publish","type":"post","link":"https:\/\/juzbado.es\/nuevaweb\/2021\/07\/20\/noches-de-cultura-2021\/","title":{"rendered":"NOCHES DE CULTURA 2021"},"content":{"rendered":"<p style=\"text-align: justify;\"><span style=\"font-size: medium;\"><span style=\"font-family: arial;\">El municipio de Juzbado celebra las Noches de Cultura<br \/>\ndurante los d\u00edas 30 y 31 de Julio y 1 de Agosto.<span>&nbsp; <\/span>El programa cultural se repartir\u00e1 a lo largo<br \/>\nde 3 d\u00edas y consistir\u00e1 en 3 espect\u00e1culos nocturnos en la Plaza de la Iglesia.<span>&nbsp; <\/span>El viernes 30 de julio a partir de las 22:30 h.<br \/>\npodremos disfrutar de una pel\u00edcula al aire libre: <a href=\"https:\/\/www.youtube.com\/watch?v=mb79ctR-E-c\" target=\"_blank\">El Rey Le\u00f3n<\/a>, de Jon Favreau<br \/>\n(TP).<span>&nbsp; <\/span>El s\u00e1bado 31 el grupo de m\u00fasica de<br \/>\nra\u00edz \u201c<a href=\"http:\/\/folkoncrest.net\/lonxe\/\" target=\"_blank\"><i>Folk on Crest<\/i><\/a>\u201d pondr\u00e1 el toque musical del fin de semana a partir de las<br \/>\n22:30 h. en la plaza de la iglesia.<span>&nbsp; <\/span>Y,<br \/>\npor \u00faltimo, el domingo 1 de julio la compa\u00f1\u00eda<a href=\"https:\/\/losabsurdosteatro.com\/\" target=\"_blank\"> Los Absurdos Teatro<\/a> representar\u00e1 \u201cA<br \/>\nprotestar a Gran V\u00eda\u201d.<span>&nbsp; <\/span>Noches de cultura<br \/>\nes un programa cultural financiado por la Diputaci\u00f3n de Salamanca.<\/span><\/span><\/p>\n<p style=\"text-align: justify;\"><span style=\"font-size: medium;\"><span style=\"font-family: arial;\"><\/span><\/span><\/p>\n<div style=\"clear: both; text-align: center;\"><span style=\"font-size: medium;\"><a href=\"https:\/\/blogger.googleusercontent.com\/img\/b\/R29vZ2xl\/AVvXsEgQ2dBZfFITwLHnTwfB4B9xAUm2NmjSvxPx7LFTWOmajdw_dd7hRD_nYI9TVlZrdkYhjEOx1LQMj3q75H2aXwIatIRbIP6dRtNRJYjiy4M0MFeaj-sJctKz7TDRywJTNyWTzTSpZKnOxlE\/s2048\/noches+de+cultura+2021.jpg\" style=\"margin-left: 1em; margin-right: 1em;\"><img loading=\"lazy\" decoding=\"async\" border=\"0\" data-original-height=\"2048\" data-original-width=\"1448\" height=\"640\" src=\"https:\/\/blogger.googleusercontent.com\/img\/b\/R29vZ2xl\/AVvXsEgQ2dBZfFITwLHnTwfB4B9xAUm2NmjSvxPx7LFTWOmajdw_dd7hRD_nYI9TVlZrdkYhjEOx1LQMj3q75H2aXwIatIRbIP6dRtNRJYjiy4M0MFeaj-sJctKz7TDRywJTNyWTzTSpZKnOxlE\/w452-h640\/noches+de+cultura+2021.jpg\" width=\"452\" \/><\/a><\/span><\/div>\n<p><span style=\"font-size: medium;\"><br \/>&nbsp;<\/span><\/p>\n","protected":false},"excerpt":{"rendered":"<p>El municipio de Juzbado celebra las Noches de Cultura durante los d\u00edas 30 y 31 de Julio y 1 de Agosto.&nbsp; El programa cultural se repartir\u00e1 a lo largo de 3 d\u00edas y consistir\u00e1 en 3 espect\u00e1culos nocturnos en la Plaza de la Iglesia.&nbsp; El viernes 30 de julio a partir de las 22:30 h. [&hellip;]<\/p>\n","protected":false},"author":2,"featured_media":0,"comment_status":"open","ping_status":"open","sticky":false,"template":"","format":"standard","meta":{"saved_in_kubio":false,"footnotes":""},"categories":[342,371,55,144,86,374,598,470],"tags":[],"class_list":["post-282","post","type-post","status-publish","format-standard","hentry","category-agosto","category-cine","category-diputacion-de-salamanca","category-julio","category-musica","category-noches-de-cultura","category-plaza-de-la-iglesia","category-teatro"],"_links":{"self":[{"href":"https:\/\/juzbado.es\/nuevaweb\/wp-json\/wp\/v2\/posts\/282","targetHints":{"allow":["GET"]}}],"collection":[{"href":"https:\/\/juzbado.es\/nuevaweb\/wp-json\/wp\/v2\/posts"}],"about":[{"href":"https:\/\/juzbado.es\/nuevaweb\/wp-json\/wp\/v2\/types\/post"}],"author":[{"embeddable":true,"href":"https:\/\/juzbado.es\/nuevaweb\/wp-json\/wp\/v2\/users\/2"}],"replies":[{"embeddable":true,"href":"https:\/\/juzbado.es\/nuevaweb\/wp-json\/wp\/v2\/comments?post=282"}],"version-history":[{"count":0,"href":"https:\/\/juzbado.es\/nuevaweb\/wp-json\/wp\/v2\/posts\/282\/revisions"}],"wp:attachment":[{"href":"https:\/\/juzbado.es\/nuevaweb\/wp-json\/wp\/v2\/media?parent=282"}],"wp:term":[{"taxonomy":"category","embeddable":true,"href":"https:\/\/juzbado.es\/nuevaweb\/wp-json\/wp\/v2\/categories?post=282"},{"taxonomy":"post_tag","embeddable":true,"href":"https:\/\/juzbado.es\/nuevaweb\/wp-json\/wp\/v2\/tags?post=282"}],"curies":[{"name":"wp","href":"https:\/\/api.w.org\/{rel}","templated":true}]}}