{"id":287,"date":"2021-06-07T15:38:00","date_gmt":"2021-06-07T13:38:00","guid":{"rendered":"http:\/\/juzbado.es\/nuevaweb\/2021\/06\/07\/una-nueva-edicion-del-depende-de-ti\/"},"modified":"2021-06-07T15:38:00","modified_gmt":"2021-06-07T13:38:00","slug":"una-nueva-edicion-del-depende-de-ti","status":"publish","type":"post","link":"https:\/\/juzbado.es\/nuevaweb\/2021\/06\/07\/una-nueva-edicion-del-depende-de-ti\/","title":{"rendered":"UNA NUEVA EDICI\u00d3N DEL DEPENDE DE TI"},"content":{"rendered":"<p style=\"text-align: justify;\"><span style=\"font-family: arial;\"><span style=\"font-size: medium;\">Tras el par\u00f3n que ha supuesto la pandemia y el confinamiento<br \/>\nde 2020, <\/span><\/span><span style=\"font-family: arial;\"><span style=\"font-size: medium;\">se vuelven a celebrar <\/span><\/span><span style=\"font-family: arial;\"><span style=\"font-size: medium;\">los programas de envejecimiento activo de la Diputaci\u00f3n de Salamanca.<span>&nbsp; <\/span>Se trata de una<br \/>\napuesta por volver a la normalidad que durante el \u00faltimo a\u00f1o ha mermado, especialmente<br \/>\nen nuestros mayores, las posibilidades de interacci\u00f3n social y de pr\u00e1ctica de ejercicios<br \/>\nsaludables.<\/span><\/span><\/p>\n<div style=\"text-align: justify;\"><span style=\"font-family: arial;\"><span style=\"font-size: medium;\"><\/p>\n<p><\/span><\/span><\/div>\n<p style=\"text-align: justify;\"><span style=\"font-family: arial;\"><span style=\"font-size: medium;\">Tras varias reuniones con la <a href=\"http:\/\/www.dipsanet.es\/\" target=\"_blank\">Diputaci\u00f3n de Salamanca<\/a> en la<br \/>\nque tambi\u00e9n ha participado activamente la <a href=\"https:\/\/juzbado.blogspot.com\/p\/asociaciones.html\" target=\"_blank\">Asociaci\u00f3n de Mayores de Juzbado<\/a>, se<br \/>\nha puesto de nuevo en marcha el programa pendiente de ejecutar titulado \u201cDepende<br \/>\nde ti\u201d.<span>&nbsp; <\/span><span>&nbsp;<\/span>Los talleres gratuitos dirigidos a poblaci\u00f3n<br \/>\ncon edades por encima de 60 a\u00f1os, se celebrar\u00e1n durante los meses de Junio,<br \/>\nJulio y Agosto.<span>&nbsp; <\/span>Este a\u00f1o, como novedades,<br \/>\ncaben destacar algunas cuestiones.<span>&nbsp; <\/span>En<br \/>\nprimer lugar los espacios de encuentro de nuestros mayores ser\u00e1n<br \/>\nespec\u00edficamente en el sal\u00f3n de actos por cumplir con las medidas previstas por<br \/>\nla Diputaci\u00f3n (espacio amplio, ventilado y con varias entradas) o al aire libre.<span>&nbsp;&nbsp;<\/span><\/span><\/span><\/p>\n<p style=\"text-align: justify;\"><span style=\"font-family: arial;\"><span style=\"font-size: medium;\"><span><\/span>Adem\u00e1s, las personas encargadas de<br \/>\ndesarrollar la programaci\u00f3n (monitores) ser\u00e1n las mismas en cada pueblo,<br \/>\nreduciendo las probabilidades de interacci\u00f3n con diferentes grupos.<span>&nbsp; <\/span>As\u00ed mismo, los temas a tratar en esta edici\u00f3n<br \/>\nson variopintos.<span>&nbsp; <\/span>La gimnasia se mantiene<br \/>\n(22 sesiones previstas) pero se complementa con temas variados como la<br \/>\nformaci\u00f3n para detectar fraudes, Medio Ambiente, la inteligencia emocional, la gesti\u00f3n administrativa,<br \/>\nla memoria o la danzaterapia.<span>&nbsp; <\/span>Tambi\u00e9n se<br \/>\ncelebrar\u00e1n dos paseos saludables por nuestro municipio.<span>&nbsp; <\/span>Desde aqu\u00ed queremos animar a nuestros mayores<br \/>\na participar y agradecer a la Asociaci\u00f3n de Mayores su buena disposici\u00f3n para<br \/>\nla coordinaci\u00f3n de estos programas con la Diputaci\u00f3n de Salamanca a trav\u00e9s del<br \/>\n<a href=\"http:\/\/www.lasalina.es\/Aplicaciones\/GestorInter.jsp?prestacion=Cipublico&amp;funcion=MuestraInformacionCeas0&amp;codCeas=6\" target=\"_blank\">CEAS de Ledesma<\/a>.<\/span><\/span><\/p>\n<p style=\"text-align: justify;\"><span style=\"font-family: arial;\"><span style=\"font-size: medium;\"><\/span><\/span><\/p>\n<table align=\"center\" cellpadding=\"0\" cellspacing=\"0\" style=\"margin-left: auto; margin-right: auto;\">\n<tbody>\n<tr>\n<td style=\"text-align: center;\"><a href=\"https:\/\/blogger.googleusercontent.com\/img\/b\/R29vZ2xl\/AVvXsEirW8K35QmVJ6oCOXNrOgYY5n3ifJaZz16X4_x8a0809gUIMmgFeMfQWuMFjDvrwS9mLh_Zm7AG6nad5qqWppAbQSOIqr7E8sHypbw5Qz6O5WkumURChW6q5R8YzOydUNomucOB8EcR-Oc\/s1754\/CARTEL+DIFUSI%25C3%2593N+whatsapp.jpg\" style=\"margin-left: auto; margin-right: auto;\"><img loading=\"lazy\" decoding=\"async\" alt=\"Juzbado\" border=\"0\" data-original-height=\"1754\" data-original-width=\"1754\" height=\"640\" src=\"https:\/\/blogger.googleusercontent.com\/img\/b\/R29vZ2xl\/AVvXsEirW8K35QmVJ6oCOXNrOgYY5n3ifJaZz16X4_x8a0809gUIMmgFeMfQWuMFjDvrwS9mLh_Zm7AG6nad5qqWppAbQSOIqr7E8sHypbw5Qz6O5WkumURChW6q5R8YzOydUNomucOB8EcR-Oc\/w640-h640\/CARTEL+DIFUSI%25C3%2593N+whatsapp.jpg\" title=\"Juzbado\" width=\"640\" \/><\/a><\/td>\n<\/tr>\n<tr>\n<td style=\"text-align: center;\">La programaci\u00f3n del DEPENDE DE TI en Juzbado a lo largo de 3 meses.<\/td>\n<\/tr>\n<\/tbody>\n<\/table>\n<p><span style=\"font-family: arial;\"><span style=\"font-size: medium;\"><br \/>&nbsp;<\/span><\/span><\/p>\n","protected":false},"excerpt":{"rendered":"<p>Tras el par\u00f3n que ha supuesto la pandemia y el confinamiento de 2020, se vuelven a celebrar los programas de envejecimiento activo de la Diputaci\u00f3n de Salamanca.&nbsp; Se trata de una apuesta por volver a la normalidad que durante el \u00faltimo a\u00f1o ha mermado, especialmente en nuestros mayores, las posibilidades de interacci\u00f3n social y de [&hellip;]<\/p>\n","protected":false},"author":2,"featured_media":0,"comment_status":"open","ping_status":"open","sticky":false,"template":"","format":"standard","meta":{"saved_in_kubio":false,"footnotes":""},"categories":[6,83,59,55,381],"tags":[],"class_list":["post-287","post","type-post","status-publish","format-standard","hentry","category-asociacion-de-mayores","category-ceas","category-depende-de-ti","category-diputacion-de-salamanca","category-junio"],"_links":{"self":[{"href":"https:\/\/juzbado.es\/nuevaweb\/wp-json\/wp\/v2\/posts\/287","targetHints":{"allow":["GET"]}}],"collection":[{"href":"https:\/\/juzbado.es\/nuevaweb\/wp-json\/wp\/v2\/posts"}],"about":[{"href":"https:\/\/juzbado.es\/nuevaweb\/wp-json\/wp\/v2\/types\/post"}],"author":[{"embeddable":true,"href":"https:\/\/juzbado.es\/nuevaweb\/wp-json\/wp\/v2\/users\/2"}],"replies":[{"embeddable":true,"href":"https:\/\/juzbado.es\/nuevaweb\/wp-json\/wp\/v2\/comments?post=287"}],"version-history":[{"count":0,"href":"https:\/\/juzbado.es\/nuevaweb\/wp-json\/wp\/v2\/posts\/287\/revisions"}],"wp:attachment":[{"href":"https:\/\/juzbado.es\/nuevaweb\/wp-json\/wp\/v2\/media?parent=287"}],"wp:term":[{"taxonomy":"category","embeddable":true,"href":"https:\/\/juzbado.es\/nuevaweb\/wp-json\/wp\/v2\/categories?post=287"},{"taxonomy":"post_tag","embeddable":true,"href":"https:\/\/juzbado.es\/nuevaweb\/wp-json\/wp\/v2\/tags?post=287"}],"curies":[{"name":"wp","href":"https:\/\/api.w.org\/{rel}","templated":true}]}}