{"id":289,"date":"2021-06-07T15:07:00","date_gmt":"2021-06-07T13:07:00","guid":{"rendered":"http:\/\/juzbado.es\/nuevaweb\/2021\/06\/07\/el-cambio-climatico-a-debate-en-juzbado\/"},"modified":"2021-06-07T15:07:00","modified_gmt":"2021-06-07T13:07:00","slug":"el-cambio-climatico-a-debate-en-juzbado","status":"publish","type":"post","link":"https:\/\/juzbado.es\/nuevaweb\/2021\/06\/07\/el-cambio-climatico-a-debate-en-juzbado\/","title":{"rendered":"EL CAMBIO CLIM\u00c1TICO A DEBATE EN JUZBADO"},"content":{"rendered":"<p style=\"text-align: justify;\"><span style=\"font-family: arial;\"><span style=\"font-size: medium;\"><span dir=\"auto\">El<br \/>\n paleont\u00f3logo, ocean\u00f3grafo y profesor de la<a href=\"https:\/\/www.usal.es\/\" target=\"_blank\"> Universidad de Salamanca<\/a>,<br \/>\nJos\u00e9 Abel Flores, desgran\u00f3 con datos y la experiencia de m\u00e1s de 20<br \/>\nexpediciones a todos los oc\u00e9anos de la tierra, el cambio clim\u00e1tico que<br \/>\nest\u00e1 aconteciendo. Desde aqu\u00ed agradecemos la presencia de los vecinos<br \/>\nque le acompa\u00f1aron. Os mostramos unas im\u00e1genes:<\/span><\/span><\/span><\/p>\n<p style=\"text-align: justify;\"><span style=\"font-family: arial;\"><span style=\"font-size: medium;\"><span dir=\"auto\">&nbsp;<\/span><\/span><\/span><span style=\"font-family: arial;\"><span style=\"font-size: medium;\"><span dir=\"auto\"><\/span><\/span><\/span><\/p>\n<div style=\"clear: both; text-align: center;\"><span style=\"font-size: medium;\"><a href=\"https:\/\/blogger.googleusercontent.com\/img\/b\/R29vZ2xl\/AVvXsEj8z1vdMO_VQrcS-dElcXDEX_rAnMJXBD98RKONhY8JZPFf1Ss9hQLOxKb5aFfspqdlC5-Oga33DOIbSOGyqburMtPNn-WbXPsZ_n7BHvLLYpgWGPhGjWYkh5pwTqs2NcTUjIL_F2HPxJM\/s2048\/E3Ge0eAWEAA1bG_.jpg\" style=\"margin-left: 1em; margin-right: 1em;\"><img loading=\"lazy\" decoding=\"async\" alt=\"Juzbado\" border=\"0\" data-original-height=\"922\" data-original-width=\"2048\" height=\"288\" src=\"https:\/\/blogger.googleusercontent.com\/img\/b\/R29vZ2xl\/AVvXsEj8z1vdMO_VQrcS-dElcXDEX_rAnMJXBD98RKONhY8JZPFf1Ss9hQLOxKb5aFfspqdlC5-Oga33DOIbSOGyqburMtPNn-WbXPsZ_n7BHvLLYpgWGPhGjWYkh5pwTqs2NcTUjIL_F2HPxJM\/w640-h288\/E3Ge0eAWEAA1bG_.jpg\" title=\"Juzbado\" width=\"640\" \/><\/a><\/span><\/div>\n<\/p>\n<p style=\"text-align: justify;\"><span style=\"font-family: arial;\"><span style=\"font-size: medium;\"><span dir=\"auto\"><br \/><\/span><\/span><\/span><\/p>\n<div style=\"clear: both; text-align: center;\"><span style=\"font-size: medium;\"><a href=\"https:\/\/blogger.googleusercontent.com\/img\/b\/R29vZ2xl\/AVvXsEjLJyNmoRmHWnWsWmfwwcuDQbbTJgevw_sQweEOXSU0sTFD7bTT498MzlxaHIGG6eukqOWYtgrh7Ur_7n8-1-fzCDPVLtChrO42tyvth0Y0TEEalbIiuvsvLp3fjRB-wFNHze6Pt_7JYCs\/s2048\/E3Ge1MOXEAMKk-b.jpg\" style=\"margin-left: 1em; margin-right: 1em;\"><img loading=\"lazy\" decoding=\"async\" alt=\"Juzbado\" border=\"0\" data-original-height=\"1155\" data-original-width=\"2048\" height=\"360\" src=\"https:\/\/blogger.googleusercontent.com\/img\/b\/R29vZ2xl\/AVvXsEjLJyNmoRmHWnWsWmfwwcuDQbbTJgevw_sQweEOXSU0sTFD7bTT498MzlxaHIGG6eukqOWYtgrh7Ur_7n8-1-fzCDPVLtChrO42tyvth0Y0TEEalbIiuvsvLp3fjRB-wFNHze6Pt_7JYCs\/w640-h360\/E3Ge1MOXEAMKk-b.jpg\" title=\"Juzbado\" width=\"640\" \/><\/a><\/span><\/div><\/p>\n","protected":false},"excerpt":{"rendered":"<p>El paleont\u00f3logo, ocean\u00f3grafo y profesor de la Universidad de Salamanca, Jos\u00e9 Abel Flores, desgran\u00f3 con datos y la experiencia de m\u00e1s de 20 expediciones a todos los oc\u00e9anos de la tierra, el cambio clim\u00e1tico que est\u00e1 aconteciendo. Desde aqu\u00ed agradecemos la presencia de los vecinos que le acompa\u00f1aron. Os mostramos unas im\u00e1genes: &nbsp;<\/p>\n","protected":false},"author":2,"featured_media":0,"comment_status":"open","ping_status":"open","sticky":false,"template":"","format":"standard","meta":{"saved_in_kubio":false,"footnotes":""},"categories":[573,604,184,196,197],"tags":[],"class_list":["post-289","post","type-post","status-publish","format-standard","hentry","category-573","category-jose-abel-flores","category-mayo","category-provincia-universitaria","category-universidad-de-salamanca"],"_links":{"self":[{"href":"https:\/\/juzbado.es\/nuevaweb\/wp-json\/wp\/v2\/posts\/289","targetHints":{"allow":["GET"]}}],"collection":[{"href":"https:\/\/juzbado.es\/nuevaweb\/wp-json\/wp\/v2\/posts"}],"about":[{"href":"https:\/\/juzbado.es\/nuevaweb\/wp-json\/wp\/v2\/types\/post"}],"author":[{"embeddable":true,"href":"https:\/\/juzbado.es\/nuevaweb\/wp-json\/wp\/v2\/users\/2"}],"replies":[{"embeddable":true,"href":"https:\/\/juzbado.es\/nuevaweb\/wp-json\/wp\/v2\/comments?post=289"}],"version-history":[{"count":0,"href":"https:\/\/juzbado.es\/nuevaweb\/wp-json\/wp\/v2\/posts\/289\/revisions"}],"wp:attachment":[{"href":"https:\/\/juzbado.es\/nuevaweb\/wp-json\/wp\/v2\/media?parent=289"}],"wp:term":[{"taxonomy":"category","embeddable":true,"href":"https:\/\/juzbado.es\/nuevaweb\/wp-json\/wp\/v2\/categories?post=289"},{"taxonomy":"post_tag","embeddable":true,"href":"https:\/\/juzbado.es\/nuevaweb\/wp-json\/wp\/v2\/tags?post=289"}],"curies":[{"name":"wp","href":"https:\/\/api.w.org\/{rel}","templated":true}]}}