{"id":291,"date":"2021-06-01T09:28:00","date_gmt":"2021-06-01T07:28:00","guid":{"rendered":"http:\/\/juzbado.es\/nuevaweb\/2021\/06\/01\/cambio-climatico-origen-y-retos\/"},"modified":"2021-06-01T09:28:00","modified_gmt":"2021-06-01T07:28:00","slug":"cambio-climatico-origen-y-retos","status":"publish","type":"post","link":"https:\/\/juzbado.es\/nuevaweb\/2021\/06\/01\/cambio-climatico-origen-y-retos\/","title":{"rendered":"CAMBIO CLIM\u00c1TICO: ORIGEN Y RETOS"},"content":{"rendered":"<p style=\"text-align: justify;\"><span style=\"font-family: arial;\"><span style=\"font-size: medium;\">El viernes 4 de junio se celebra en Juzbado un encuentro<br \/>\npara hablar de Cambio Clim\u00e1tico.<span>&nbsp; <\/span>Se<br \/>\ntrata de la primera ocasi\u00f3n en que un experto compartir\u00e1 sus conocimientos en<br \/>\ntorno al fen\u00f3meno clim\u00e1tico con los vecinos de Juzbado. <span>&nbsp;<\/span>Se trata de <a href=\"https:\/\/oceano.usal.es\/flores\/\" target=\"_blank\">Jos\u00e9 Abel Flores<\/a>, catedr\u00e1tico de<br \/>\npaleontolog\u00eda en el <a href=\"http:\/\/campus.usal.es\/~geologia\/\" target=\"_blank\">Departamento de Geolog\u00eda<\/a> de la Facultad de Ciencias de la<br \/>\n<a href=\"https:\/\/www.usal.es\/\" target=\"_blank\">Universidad de Salamanca<\/a>.<span>&nbsp; <\/span>Ser\u00e1 a partir<br \/>\nde las 18:00 h. en el sal\u00f3n de actos.<span>&nbsp; <\/span>La<br \/>\nduraci\u00f3n estimada es de una hora y est\u00e1 dirigido a todos los p\u00fablicos.&nbsp;<\/span><\/span><\/p>\n<p style=\"text-align: justify;\"><span style=\"font-size: medium;\"><\/span><\/p>\n<div style=\"clear: both; text-align: center;\"><span style=\"font-size: medium;\"><a href=\"https:\/\/blogger.googleusercontent.com\/img\/b\/R29vZ2xl\/AVvXsEj8DMXf_mcO03qyqnCLaYo99l5ggwCkv2Xq040XiONJ_ieogZO54K_KY42IQU9MrjysMPnz7c9u5_QxMAHPiG0ibJRnbfCf99KPFq360pX-nlFV1ZiRMK414QqMaXRArPV8n-2eko2hfk4\/s600\/cartel+cambio+clim%25C3%25A1tico+%2528superweb%2529.jpg\" style=\"margin-left: 1em; margin-right: 1em;\"><img loading=\"lazy\" decoding=\"async\" border=\"0\" data-original-height=\"600\" data-original-width=\"424\" height=\"640\" src=\"https:\/\/blogger.googleusercontent.com\/img\/b\/R29vZ2xl\/AVvXsEj8DMXf_mcO03qyqnCLaYo99l5ggwCkv2Xq040XiONJ_ieogZO54K_KY42IQU9MrjysMPnz7c9u5_QxMAHPiG0ibJRnbfCf99KPFq360pX-nlFV1ZiRMK414QqMaXRArPV8n-2eko2hfk4\/w452-h640\/cartel+cambio+clim%25C3%25A1tico+%2528superweb%2529.jpg\" width=\"452\" \/><\/a><\/span><\/div>\n<p><span style=\"font-size: medium;\"><br \/>&nbsp;<\/span><\/p>\n","protected":false},"excerpt":{"rendered":"<p>El viernes 4 de junio se celebra en Juzbado un encuentro para hablar de Cambio Clim\u00e1tico.&nbsp; Se trata de la primera ocasi\u00f3n en que un experto compartir\u00e1 sus conocimientos en torno al fen\u00f3meno clim\u00e1tico con los vecinos de Juzbado. &nbsp;Se trata de Jos\u00e9 Abel Flores, catedr\u00e1tico de paleontolog\u00eda en el Departamento de Geolog\u00eda de la [&hellip;]<\/p>\n","protected":false},"author":2,"featured_media":0,"comment_status":"open","ping_status":"open","sticky":false,"template":"","format":"standard","meta":{"saved_in_kubio":false,"footnotes":""},"categories":[573,606,607,381,196],"tags":[],"class_list":["post-291","post","type-post","status-publish","format-standard","hentry","category-573","category-cambio-climatico","category-jose-abel-flores-villarejo","category-junio","category-provincia-universitaria"],"_links":{"self":[{"href":"https:\/\/juzbado.es\/nuevaweb\/wp-json\/wp\/v2\/posts\/291","targetHints":{"allow":["GET"]}}],"collection":[{"href":"https:\/\/juzbado.es\/nuevaweb\/wp-json\/wp\/v2\/posts"}],"about":[{"href":"https:\/\/juzbado.es\/nuevaweb\/wp-json\/wp\/v2\/types\/post"}],"author":[{"embeddable":true,"href":"https:\/\/juzbado.es\/nuevaweb\/wp-json\/wp\/v2\/users\/2"}],"replies":[{"embeddable":true,"href":"https:\/\/juzbado.es\/nuevaweb\/wp-json\/wp\/v2\/comments?post=291"}],"version-history":[{"count":0,"href":"https:\/\/juzbado.es\/nuevaweb\/wp-json\/wp\/v2\/posts\/291\/revisions"}],"wp:attachment":[{"href":"https:\/\/juzbado.es\/nuevaweb\/wp-json\/wp\/v2\/media?parent=291"}],"wp:term":[{"taxonomy":"category","embeddable":true,"href":"https:\/\/juzbado.es\/nuevaweb\/wp-json\/wp\/v2\/categories?post=291"},{"taxonomy":"post_tag","embeddable":true,"href":"https:\/\/juzbado.es\/nuevaweb\/wp-json\/wp\/v2\/tags?post=291"}],"curies":[{"name":"wp","href":"https:\/\/api.w.org\/{rel}","templated":true}]}}