{"id":293,"date":"2021-05-21T16:06:00","date_gmt":"2021-05-21T14:06:00","guid":{"rendered":"http:\/\/juzbado.es\/nuevaweb\/2021\/05\/21\/francisco-brines-en-juzbado\/"},"modified":"2021-05-21T16:06:00","modified_gmt":"2021-05-21T14:06:00","slug":"francisco-brines-en-juzbado","status":"publish","type":"post","link":"https:\/\/juzbado.es\/nuevaweb\/2021\/05\/21\/francisco-brines-en-juzbado\/","title":{"rendered":"FRANCISCO BRINES EN JUZBADO"},"content":{"rendered":"<p style=\"text-align: justify;\"><span style=\"font-family: arial;\"><span style=\"font-size: medium;\">A mediados de junio del a\u00f1o 2013, hace ahora 8 a\u00f1os, nos<br \/>\nvisitaban los poetas Francisco Brines y Carlos Marzal.&nbsp; El primero de<br \/>\nellos ley\u00f3 dos poemas troquelados en placas de bronce situadas en las paredes<br \/>\nde la Iglesia Parroquial y del Museo de la Falla.&nbsp; Marzal le\u00eda otro par de<br \/>\npoemas en la Calle Larga y en el Mirador de la Pe\u00f1a del Castillo.&nbsp; Antonio Colinas, que nos acompa\u00f1aba aquella tarde calurosa, no lo supo hasta los instantes previos,<br \/>\nley\u00f3 tambi\u00e9n un poema suyo, <i>Amanecer<\/i>.<br \/>\n&nbsp;<\/span><\/span><\/p>\n<p style=\"text-align: justify;\"><span style=\"font-family: arial;\"><span style=\"font-size: medium;\">El pasado 14 de noviembre de 2020 Brines respondi\u00f3 a la llamada del Ministro de<br \/>\nCultura para confirmar que hab\u00eda ganado el Miguel de Cervantes, el galard\u00f3n<br \/>\nm\u00e1s prestigioso de las letras castellanas. &nbsp;En un estado de salud muy<br \/>\ndelicado, hace pocos d\u00edas, el 12 de mayo, Brines <a href=\"http:\/\/juzbado.blogspot.com\/\" target=\"_blank\">acog\u00eda a los Reyes en su casa de Oliva<\/a> (Valencia) -y no en el paraninfo de la Universidad de Alcal\u00e1 de<br \/>\nHenares como es habitual-, para recibir el premio.&nbsp;&nbsp;<\/span><\/span><\/p>\n<p style=\"text-align: justify;\"><span style=\"font-family: arial;\"><span style=\"font-size: medium;\">Hoy tenemos que<br \/>\nlamentar su fallecimiento.&nbsp; Paco, \u00faltimo representante de la prodigiosa<br \/>\ngeneraci\u00f3n de los 50, nos deja un legado incalculable y en Juzbado, una tarde<br \/>\nmaravillosa de junio con vecinos y amigos&#8230; y dos de sus versos: <a href=\"http:\/\/juzbado.blogspot.com\/\" target=\"_blank\"><i>La<br \/>\nrosa de las noches <\/i>y <i>El vaso quebrado<\/i><\/a>.<br \/>\nQu\u00e9 mejor homenaje le podemos rendir que acerc\u00e1ndonos a releerlos.<\/span><\/span><\/p>\n<p style=\"text-align: justify;\"><span style=\"font-family: arial;\"><span style=\"font-size: medium;\">&nbsp;<\/span><\/span><\/p>\n<div style=\"clear: both; text-align: center;\"><span style=\"font-size: medium;\"><a href=\"https:\/\/blogger.googleusercontent.com\/img\/b\/R29vZ2xl\/AVvXsEjC7s-goMkDUiYh79X-vBHGXIl2NZhk93LWm2k8cIjt_o7Pn5P4-h56oLpAZdVaDMOreTF2XOVjXnfRdHZ3WlGmba9VPpS3Ht7vBTtvYuZ0BIK7sqkvSkQORGmcql7l0Ds5AkPyGXnqhc8\/s800\/_DSC2812+%2528Copiar%2529.JPG\" style=\"margin-left: 1em; margin-right: 1em;\"><img loading=\"lazy\" decoding=\"async\" border=\"0\" data-original-height=\"531\" data-original-width=\"800\" height=\"424\" src=\"https:\/\/blogger.googleusercontent.com\/img\/b\/R29vZ2xl\/AVvXsEjC7s-goMkDUiYh79X-vBHGXIl2NZhk93LWm2k8cIjt_o7Pn5P4-h56oLpAZdVaDMOreTF2XOVjXnfRdHZ3WlGmba9VPpS3Ht7vBTtvYuZ0BIK7sqkvSkQORGmcql7l0Ds5AkPyGXnqhc8\/w640-h424\/_DSC2812+%2528Copiar%2529.JPG\" width=\"640\" \/><\/a><\/span><\/div>\n<p><span style=\"font-size: medium;\"><br \/><\/span><\/p>\n","protected":false},"excerpt":{"rendered":"<p>A mediados de junio del a\u00f1o 2013, hace ahora 8 a\u00f1os, nos visitaban los poetas Francisco Brines y Carlos Marzal.&nbsp; El primero de ellos ley\u00f3 dos poemas troquelados en placas de bronce situadas en las paredes de la Iglesia Parroquial y del Museo de la Falla.&nbsp; Marzal le\u00eda otro par de poemas en la Calle [&hellip;]<\/p>\n","protected":false},"author":2,"featured_media":0,"comment_status":"open","ping_status":"open","sticky":false,"template":"","format":"standard","meta":{"saved_in_kubio":false,"footnotes":""},"categories":[616,573,614,615,613,340],"tags":[],"class_list":["post-293","post","type-post","status-publish","format-standard","hentry","category-616","category-573","category-antonio-colinas","category-carlos-marzal","category-francisco-brines","category-juzbado-libro-abierto"],"_links":{"self":[{"href":"https:\/\/juzbado.es\/nuevaweb\/wp-json\/wp\/v2\/posts\/293","targetHints":{"allow":["GET"]}}],"collection":[{"href":"https:\/\/juzbado.es\/nuevaweb\/wp-json\/wp\/v2\/posts"}],"about":[{"href":"https:\/\/juzbado.es\/nuevaweb\/wp-json\/wp\/v2\/types\/post"}],"author":[{"embeddable":true,"href":"https:\/\/juzbado.es\/nuevaweb\/wp-json\/wp\/v2\/users\/2"}],"replies":[{"embeddable":true,"href":"https:\/\/juzbado.es\/nuevaweb\/wp-json\/wp\/v2\/comments?post=293"}],"version-history":[{"count":0,"href":"https:\/\/juzbado.es\/nuevaweb\/wp-json\/wp\/v2\/posts\/293\/revisions"}],"wp:attachment":[{"href":"https:\/\/juzbado.es\/nuevaweb\/wp-json\/wp\/v2\/media?parent=293"}],"wp:term":[{"taxonomy":"category","embeddable":true,"href":"https:\/\/juzbado.es\/nuevaweb\/wp-json\/wp\/v2\/categories?post=293"},{"taxonomy":"post_tag","embeddable":true,"href":"https:\/\/juzbado.es\/nuevaweb\/wp-json\/wp\/v2\/tags?post=293"}],"curies":[{"name":"wp","href":"https:\/\/api.w.org\/{rel}","templated":true}]}}