{"id":295,"date":"2021-05-11T09:41:00","date_gmt":"2021-05-11T07:41:00","guid":{"rendered":"http:\/\/juzbado.es\/nuevaweb\/2021\/05\/11\/restauracion-de-la-ermita-de-san-miguel\/"},"modified":"2021-05-11T09:41:00","modified_gmt":"2021-05-11T07:41:00","slug":"restauracion-de-la-ermita-de-san-miguel","status":"publish","type":"post","link":"https:\/\/juzbado.es\/nuevaweb\/2021\/05\/11\/restauracion-de-la-ermita-de-san-miguel\/","title":{"rendered":"RESTAURACI\u00d3N DE LA ERMITA DE SAN MIGUEL"},"content":{"rendered":"<p style=\"text-align: justify;\"><span style=\"font-size: medium;\"><span style=\"font-family: arial;\">El centro bot\u00e1nico de Juzbado, ubicado en la vieja ermita de<br \/>\nSan Miguel, comienza a andar tras la inauguraci\u00f3n que han celebrado sus<br \/>\nvecinos. <span>&nbsp;<\/span>El pasado d\u00eda 8 de mayo se<br \/>\npresentaron en comunidad los trabajos realizados en este inmueble adquirido<br \/>\na\u00f1os atr\u00e1s por el consistorio. El acto, previo a una inauguraci\u00f3n oficial con<br \/>\nlas entidades y administraciones implicadas previsto para este oto\u00f1o, estaba<br \/>\ndirigido espec\u00edficamente a los vecinos y, en particular, a aquellos mayores que<br \/>\ndesconoc\u00edan la evoluci\u00f3n de los trabajos realizados de los \u00faltimos dos<br \/>\na\u00f1os.<span>&nbsp;&nbsp;<\/span><\/span><\/span><\/p>\n<p style=\"text-align: justify;\"><span style=\"font-size: medium;\"><span style=\"font-family: arial;\"><span><\/p>\n<table align=\"center\" cellpadding=\"0\" cellspacing=\"0\" style=\"margin-left: auto; margin-right: auto;\">\n<tbody>\n<tr>\n<td style=\"text-align: center;\"><a href=\"https:\/\/blogger.googleusercontent.com\/img\/b\/R29vZ2xl\/AVvXsEiP5zq_jmXqI4WmhF2NrT-y1FkIIyo_ONYfQKHC_KYGXPEF6OIHFKd_C9j5EtBNraDzSZzcEaFgfOVBlChiptWbzurtKhYrbQ-OPQ5AArYAiUsc2YjEO7cuiYIk2gWZqMDUVHA-rV6vs2M\/s800\/CENTRO+BOT%25C3%2581NICO+MAYO+2021+%252814%2529+%2528superweb%2529.jpg\" style=\"margin-left: auto; margin-right: auto;\"><img loading=\"lazy\" decoding=\"async\" border=\"0\" data-original-height=\"360\" data-original-width=\"800\" height=\"288\" src=\"https:\/\/blogger.googleusercontent.com\/img\/b\/R29vZ2xl\/AVvXsEiP5zq_jmXqI4WmhF2NrT-y1FkIIyo_ONYfQKHC_KYGXPEF6OIHFKd_C9j5EtBNraDzSZzcEaFgfOVBlChiptWbzurtKhYrbQ-OPQ5AArYAiUsc2YjEO7cuiYIk2gWZqMDUVHA-rV6vs2M\/w640-h288\/CENTRO+BOT%25C3%2581NICO+MAYO+2021+%252814%2529+%2528superweb%2529.jpg\" width=\"640\" \/><\/a><\/td>\n<\/tr>\n<tr>\n<td style=\"text-align: center;\">Aspecto del arco restaurado y la inscripci\u00f3n con la dataci\u00f3n del mismo.<\/td>\n<\/tr>\n<\/tbody>\n<\/table>\n<p><\/span><\/span><\/span><span style=\"font-size: medium;\"><span style=\"font-family: arial;\"><span> <\/span><\/span><\/span><span style=\"font-size: medium;\"><span style=\"font-family: arial;\"><span><\/p>\n<table align=\"center\" cellpadding=\"0\" cellspacing=\"0\" style=\"margin-left: auto; margin-right: auto;\">\n<tbody>\n<tr>\n<td style=\"text-align: center;\"><a href=\"https:\/\/blogger.googleusercontent.com\/img\/b\/R29vZ2xl\/AVvXsEj2ELBZgEc2UNvb5UCtiUfqkdweLft6-u-jfV-yEY4EyaeidhYTgUeMI7Vm06Ye-fwke5xiV2-M0geJFXJDircEqVJo7mZPQ7h9Yyx5cp7iiZDX7_dFOFYEYI9oWG4BGqajeiS9RYAZbfA\/s800\/CENTRO+BOT%25C3%2581NICO+MAYO+2021+%25288%2529+%2528superweb%2529.jpg\" style=\"margin-left: auto; margin-right: auto;\"><img loading=\"lazy\" decoding=\"async\" border=\"0\" data-original-height=\"360\" data-original-width=\"800\" height=\"288\" src=\"https:\/\/blogger.googleusercontent.com\/img\/b\/R29vZ2xl\/AVvXsEj2ELBZgEc2UNvb5UCtiUfqkdweLft6-u-jfV-yEY4EyaeidhYTgUeMI7Vm06Ye-fwke5xiV2-M0geJFXJDircEqVJo7mZPQ7h9Yyx5cp7iiZDX7_dFOFYEYI9oWG4BGqajeiS9RYAZbfA\/w640-h288\/CENTRO+BOT%25C3%2581NICO+MAYO+2021+%25288%2529+%2528superweb%2529.jpg\" width=\"640\" \/><\/a><\/td>\n<\/tr>\n<tr>\n<td style=\"text-align: center;\">Vista general del interior de la ermita y futuro centro bot\u00e1nico.<\/td>\n<\/tr>\n<\/tbody>\n<\/table>\n<p><\/span><\/span><\/span><\/p>\n<div style=\"text-align: justify;\"><span style=\"font-size: medium;\"><span style=\"font-family: arial;\"><\/p>\n<p><\/span><\/span><\/div>\n<p style=\"text-align: justify;\"><span style=\"font-size: medium;\"><span style=\"font-family: arial;\">El edificio, antiguo \u201csitio de San Miguel\u201d, conocido por<br \/>\ntodos como una panera y, en los \u00faltimos tiempos, un lugar abandonado, se ha<br \/>\nrestaurado \u00edntegramente gracias a la colaboraci\u00f3n de entidades como la <a href=\"https:\/\/www.jcyl.es\/\" target=\"_blank\">Junta de Castilla y Le\u00f3n<\/a>, <a href=\"https:\/\/www.enusa.es\/\" target=\"_blank\">ENUSA Industrias Avanzadas<\/a>, la <a href=\"http:\/\/www.lasalina.es\/\" target=\"_blank\">Diputaci\u00f3n de Salamanca<\/a>, la <a href=\"https:\/\/usal.es\/\" target=\"_blank\">Universidad de Salamanca<\/a>, <span>&nbsp;<\/span>El Corte Ingl\u00e9s y fondos<br \/>\npropios.<span>&nbsp; <\/span>Se trata de un reto de magnitud<br \/>\nconsiderable al encontrarse el edifico en ruinas y con parte de su arco datado<br \/>\nen el siglo XVIII apuntalado y pr\u00e1cticamente a punto de colapsar.<span>&nbsp; <\/span>En el arco a\u00fan se puede leer \u201cesta obra la hizo<br \/>\nJos\u00e9 Sandoval en el a\u00f1o 1775\u201d.<span>&nbsp;&nbsp;<\/span><\/span><\/span><\/p>\n<p style=\"text-align: justify;\"><span style=\"font-size: medium;\"><span style=\"font-family: arial;\">La restauraci\u00f3n<span>&nbsp; <\/span>ha consistido en levantar los muros<br \/>\nperimetrales, reforzar los pies del arco para sostenerlo, restaurar el arco en<br \/>\nsu totalidad y colocar una nueva cubierta.<span>&nbsp;<br \/>\n<\/span>El edificio cuenta ahora con una calefacci\u00f3n radiante mediante aerotermia<br \/>\ny un gran espacio donde albergar el fondo bot\u00e1nico de los Krause.<span>&nbsp; <\/span>Asimismo, la ermita cuenta tambi\u00e9n con una sala<br \/>\naneja con ba\u00f1o y cocina.<span>&nbsp; <\/span>El espacio<br \/>\ncentral se divide en dos partes, una a cada lado del arco cenital, y la m\u00e1s grande<br \/>\ncuenta con un altillo. <span>&nbsp;<\/span>El amueblamiento<br \/>\nes obra del carpintero local \u00d3scar Mart\u00edn que ha hecho un trabajo magn\u00edfico<br \/>\npara almacenar los m\u00e1s de 3.000 vol\u00famenes de libros y legajos de asuntos bot\u00e1nicos.<br \/>\n<span>&nbsp;<\/span>El dise\u00f1o de restauraci\u00f3n de la ermita<br \/>\nes obra del arquitecto salmantino <a href=\"https:\/\/www.sanchezgilarquitectos.com\/\" target=\"_blank\">Emilio S\u00e1nchez Gil<\/a>.<\/span><\/span><\/p>\n<p style=\"text-align: justify;\"><span style=\"font-size: medium;\"><span style=\"font-family: arial;\"><\/p>\n<table align=\"center\" cellpadding=\"0\" cellspacing=\"0\" style=\"margin-left: auto; margin-right: auto;\">\n<tbody>\n<tr>\n<td style=\"text-align: center;\"><a href=\"https:\/\/blogger.googleusercontent.com\/img\/b\/R29vZ2xl\/AVvXsEj2wQpQCv9f-llBg_rCghbJETxlstKPYqVdu7s0XsYFlZLi-lLTXZePq3Vs03dN2-KxwHuLQFrQxy3Il9W8-iy2UPylZy6VJXc8IMPy1Tztn3XAE_WeJO11_fmX9DxQNB5zM1DHzLccCkY\/s2642\/20210508_190928.jpg\" style=\"margin-left: auto; margin-right: auto;\"><img loading=\"lazy\" decoding=\"async\" border=\"0\" data-original-height=\"1190\" data-original-width=\"2642\" height=\"288\" src=\"https:\/\/blogger.googleusercontent.com\/img\/b\/R29vZ2xl\/AVvXsEj2wQpQCv9f-llBg_rCghbJETxlstKPYqVdu7s0XsYFlZLi-lLTXZePq3Vs03dN2-KxwHuLQFrQxy3Il9W8-iy2UPylZy6VJXc8IMPy1Tztn3XAE_WeJO11_fmX9DxQNB5zM1DHzLccCkY\/w640-h288\/20210508_190928.jpg\" width=\"640\" \/><\/a><\/td>\n<\/tr>\n<tr>\n<td style=\"text-align: center;\">Vecinos de Juzbado en el acto de inauguraci\u00f3n vecinal de las obras de la Ermita.<\/td>\n<\/tr>\n<\/tbody>\n<\/table>\n<p><\/span><\/span><\/p>\n","protected":false},"excerpt":{"rendered":"<p>El centro bot\u00e1nico de Juzbado, ubicado en la vieja ermita de San Miguel, comienza a andar tras la inauguraci\u00f3n que han celebrado sus vecinos. &nbsp;El pasado d\u00eda 8 de mayo se presentaron en comunidad los trabajos realizados en este inmueble adquirido a\u00f1os atr\u00e1s por el consistorio. El acto, previo a una inauguraci\u00f3n oficial con las [&hellip;]<\/p>\n","protected":false},"author":2,"featured_media":0,"comment_status":"open","ping_status":"open","sticky":false,"template":"","format":"standard","meta":{"saved_in_kubio":false,"footnotes":""},"categories":[81,618,617,184,359],"tags":[],"class_list":["post-295","post","type-post","status-publish","format-standard","hentry","category-centro-botanico","category-ermita-de-san-miguel","category-inauguracion","category-mayo","category-vecinos"],"_links":{"self":[{"href":"https:\/\/juzbado.es\/nuevaweb\/wp-json\/wp\/v2\/posts\/295","targetHints":{"allow":["GET"]}}],"collection":[{"href":"https:\/\/juzbado.es\/nuevaweb\/wp-json\/wp\/v2\/posts"}],"about":[{"href":"https:\/\/juzbado.es\/nuevaweb\/wp-json\/wp\/v2\/types\/post"}],"author":[{"embeddable":true,"href":"https:\/\/juzbado.es\/nuevaweb\/wp-json\/wp\/v2\/users\/2"}],"replies":[{"embeddable":true,"href":"https:\/\/juzbado.es\/nuevaweb\/wp-json\/wp\/v2\/comments?post=295"}],"version-history":[{"count":0,"href":"https:\/\/juzbado.es\/nuevaweb\/wp-json\/wp\/v2\/posts\/295\/revisions"}],"wp:attachment":[{"href":"https:\/\/juzbado.es\/nuevaweb\/wp-json\/wp\/v2\/media?parent=295"}],"wp:term":[{"taxonomy":"category","embeddable":true,"href":"https:\/\/juzbado.es\/nuevaweb\/wp-json\/wp\/v2\/categories?post=295"},{"taxonomy":"post_tag","embeddable":true,"href":"https:\/\/juzbado.es\/nuevaweb\/wp-json\/wp\/v2\/tags?post=295"}],"curies":[{"name":"wp","href":"https:\/\/api.w.org\/{rel}","templated":true}]}}